{"id":391142,"date":"2025-09-14T21:49:11","date_gmt":"2025-09-14T21:49:11","guid":{"rendered":"https:\/\/www.europesays.com\/fr\/391142\/"},"modified":"2025-09-14T21:49:11","modified_gmt":"2025-09-14T21:49:11","slug":"top-14-les-notes-de-racing-92-bordeaux-begles-habosi-et-spring-intouchables-penaud-aux-abonnes-absents","status":"publish","type":"post","link":"https:\/\/www.europesays.com\/fr\/391142\/","title":{"rendered":"Top 14 &#8211; Les notes de Racing 92 &#8211; Bordeaux-B\u00e8gles : Habosi et Spring intouchables, Penaud aux abonn\u00e9s absents"},"content":{"rendered":"<p>\n                En conclusion de la deuxi\u00e8me journ\u00e9e de Top 14, le Racing 92 a dispos\u00e9 de l&rsquo;UBB gr\u00e2ce \u00e0 une p\u00e9riode impressionnante (44-32). Les titulaires franciliens ont surclass\u00e9 les Girondins, gr\u00e2ce \u00e0 un tripl\u00e9 de Max Spring.\u00a0\n            <\/p>\n<p>Les tops<\/p>\n<p data-end=\"854\" data-start=\"0\">On attendait le talent de Penaud, Bielle-Biarrey, ou encore Depoortere, c&rsquo;est Max Spring qui a pris toute la lumi\u00e8re ! L&rsquo;habituel arri\u00e8re \u00e9tait titularis\u00e9 \u00e0 l&rsquo;aile contre l&rsquo;UBB, et a inscrit le premier tripl\u00e9 de la saison, en un peu plus de onze minutes. Sur sa premi\u00e8re r\u00e9alisation, il est plac\u00e9 au bon endroit apr\u00e8s un exploit personnel de son demi L\u00e9o Carbonneau. Une connexion qu&rsquo;on retrouve sur son deuxi\u00e8me essai, o\u00f9 il se joue tout de m\u00eame de Jon Echegaray en choisissant \u00e0 juste titre de poursuivre au pied. Il est encore plus impressionnant\u00a0sur son tripl\u00e9 en slalomant parmi les avants attentistes girondins apr\u00e8s une touche gagn\u00e9e par son alignement. Meilleur franchisseur du championnat la saison derni\u00e8re, le Racingman &#8211; parfois sous-cot\u00e9 &#8211; a marqu\u00e9 les esprits face au champion d&rsquo;Europe en titre.<\/p>\n<p data-end=\"1325\" data-start=\"856\">Dans cette ligne de trois-quarts francilienne, bien des joueurs auraient pu \u00eatre mis en avant. On a choisi de parler de Vinaya Habosi, et surtout de son talent fou. Comment fait-il pour transmettre \u00e0 Naituvi sur l&rsquo;essai de Carbonneau ? Et on ne parle m\u00eame pas de son offload absolument g\u00e9nial pour Seunes qui am\u00e8ne trois nouveaux points pour son \u00e9quipe&#8230; Avec son nouveau comp\u00e8re au centre Joey Manu, le Fidjien a \u00e9teint la ligne arri\u00e8re girondine. Dans une deuxi\u00e8me p\u00e9riode plus compliqu\u00e9e, il r\u00e9alise un bon retour sur un ballon dangereux. Vigilant jusqu&rsquo;au bout.\u00a0<\/p>\n<p data-end=\"1929\" data-start=\"1327\">L&rsquo;international anglais ne fait pas rigoler. Clairement, il ne donne pas envie de se frotter \u00e0 lui en un contre un. Monstre de puissance, comme bon nombre de Franciliens align\u00e9s par Patrice Collazo, il a constamment fait avancer son \u00e9quipe. Certes, il a connu du d\u00e9chet, comme sur cette action o\u00f9 il veut marquer en solitaire au lieu de rechercher du soutien. Mais on lui pardonnera volontiers ces quelques b\u00e9vues, car \u00e0 c\u00f4t\u00e9 de \u00e7a, il s&rsquo;est envoy\u00e9 comme un jeunot du haut de ses 34 printemps. Il renverse d&rsquo;ailleurs plusieurs d\u00e9fenseurs sur le cinqui\u00e8me essai de son \u00e9quipe, mais il sort peut-\u00eatre un peu trop t\u00f4t dans la rencontre. Patrice Collazo attendait que les rempla\u00e7ants fassent encore mieux que les titulaires, cela n&rsquo;a pas \u00e9t\u00e9 le cas. Dommage, car le Racing a laiss\u00e9 \u00e9chapper un bonus qui lui tendait les bras.<\/p>\n<p>Les flops<\/p>\n<p data-end=\"951\" data-start=\"0\">L\u2019arri\u00e8re girondin n\u2019a rien r\u00e9ussi sur la pelouse de la Paris La D\u00e9fense Arena. Habituellement tr\u00e8s fiable dans le second rideau, Echegaray \u00e9tait \u00e0 c\u00f4t\u00e9 de ses pompes lors de cette partie. Tout a commenc\u00e9 peu apr\u00e8s le quart d\u2019heure de jeu, o\u00f9 le num\u00e9ro quinze a envoy\u00e9 un coup de pied directement en touche alors qu\u2019il n\u2019\u00e9tait pas sous pression. \u00c0 la 22e minute, alors que l\u2019UBB avait un ballon gratuit apr\u00e8s un en-avant racingman, l\u2019international U20 a laiss\u00e9 \u00e9chapper le ballon. Une erreur qui a annihil\u00e9 une des rares offensives des siens dans le premier acte. Et puis, \u00e0 la demi-heure, Echegaray a mal n\u00e9goci\u00e9 un coup de pied adverse. Mis sous pression, il n\u2019a pas pu d\u00e9gager comme voulu son camp. R\u00e9sultat : une munition rendue au Racing, qui a franchi la ligne. Un essai finalement refus\u00e9. \u00c9ni\u00e8me coup dur, le dernier, le Girondin a \u00e9t\u00e9 remplac\u00e9 \u00e0 la 31e minute. Le calice jusqu\u2019\u00e0 la lie. Il est revenu en fin de rencontre.<\/p>\n<p data-end=\"1557\" data-start=\"953\">L\u2019international n\u2019a pas pass\u00e9 la plus belle soir\u00e9e de sa carri\u00e8re du c\u00f4t\u00e9 de Nanterre. Pire, l\u2019ancien Clermontois s\u2019est rendu coupable de plusieurs b\u00e9vues. Juste avant la mi-temps, alors qu\u2019il avait du champ devant lui, Penaud a pr\u00e9f\u00e9r\u00e9 jouer au pied. Probl\u00e8me : le ballon est directement sorti en touche. \u00c0 la 55e, l\u2019ailier a commis un en-avant dans son camp. Sur l\u2019action du troisi\u00e8me essai du Racing, inscrit par Spring, il a subi physiquement face \u00e0 Habosi. Nous sommes peut-\u00eatre mal habitu\u00e9s avec lui, mais nous ne l\u2019avons pas vu sous son meilleur jour. C\u2019est une certitude.<\/p>\n<p>Auteur d\u2019une derni\u00e8re saison monumentale, le deuxi\u00e8me ligne girondin a rendu une copie loin de ses standards ce dimanche soir. En d\u00e9fense, il a manqu\u00e9 trois plaquages sur huit tent\u00e9s. Discret dans le jeu, ce qui n\u2019est pas son habitude, le num\u00e9ro cinq a \u00e9galement \u00e9t\u00e9 p\u00e9nalis\u00e9 une fois. Remplac\u00e9 durant le second acte par Yannick Bru, Cazeaux a notamment souffert de la comparaison avec son co\u00e9quipier Boris Palu, qui a \u00e9t\u00e9 beaucoup plus actif.<\/p>\n<p>    Les notes de Racing 92 &#8211; UBB<br \/>\n    Racing 92<\/p>\n<ul>\n<li>15. Sam James : 5,5\/10<\/li>\n<li>14. Wame Naituvi : non-not\u00e9, remplac\u00e9 \u00e0 la\u00a020e par Tuisova : 6\/10<\/li>\n<li>13. Vinaya Habosi : 8,5\/10<\/li>\n<li>12. Joey Manu : 7\/10<\/li>\n<li>11. Max Spring : 8,5\/10<\/li>\n<li>10. Ugo Seunes : 7,5\/10<\/li>\n<li>9. L\u00e9o Carbonneau : 5,5\/10<\/li>\n<li>8. Nathan Hughes : 7,5\/10<\/li>\n<li>7. Ibrahim Diallo : 7\/10<\/li>\n<li>6. Soumaila Camara : 5\/10<\/li>\n<li>5. Thomas Lainault : 5\/10<\/li>\n<li>4. Jonny Hill : 6\/10<\/li>\n<li>3. Demba Bamba : 5,5\/10<\/li>\n<li>2. Jannick Tarrit : 5\/10<\/li>\n<li>1. Hassane Kolingar : 6\/10<\/li>\n<\/ul>\n<p>Bordeaux-B\u00e8gles<\/p>\n<ul>\n<li>15. Jon Echegaray : 3\/10<\/li>\n<li>14. Damian Penaud : 3\/10<\/li>\n<li>13. Nicolas Depoortere : 5\/10<\/li>\n<li>12. Adrien Drault : 4\/10<\/li>\n<li>11. Louis Bielle-Biarrey : 5,5\/10<\/li>\n<li>10. Joey Carbery : 4\/10<\/li>\n<li>9. Martin Page-Relo : 4,5\/10<\/li>\n<li>8. Marko Gazzotti : 4,5\/10<\/li>\n<li>7. Cameron Woki : 4\/10<\/li>\n<li>6. Pierre Bochaton : 5\/10<\/li>\n<li>5. Cyril Cazeaux : 3,5\/10<\/li>\n<li>4. Boris Palu : 6\/10<\/li>\n<li>3. Sipili Falatea : 5\/10<\/li>\n<li>2. Gaetan Barlot : 3,5\/10<\/li>\n<li>1. Jefferson Poirot : 4\/10<\/li>\n<\/ul>\n","protected":false},"excerpt":{"rendered":"En conclusion de la deuxi\u00e8me journ\u00e9e de Top 14, le Racing 92 a dispos\u00e9 de l&rsquo;UBB gr\u00e2ce \u00e0&hellip;\n","protected":false},"author":2,"featured_media":391143,"comment_status":"","ping_status":"","sticky":false,"template":"","format":"standard","meta":{"footnotes":""},"categories":[2817],"tags":[1111,11,1997,1777,674,1011,27,12,2219,25],"class_list":{"0":"post-391142","1":"post","2":"type-post","3":"status-publish","4":"format-standard","5":"has-post-thumbnail","7":"category-bordeaux","8":"tag-actu","9":"tag-actualites","10":"tag-bordeaux","11":"tag-eu","12":"tag-europe","13":"tag-fr","14":"tag-france","15":"tag-news","16":"tag-nouvelle-aquitaine","17":"tag-republique-francaise"},"share_on_mastodon":{"url":"https:\/\/pubeurope.com\/@fr\/115204860830297794","error":""},"_links":{"self":[{"href":"https:\/\/www.europesays.com\/fr\/wp-json\/wp\/v2\/posts\/391142","targetHints":{"allow":["GET"]}}],"collection":[{"href":"https:\/\/www.europesays.com\/fr\/wp-json\/wp\/v2\/posts"}],"about":[{"href":"https:\/\/www.europesays.com\/fr\/wp-json\/wp\/v2\/types\/post"}],"author":[{"embeddable":true,"href":"https:\/\/www.europesays.com\/fr\/wp-json\/wp\/v2\/users\/2"}],"replies":[{"embeddable":true,"href":"https:\/\/www.europesays.com\/fr\/wp-json\/wp\/v2\/comments?post=391142"}],"version-history":[{"count":0,"href":"https:\/\/www.europesays.com\/fr\/wp-json\/wp\/v2\/posts\/391142\/revisions"}],"wp:featuredmedia":[{"embeddable":true,"href":"https:\/\/www.europesays.com\/fr\/wp-json\/wp\/v2\/media\/391143"}],"wp:attachment":[{"href":"https:\/\/www.europesays.com\/fr\/wp-json\/wp\/v2\/media?parent=391142"}],"wp:term":[{"taxonomy":"category","embeddable":true,"href":"https:\/\/www.europesays.com\/fr\/wp-json\/wp\/v2\/categories?post=391142"},{"taxonomy":"post_tag","embeddable":true,"href":"https:\/\/www.europesays.com\/fr\/wp-json\/wp\/v2\/tags?post=391142"}],"curies":[{"name":"wp","href":"https:\/\/api.w.org\/{rel}","templated":true}]}}