{"id":391154,"date":"2025-09-14T21:56:15","date_gmt":"2025-09-14T21:56:15","guid":{"rendered":"https:\/\/www.europesays.com\/fr\/391154\/"},"modified":"2025-09-14T21:56:15","modified_gmt":"2025-09-14T21:56:15","slug":"lyon-olma-le-nouveau-club-a-taille-humaine-veut-devenir-une-reference-des-nuits-lyonnaises","status":"publish","type":"post","link":"https:\/\/www.europesays.com\/fr\/391154\/","title":{"rendered":"Lyon. OLMA, le nouveau club \u00ab\u00a0\u00e0 taille humaine\u00a0\u00bb veut devenir une r\u00e9f\u00e9rence des nuits lyonnaises"},"content":{"rendered":"<p>Termin\u00e9 le Terminal. L\u2019incontournable club techno a fait les beaux jours des noctambules, mais la f\u00eate est finie.<\/p>\n<p>Une nouvelle bo\u00eete a vu le jour \u00e0 la m\u00eame adresse, rue Terme, sur les pentes de la Croix-Rousse. Nouveau patron, nouveau nom, nouvelle d\u00e9co. Et surtout nouveau virage. OLMA pour Only Love and Music Around, que l\u2019on pourrait traduire par ce beau pr\u00e9cepte, \u00ab\u00a0Que de l\u2019amour et de la musique autour\u00a0\u00bb, a ouvert officiellement ses portes le 4\u00a0septembre. Aux commandes, Florian Satin, originaire de Cailloux-sur-Fontaines.<\/p>\n<p>Un nouveau d\u00e9fi<\/p>\n<p>\u00c0 35 ans, le jeune homme ouvre&#8230;<\/p>\n","protected":false},"excerpt":{"rendered":"Termin\u00e9 le Terminal. L\u2019incontournable club techno a fait les beaux jours des noctambules, mais la f\u00eate est finie.&hellip;\n","protected":false},"author":2,"featured_media":391155,"comment_status":"","ping_status":"","sticky":false,"template":"","format":"standard","meta":{"footnotes":""},"categories":[1889],"tags":[1111,11,2430,1687,2757,1777,674,1011,27,2428,2756,873,12,25],"class_list":{"0":"post-391154","1":"post","2":"type-post","3":"status-publish","4":"format-standard","5":"has-post-thumbnail","7":"category-lyon","8":"tag-actu","9":"tag-actualites","10":"tag-auvergne-rhone-alpes","11":"tag-culture-loisirs","12":"tag-edition-lyon-villeurbanne","13":"tag-eu","14":"tag-europe","15":"tag-fr","16":"tag-france","17":"tag-lyon","18":"tag-lyon-bassin","19":"tag-musique","20":"tag-news","21":"tag-republique-francaise"},"share_on_mastodon":{"url":"https:\/\/pubeurope.com\/@fr\/115204887943626695","error":""},"_links":{"self":[{"href":"https:\/\/www.europesays.com\/fr\/wp-json\/wp\/v2\/posts\/391154","targetHints":{"allow":["GET"]}}],"collection":[{"href":"https:\/\/www.europesays.com\/fr\/wp-json\/wp\/v2\/posts"}],"about":[{"href":"https:\/\/www.europesays.com\/fr\/wp-json\/wp\/v2\/types\/post"}],"author":[{"embeddable":true,"href":"https:\/\/www.europesays.com\/fr\/wp-json\/wp\/v2\/users\/2"}],"replies":[{"embeddable":true,"href":"https:\/\/www.europesays.com\/fr\/wp-json\/wp\/v2\/comments?post=391154"}],"version-history":[{"count":0,"href":"https:\/\/www.europesays.com\/fr\/wp-json\/wp\/v2\/posts\/391154\/revisions"}],"wp:featuredmedia":[{"embeddable":true,"href":"https:\/\/www.europesays.com\/fr\/wp-json\/wp\/v2\/media\/391155"}],"wp:attachment":[{"href":"https:\/\/www.europesays.com\/fr\/wp-json\/wp\/v2\/media?parent=391154"}],"wp:term":[{"taxonomy":"category","embeddable":true,"href":"https:\/\/www.europesays.com\/fr\/wp-json\/wp\/v2\/categories?post=391154"},{"taxonomy":"post_tag","embeddable":true,"href":"https:\/\/www.europesays.com\/fr\/wp-json\/wp\/v2\/tags?post=391154"}],"curies":[{"name":"wp","href":"https:\/\/api.w.org\/{rel}","templated":true}]}}