{"id":391156,"date":"2025-09-14T21:57:10","date_gmt":"2025-09-14T21:57:10","guid":{"rendered":"https:\/\/www.europesays.com\/fr\/391156\/"},"modified":"2025-09-14T21:57:10","modified_gmt":"2025-09-14T21:57:10","slug":"lentree-devastatrice-de-meite-morton-plombe-lol-les-tops-et-les-flops","status":"publish","type":"post","link":"https:\/\/www.europesays.com\/fr\/391156\/","title":{"rendered":"l\u2019entr\u00e9e d\u00e9vastatrice de Me\u00eft\u00e9, Morton plombe l\u2019OL&#8230; les tops et les flops"},"content":{"rendered":"<p>L\u2019OL a conc\u00e9d\u00e9 sa premi\u00e8re d\u00e9faite de la saison, en s\u2019inclinant \u00e0 Rennes (3-1) .Retrouvez les tops et les flops de cette rencontre au final renversant.<\/p>\n<p class=\"fig-paragraph\"><strong>TOPS<\/strong><\/p>\n<p>Rennes a de la ressource<\/p>\n<p class=\"fig-paragraph\">Le Roazhon Park, terre d\u2019\u00e9motions. Apr\u00e8s avoir arrach\u00e9 la victoire face \u00e0 l\u2019OM \u00e0 dix contre onze lors de la premi\u00e8re journ\u00e9e (1-0),\u00a0<a href=\"http:\/\/www.lefigaro.fr\/sports\/football\/ligue-1\/ligue-1-reduits-a-10-les-lyonnais-lachent-trois-points-a-rennes-20250914\" data-fig-type=\"NewsFlash\" data-gtm-custom-categorie=\"navigation\" data-gtm-custom-action=\"crossclick\" data-gtm-custom-label=\"Contextuel\" data-gtm-event=\"customEventSPE\" data-fig-domain=\"LEFIGARO\" target=\"_blank\" rel=\"noopener\">le Stade Rennais a de nouveau fait chavirer ses supporters ce dimanche<\/a>. Le sc\u00e9nario n\u2019est pas le m\u00eame, mais les Bretons ont encore fait la diff\u00e9rence en toute fin de match. Dans une rencontre longtemps ma\u00eetris\u00e9e par l\u2019OL, les Rennais ont su laisser passer l\u2019orage, avant de reprendre le fil au cours d\u2019une seconde p\u00e9riode bien plus accomplie. Le coaching d\u2019Habib Beye et l\u2019apport des entrants ont eu un impact \u00e9norme dans cette rencontre.<\/p>\n<p>                                    <a class=\"fig-a11y-skip a11y-hidden\" href=\"#fig-a11y-skip-main-inarticle\"><br \/>\n        Passer la publicit\u00e9<br \/>\n    <\/a><\/p>\n<p>Me\u00eft\u00e9, quelle entr\u00e9e\u00a0!<\/p>\n<p class=\"fig-paragraph\">Le h\u00e9ros du soir. Lanc\u00e9 \u00e0 la 69e minute \u00e0 la place d\u2019un Embolo d\u00e9cevant pour ses d\u00e9buts sous le maillot rennais, Mohamed Me\u00eft\u00e9 a r\u00e9alis\u00e9 une entr\u00e9e exceptionnelle. Dangereux sur son tout premier ballon et \u00e0 l\u2019origine de l\u2019expulsion de Morton, l\u2019attaquant de 17 ans a offert la victoire \u00e0 son \u00e9quipe, en inscrivant un doubl\u00e9 dans le temps additionnel. D\u2019abord buteur dans un angle impossible, il a ensuite achev\u00e9 les espoirs lyonnais en trompant Descamps de la t\u00eate. Le premier temps fort de la jeune carri\u00e8re du natif de Cr\u00e9teil.<\/p>\n<p>Les interventions salvatrices de Samba<\/p>\n<p class=\"fig-paragraph\">Men\u00e9s et malmen\u00e9s pendant une grande partie du match, les Rouge et Noir peuvent remercier leur gardien. \u00abJe d\u00e9die cette victoire \u00e0 Brice Samba\u00bb, a d\u2019ailleurs clam\u00e9 Habib Beye apr\u00e8s la rencontre sur Ligue 1+. L\u2019ancien Lensois, tromp\u00e9 par Tolisso en d\u00e9but de match, a d\u00fb s\u2019employer pour emp\u00eacher les Gones de doubler la mise. Auteur notamment d\u2019une double parade salvatrice face \u00e0 Merah en fin de premi\u00e8re p\u00e9riode. Le portier rennais, peu sollicit\u00e9 apr\u00e8s la pause, a n\u00e9anmoins r\u00e9alis\u00e9 un nouveau sauvetage face \u00e0 Karabec apr\u00e8s l\u2019heure de jeu. Irr\u00e9prochable ce dimanche.<\/p>\n<p><strong>FLOPS<\/strong><\/p>\n<p>Morton voit rouge<\/p>\n<p class=\"fig-paragraph\">Le tournant principal de la rencontre. S\u2019ils ont progressivement recul\u00e9 au cours de la seconde p\u00e9riode, les Gones ont compl\u00e8tement perdu le fil \u00e0 partir de l\u2019expulsion de Tyler Morton. Le milieu de terrain anglais, recrut\u00e9 cet \u00e9t\u00e9 et auteur de d\u00e9buts tr\u00e8s prometteurs, a craqu\u00e9 en voulant se rattraper d\u2019une perte de balle face \u00e0 Me\u00eft\u00e9. Son tacle d\u00e9sesp\u00e9r\u00e9 sur le jeune attaquant rennais lui a valu un carton rouge direct. \u00c0 dix contre onze, les Gones se sont finalement \u00e9croul\u00e9s, en conc\u00e9dant notamment l\u2019\u00e9galisation moins de cinq minutes apr\u00e8s cette action fatale.<\/p>\n<p>Le d\u00e9but de saison gal\u00e8re d\u2019A\u00eft Boudlal<\/p>\n<p class=\"fig-paragraph\">On l\u2019avait quitt\u00e9 sur un carton rouge re\u00e7u apr\u00e8s seulement 30 minutes de jeu face \u00e0 l\u2019OM lors de la premi\u00e8re journ\u00e9e (1-0). Suspendu deux matches suite \u00e0 cette expulsion, Abdelhamid Ait Boudlal retrouvait une place de titulaire ce dimanche au sein de la d\u00e9fense rennaise. Un retour de courte dur\u00e9e. En difficult\u00e9 dans les duels et surtout coupable sur le but lyonnais, \u00e0 cause d\u2019un marquage trop laxiste sur Tolisso, le joueur de 19 ans a d\u00fb c\u00e9der sa place d\u00e8s la pause, en raison d\u2019une blessure musculaire. Une nouvelle p\u00e9rip\u00e9tie dans un d\u00e9but de saison \u00e0 vite oublier pour l\u2019int\u00e9ress\u00e9.<\/p>\n","protected":false},"excerpt":{"rendered":"L\u2019OL a conc\u00e9d\u00e9 sa premi\u00e8re d\u00e9faite de la saison, en s\u2019inclinant \u00e0 Rennes (3-1) .Retrouvez les tops et&hellip;\n","protected":false},"author":2,"featured_media":391157,"comment_status":"","ping_status":"","sticky":false,"template":"","format":"standard","meta":{"footnotes":""},"categories":[1889],"tags":[1111,11,2430,1777,674,1011,27,2428,12,978,25,3087],"class_list":{"0":"post-391156","1":"post","2":"type-post","3":"status-publish","4":"format-standard","5":"has-post-thumbnail","7":"category-lyon","8":"tag-actu","9":"tag-actualites","10":"tag-auvergne-rhone-alpes","11":"tag-eu","12":"tag-europe","13":"tag-fr","14":"tag-france","15":"tag-lyon","16":"tag-news","17":"tag-olympique-lyonnais","18":"tag-republique-francaise","19":"tag-stade-rennais"},"share_on_mastodon":{"url":"https:\/\/pubeurope.com\/@fr\/115204891804728111","error":""},"_links":{"self":[{"href":"https:\/\/www.europesays.com\/fr\/wp-json\/wp\/v2\/posts\/391156","targetHints":{"allow":["GET"]}}],"collection":[{"href":"https:\/\/www.europesays.com\/fr\/wp-json\/wp\/v2\/posts"}],"about":[{"href":"https:\/\/www.europesays.com\/fr\/wp-json\/wp\/v2\/types\/post"}],"author":[{"embeddable":true,"href":"https:\/\/www.europesays.com\/fr\/wp-json\/wp\/v2\/users\/2"}],"replies":[{"embeddable":true,"href":"https:\/\/www.europesays.com\/fr\/wp-json\/wp\/v2\/comments?post=391156"}],"version-history":[{"count":0,"href":"https:\/\/www.europesays.com\/fr\/wp-json\/wp\/v2\/posts\/391156\/revisions"}],"wp:featuredmedia":[{"embeddable":true,"href":"https:\/\/www.europesays.com\/fr\/wp-json\/wp\/v2\/media\/391157"}],"wp:attachment":[{"href":"https:\/\/www.europesays.com\/fr\/wp-json\/wp\/v2\/media?parent=391156"}],"wp:term":[{"taxonomy":"category","embeddable":true,"href":"https:\/\/www.europesays.com\/fr\/wp-json\/wp\/v2\/categories?post=391156"},{"taxonomy":"post_tag","embeddable":true,"href":"https:\/\/www.europesays.com\/fr\/wp-json\/wp\/v2\/tags?post=391156"}],"curies":[{"name":"wp","href":"https:\/\/api.w.org\/{rel}","templated":true}]}}