{"id":391161,"date":"2025-09-14T22:03:17","date_gmt":"2025-09-14T22:03:17","guid":{"rendered":"https:\/\/www.europesays.com\/fr\/391161\/"},"modified":"2025-09-14T22:03:17","modified_gmt":"2025-09-14T22:03:17","slug":"que-tous-les-patients-beneficient-du-traitement-les-virades-reviennent-en-haute-sarthe","status":"publish","type":"post","link":"https:\/\/www.europesays.com\/fr\/391161\/","title":{"rendered":"\u00ab\u00a0Que tous les patients b\u00e9n\u00e9ficient du traitement\u00a0\u00bb\u00a0: les Virades reviennent en Haute-Sarthe"},"content":{"rendered":"<p>Yvan Garnier, c\u2019est un sportif \u00e9m\u00e9rite qui a r\u00e9alis\u00e9 un <a href=\"https:\/\/alencon.maville.com\/sport\/detail_-reportage.-dans-l-orne-yvan-garnier-a-realise-un-iron-man-solidaire-pour-vaincre-la-mucoviscidose-_13-5429120_actu.Htm\" target=\"_self\" rel=\"noopener\">Iron Man solidaire en 2022<\/a>\u00a0: 3\u00a0800\u00a0m de natation, 180\u00a0km de v\u00e9lo et, pour finir, 42\u00a0km de course \u00e0 pied. C\u2019est aussi l\u2019homme qui a <a href=\"https:\/\/alencon.maville.com\/actu\/actudet_-orne.-apres-le-succes-de-son-ironman-yvan-garnier-redonne-un-souffle-aux-virades-de-l-espoir-_13-5585845_actu.Htm\" target=\"_self\" rel=\"noopener\">redonn\u00e9 un souffle aux Virades de l\u2019espoir de la vall\u00e9e de la Haute-Sarthe<\/a>, depuis trois ans.<\/p>\n<p>Les Virades, c\u2019est un rendez-vous annuel pour r\u00e9colter des dons dans le but de lutter contre la mucoviscidose. Maladie dont l\u2019homme de 39\u00a0ans est atteint. <strong>\u00ab\u00a0C\u2019est une maladie g\u00e9n\u00e9tique qui touche essentiellement le syst\u00e8me respiratoire et digestif\u00a0\u00bb<\/strong>, rappelle-t-il. Les sympt\u00f4mes\u00a0: <strong>\u00ab\u00a0Essentiellement de l\u2019encombrement et des essoufflements. Les capacit\u00e9s respiratoires sont amoindries.\u00a0\u00bb<\/strong><\/p>\n<p>\u00ab\u00a0J\u2019ai de l\u2019\u00e9nergie \u00e0 revendre\u00a0\u00bb<\/p>\n<p>Mais en 2021, il a b\u00e9n\u00e9fici\u00e9 d\u2019un nouveau traitement\u00a0: <strong>\u00ab\u00a0\u00c7a a consid\u00e9rablement chang\u00e9 ma vie. Ma capacit\u00e9 respiratoire est pass\u00e9e de 60 \u00e0 90\u00a0%\u00a0! Cela explique mon engagement au sein de l\u2019association, j\u2019ai de l\u2019\u00e9nergie \u00e0 revendre\u00a0!\u00a0\u00bb<\/strong><\/p>\n<p>Le souci, c\u2019est que ledit traitement <strong>\u00ab\u00a0n\u2019est accessible qu\u2019\u00e0 80\u00a0% des patients atteints de mucoviscidose.\u00a0\u00bb<\/strong> Raison de plus, pour l\u2019homme, de continuer \u00e0 se mobiliser pour la recherche. <strong>\u00ab\u00a0J\u2019ai envie que tous les patients puissent en b\u00e9n\u00e9ficier.\u00a0\u00bb<\/strong> Et puis, il y a le sport, aussi, qui a beaucoup aid\u00e9 ce coach sportif.<\/p>\n<p>Alors, cette ann\u00e9e encore, il y aura une Virade de l\u2019espoir au plan d\u2019eau du M\u00eale-sur-Sarthe. La premi\u00e8re ann\u00e9e, 4\u00a0200\u00a0\u20ac avaient \u00e9t\u00e9 collect\u00e9s. 7\u00a0300\u00a0\u20ac la seconde. Ce coup-ci, il aimerait atteindre les 10\u00a0000\u00a0\u20ac. Le programme est fourni\u00a0: de la randonn\u00e9e p\u00e9destre, \u00e0 v\u00e9lo, et aussi, cette ann\u00e9e, les Foul\u00e9es m\u00ealoises, organis\u00e9es par l\u2019association Pays m\u00ealois tout court. 2\u00a0\u20ac par inscription seront revers\u00e9s aux Virades. En tout cas, Yvan Garnier, lui, n\u2019a pas fini de se mobiliser.<\/p>\n<p><strong>Dimanche 28\u00a0septembre 2025,<\/strong> \u00e0 la base de loisirs du Pays m\u00ealois. \u00c0 9\u00a0h\u00a015\u00a0: rando p\u00e9destre, 6 ou 12\u00a0km. \u00c0 9\u00a0h\u00a030\u00a0: Cyclo rando 60\u00a0km, deux circuits. \u00c0 10\u00a0h\u00a030\u00a0: Foul\u00e9es m\u00ealoises (8\u00a0\u20ac pour les 6\u00a0km, 12\u00a0\u20ac pour les 12\u00a0km). \u00c0 15\u00a0h\u00a0: Foul\u00e9es de l\u2019espoir, 1\u00a0km. Buvette et restauration sur place. Concert de Lady Morose \u00e0 12\u00a0h. Color Dance \u00e0 16\u00a0h. Animations. Participation minimum de 5\u00a0\u20ac pour les randos et cyclo. Courses enfants gratuites.<\/p>\n<p>\u00a0<\/p>\n","protected":false},"excerpt":{"rendered":"Yvan Garnier, c\u2019est un sportif \u00e9m\u00e9rite qui a r\u00e9alis\u00e9 un Iron Man solidaire en 2022\u00a0: 3\u00a0800\u00a0m de natation,&hellip;\n","protected":false},"author":2,"featured_media":391162,"comment_status":"","ping_status":"","sticky":false,"template":"","format":"standard","meta":{"footnotes":""},"categories":[1888],"tags":[11,14015,52329,1777,674,1011,27,52332,12,626,18500,25,52331,227,52330],"class_list":{"0":"post-391161","1":"post","2":"type-post","3":"status-publish","4":"format-standard","5":"has-post-thumbnail","7":"category-paris","8":"tag-actualites","9":"tag-alencon","10":"tag-beneficient","11":"tag-eu","12":"tag-europe","13":"tag-fr","14":"tag-france","15":"tag-haute-sarthe","16":"tag-news","17":"tag-paris","18":"tag-patients","19":"tag-republique-francaise","20":"tag-reviennent","21":"tag-traitement","22":"tag-virades"},"share_on_mastodon":{"url":"https:\/\/pubeurope.com\/@fr\/115204915481917457","error":""},"_links":{"self":[{"href":"https:\/\/www.europesays.com\/fr\/wp-json\/wp\/v2\/posts\/391161","targetHints":{"allow":["GET"]}}],"collection":[{"href":"https:\/\/www.europesays.com\/fr\/wp-json\/wp\/v2\/posts"}],"about":[{"href":"https:\/\/www.europesays.com\/fr\/wp-json\/wp\/v2\/types\/post"}],"author":[{"embeddable":true,"href":"https:\/\/www.europesays.com\/fr\/wp-json\/wp\/v2\/users\/2"}],"replies":[{"embeddable":true,"href":"https:\/\/www.europesays.com\/fr\/wp-json\/wp\/v2\/comments?post=391161"}],"version-history":[{"count":0,"href":"https:\/\/www.europesays.com\/fr\/wp-json\/wp\/v2\/posts\/391161\/revisions"}],"wp:featuredmedia":[{"embeddable":true,"href":"https:\/\/www.europesays.com\/fr\/wp-json\/wp\/v2\/media\/391162"}],"wp:attachment":[{"href":"https:\/\/www.europesays.com\/fr\/wp-json\/wp\/v2\/media?parent=391161"}],"wp:term":[{"taxonomy":"category","embeddable":true,"href":"https:\/\/www.europesays.com\/fr\/wp-json\/wp\/v2\/categories?post=391161"},{"taxonomy":"post_tag","embeddable":true,"href":"https:\/\/www.europesays.com\/fr\/wp-json\/wp\/v2\/tags?post=391161"}],"curies":[{"name":"wp","href":"https:\/\/api.w.org\/{rel}","templated":true}]}}