{"id":391188,"date":"2025-09-14T22:20:15","date_gmt":"2025-09-14T22:20:15","guid":{"rendered":"https:\/\/www.europesays.com\/fr\/391188\/"},"modified":"2025-09-14T22:20:15","modified_gmt":"2025-09-14T22:20:15","slug":"premier-week-end-de-course-du-v4-yamaha-a-misano","status":"publish","type":"post","link":"https:\/\/www.europesays.com\/fr\/391188\/","title":{"rendered":"Premier week-end de course du V4 Yamaha \u00e0 Misano"},"content":{"rendered":"<p>\t\t\t<strong class=\"post-excerpt\"><\/p>\n<p itemprop=\"description\">\u00c0 l\u2019occasion du Grand Prix de Saint-Marin, Yamaha a lev\u00e9 le voile ce jeudi sur son V4 tant attendu. Test grandeur nature, ce V4 a roul\u00e9 tout au long du week-end parmi les autres. Qu\u2019en est-il ?<\/p>\n<p><\/strong>\t\t <\/p>\n<p><strong>Yamaha<\/strong> a finalement <strong>d\u00e9voil\u00e9<\/strong>, dans son hospitalit\u00e9 <strong>sur le circuit de Misano<\/strong>, sa nouvelle moto <strong>\u00e9quip\u00e9e du V4<\/strong>. \u00c9v\u00e9nement <strong>tr\u00e8s attendu<\/strong> dans le monde de la <strong>MotoGP<\/strong>, ce fameux V4 a fait ses premiers pas grandeur nature, <a href=\"https:\/\/www.sportauto.fr\/motogp\/motogp-grand-prix-saint-marin-misano-2025-programme-horaires-tv-week-end-438614.html\" target=\"_blank\" rel=\"noopener\">lors du <strong>Grand Prix de Saint-Marin<\/strong><\/a> ce week-end\u2026<\/p>\n<p>   \t\t\t V4 Yamaha : la nouveaut\u00e9 tr\u00e8s attendue <\/p>\n<p>Yamaha avait fort \u00e0 faire ce week-end, sur le circuit de Misano. Une <strong>nouvelle moto<\/strong> dot\u00e9e d\u2019un <strong>V4 1000cm3<\/strong>, pilot\u00e9e par le pilote test <strong>Augusto Fernandez<\/strong>, pour laquelle il fallait<strong> r\u00e9colter un maximum d\u2019informations<\/strong>. <strong>Takahiro Sumi<\/strong>, directeur g\u00e9n\u00e9ral de la division du d\u00e9veloppement des sports m\u00e9caniques chez Yamaha, a parl\u00e9 d\u2019un \u201c<strong>projet ambitieux<\/strong>\u201d, pr\u00e9cisant qu\u2019un \u201ctel d\u00e9fi apporte son <strong>lot d&rsquo;enjeux et de pression<\/strong>, c&rsquo;est le genre de projet qui ne peut \u00eatre r\u00e9ussi que lorsqu&rsquo;il ne s&rsquo;agit pas que d&rsquo;un &lsquo;travail d&rsquo;\u00e9quipe&rsquo;, mais d&rsquo;un &lsquo;<strong>travail d&rsquo;entreprise<\/strong>&lsquo;, et toutes les personnes impliqu\u00e9es ont d\u00fb <strong>donner 100%<\/strong>\u00ab\u00a0.<\/p>\n<p>Des <strong>essais<\/strong> ont lieu <strong>depuis avril<\/strong>, avec principalement au guidon de cette nouvelle moto les <strong>pilotes d\u2019essais<\/strong> de la marque: <strong>Augusto Fernandez<\/strong> et <strong>Andrea Dovizioso<\/strong>. Mais en d\u00e9but de semaine, les <strong>pilotes titulaires<\/strong> ont pu se faire une <strong>premi\u00e8re id\u00e9e<\/strong> de leur future monture \u00e0 Barcelone. Ainsi, <strong><a href=\"https:\/\/www.sportauto.fr\/motogp\/quartararo-pedale-dans-le-vide-au-gp-dautriche-437090.html\" target=\"_blank\" rel=\"noopener\">Fabio Quartararo<\/a>, Alex Rins et Jack Miller<\/strong> ont tent\u00e9 de prendre leurs marques sur le <strong>V4<\/strong>, malgr\u00e9 des conditions climatiques <strong>peu id\u00e9ales<\/strong>.\u00a0Ce week-end marque donc une <strong>\u00e9tape importante<\/strong> dans le <strong>d\u00e9veloppement<\/strong> de ce prototype, puisqu\u2019il s\u2019agit de son <strong>premier<\/strong> week-end dans des <strong>conditions r\u00e9elles de Grand Prix<\/strong>. <strong>Massimo Bartolini<\/strong>, directeur technique de Yamaha, a par ailleurs fait part des <strong>objectifs<\/strong> de ce week-end: \u201cNos objectifs cl\u00e9s sont de <strong>valider des suppositions importantes<\/strong>, de <strong>recueillir des donn\u00e9es de haute qualit\u00e9<\/strong>, et de <strong>pr\u00e9voir la prochaine phase de modifications<\/strong>\u00ab\u00a0. Le constructeur <strong>ambitionne<\/strong> de monter ce V4 <strong>le plus t\u00f4t possible<\/strong>, puisque celui-ci est <strong>signe d\u2019espoir<\/strong> pour l\u2019\u00e9quipe au complet. Un <strong>nouveau d\u00e9part<\/strong> pour la marque qui aimerait <strong>se d\u00e9faire<\/strong> de son quatre cylindres en ligne dont ils n\u2019arrivent <strong>pas<\/strong> \u00e0 extraire le meilleur. Bartolini explique toutefois que \u201ctoute d\u00e9cision sera bas\u00e9e sur une \u00e9valuation des r\u00e9sultats <strong>\u00e0 la fin du programme 2025<\/strong>\u00ab\u00a0.<\/p>\n<p> V4 Yamaha : un week-end sous haute surveillance <\/p>\n<p>Au cours de ce week-end, nous avons ainsi pu<strong> voir rouler<\/strong> la nouveaut\u00e9 sign\u00e9e <strong>Yamaha<\/strong>. Au premier abord, celle-ci semble <strong>plus fine<\/strong> que la moto actuelle. Dans les faits, <strong>peu d\u2019informations<\/strong> ont \u00e9t\u00e9 <strong>divulgu\u00e9es<\/strong>. Nous avons vu la wild card, Augusto Fernandez, \u00eatre victime de <strong>probl\u00e8mes<\/strong>\u00a0au d\u00e9but de la premi\u00e8re s\u00e9ance d\u2019essai vendredi, puis <strong>chuter<\/strong> lors des essais et des seconds essais. Apr\u00e8s s\u2019\u00eatre qualifi\u00e9 <strong>22\u00e8me<\/strong> sur la grille, Fernandez a \u00e9t\u00e9 au bout de la course sprint pour la terminer en <strong>18\u00e8me<\/strong> position. Ce dimanche, apr\u00e8s un <strong>double long lap de p\u00e9nalit\u00e9<\/strong> pour avoir anticip\u00e9 le d\u00e9part, le pilote espagnol a pass\u00e9 la ligne d\u2019arriv\u00e9e <strong>14\u00e8me<\/strong>. Lors de la d\u00e9couverte de la moto, <a href=\"https:\/\/www.yamahamotogp.com\/news\/11-09-2025-the-start-of-a-new-era-yamaha-unveil-v4-powered-yzr-m1-in-misano\" target=\"_blank\" rel=\"noopener\">ce dernier avait dit que ce serait<\/a> \u201cun week-end durant lequel nous nous <strong>concentrerons<\/strong> sur <strong>l\u2019am\u00e9lioration de notre prototype propuls\u00e9 par le V4<\/strong> et <strong>l\u2019identification de ses forces et faiblesses<\/strong>, tout en roulant aux c\u00f4t\u00e9s des autres pilotes MotoGP, en temps r\u00e9el, <strong>dans des conditions de course<\/strong>\u201d.<\/p>\n<p>Si le constructeur ne voulait <strong>pas<\/strong> miser sur la performance, les <strong>temps<\/strong> r\u00e9alis\u00e9s au cours de ce week-end se sont r\u00e9v\u00e9l\u00e9s plut\u00f4t <strong>int\u00e9ressants<\/strong>. \u00c9videmment, cela d\u00e9pend des <strong>r\u00e9glages choisis<\/strong> et du <strong>niveau d\u2019engagement<\/strong> de Augusto Fernandez. En tout cas, jusqu\u2019ici, le chef de projet <strong>Kazuhiro Masuda<\/strong> se disait: \u201c<strong>heureux<\/strong> d\u2019annoncer que les progr\u00e8s sont <strong>conformes \u00e0 nos attentes<\/strong>. Si tout se passe bien ce week-end et lundi, les \u00e9tapes suivantes incluront <strong>de nouveaux tests<\/strong> \u00e0 Sepang et \u00e0 Valence\u201d.<\/p>\n<p>Yamaha souhaite <strong>par-dessus tout<\/strong> go\u00fbter de nouveau \u00e0 la <strong>victoire<\/strong>, et le V4 pourrait \u00eatre <strong>une des solutions<\/strong> pour y parvenir. Pour en savoir davantage il faudra \u00eatre <strong>attentif<\/strong> aux <strong>prochains tests<\/strong> qui auront lieu, dont celui de demain sur le <strong>circuit de Misano<\/strong>.<\/p>\n","protected":false},"excerpt":{"rendered":"\u00c0 l\u2019occasion du Grand Prix de Saint-Marin, Yamaha a lev\u00e9 le voile ce jeudi sur son V4 tant&hellip;\n","protected":false},"author":2,"featured_media":391189,"comment_status":"","ping_status":"","sticky":false,"template":"","format":"standard","meta":{"footnotes":""},"categories":[1413],"tags":[1011,27,1638,1457,1456,60],"class_list":{"0":"post-391188","1":"post","2":"type-post","3":"status-publish","4":"format-standard","5":"has-post-thumbnail","7":"category-moto","8":"tag-fr","9":"tag-france","10":"tag-has_diapo","11":"tag-moto","12":"tag-motocycle","13":"tag-sports"},"share_on_mastodon":{"url":"https:\/\/pubeurope.com\/@fr\/115204982328803914","error":""},"_links":{"self":[{"href":"https:\/\/www.europesays.com\/fr\/wp-json\/wp\/v2\/posts\/391188","targetHints":{"allow":["GET"]}}],"collection":[{"href":"https:\/\/www.europesays.com\/fr\/wp-json\/wp\/v2\/posts"}],"about":[{"href":"https:\/\/www.europesays.com\/fr\/wp-json\/wp\/v2\/types\/post"}],"author":[{"embeddable":true,"href":"https:\/\/www.europesays.com\/fr\/wp-json\/wp\/v2\/users\/2"}],"replies":[{"embeddable":true,"href":"https:\/\/www.europesays.com\/fr\/wp-json\/wp\/v2\/comments?post=391188"}],"version-history":[{"count":0,"href":"https:\/\/www.europesays.com\/fr\/wp-json\/wp\/v2\/posts\/391188\/revisions"}],"wp:featuredmedia":[{"embeddable":true,"href":"https:\/\/www.europesays.com\/fr\/wp-json\/wp\/v2\/media\/391189"}],"wp:attachment":[{"href":"https:\/\/www.europesays.com\/fr\/wp-json\/wp\/v2\/media?parent=391188"}],"wp:term":[{"taxonomy":"category","embeddable":true,"href":"https:\/\/www.europesays.com\/fr\/wp-json\/wp\/v2\/categories?post=391188"},{"taxonomy":"post_tag","embeddable":true,"href":"https:\/\/www.europesays.com\/fr\/wp-json\/wp\/v2\/tags?post=391188"}],"curies":[{"name":"wp","href":"https:\/\/api.w.org\/{rel}","templated":true}]}}