{"id":391213,"date":"2025-09-14T22:34:10","date_gmt":"2025-09-14T22:34:10","guid":{"rendered":"https:\/\/www.europesays.com\/fr\/391213\/"},"modified":"2025-09-14T22:34:10","modified_gmt":"2025-09-14T22:34:10","slug":"la-degradation-de-la-note-souveraine-de-la-france-accentue-la-pression-sur-le-gouvernement-lecornu","status":"publish","type":"post","link":"https:\/\/www.europesays.com\/fr\/391213\/","title":{"rendered":"La d\u00e9gradation de la note souveraine de la France accentue la pression sur le gouvernement Lecornu"},"content":{"rendered":"<p><strong>D\u00c9CRYPTAGE &#8211;<\/strong> Le premier ministre pr\u00e9pare une nouvelle copie budg\u00e9taire. Il renonce \u00e0 la suppression de deux jours f\u00e9ri\u00e9s, imagin\u00e9e par son pr\u00e9d\u00e9cesseur.<\/p>\n<p class=\"fig-paragraph\">Attendu mais redout\u00e9, l\u2019<a href=\"http:\/\/www.lefigaro.fr\/conjoncture\/dette-fitch-degrade-la-note-de-la-france-et-fait-basculer-le-pays-dans-le-club-des-simples-a-20250912\" data-fig-type=\"NewsFlash\" data-gtm-custom-categorie=\"navigation\" data-gtm-custom-action=\"crossclick\" data-gtm-custom-label=\"Contextuel\" data-gtm-event=\"customEventSPE\" data-fig-domain=\"LEFIGARO\" rel=\"nofollow noopener\" target=\"_blank\">abaissement de la note souveraine de la France par Fitch s\u2019est bel et bien concr\u00e9tis\u00e9<\/a>. En attribuant \u00e0 l\u2019Hexagone la note A+ contre AA- pr\u00e9c\u00e9demment, l\u2019agence de notation sanctionne l\u2019incapacit\u00e9 du gouvernement \u00e0 r\u00e9duire son d\u00e9ficit. Fitch avait d\u00e9j\u00e0 r\u00e9trograd\u00e9 la France en avril 2023. Une glissade qui a provoqu\u00e9 le jugement s\u00e9v\u00e8re des oppositions. Marine Le\u00a0Pen a fustig\u00e9 \u00ab\u00a0l\u2019incomp\u00e9tence toxique\u00a0\u00bb des macronistes tandis que Jean-Luc M\u00e9lenchon a appel\u00e9 \u00e0 \u00ab\u00a0en finir avec la macronie et ses politiques nuisibles pour la France et son peuple\u00a0\u00bb.<\/p>\n<p class=\"fig-paragraph\">L\u2019ex\u00e9cutif s\u2019attendait \u00e0 cette sanction. Bien que le ministre sortant de l\u2019\u00c9conomie, \u00c9ric Lombard, a tent\u00e9 de convaincre l\u2019agence am\u00e9ricaine de la bonne trajectoire budg\u00e9taire de la France. Las, elle ne croit plus aux promesses r\u00e9p\u00e9t\u00e9es du gouvernement. Dans un communiqu\u00e9 publi\u00e9 vendredi soir, Fitch estime que le d\u00e9ficit public ne sera pas ramen\u00e9 sous 3\u00a0% du PIB en 2029. La r\u00e9cente chute de Fran\u00e7ois Bayrou \u00ab\u00a0illustre\u2026<\/p>\n<p class=\"fig-premium-paywall__infos\">\n        Cet article est r\u00e9serv\u00e9 aux abonn\u00e9s.        Il vous reste 84% \u00e0 d\u00e9couvrir.\n    <\/p>\n<p>                <img  data- alt=\"Le Figaro\" class=\"fig-img--complete fig-img\"\/><\/p>\n<p class=\"fig-premium-paywall__title\">Vous avez envie de lire la suite ?<\/p>\n<p class=\"fig-premium-paywall__subtitle\">D\u00e9bloquez tous les articles imm\u00e9diatement.<\/p>\n<p class=\"fig-premium-paywall__connect\">\n                D\u00e9j\u00e0 abonn\u00e9\u00a0?                <a class=\"fig-premium-paywall__connect-link\" href=\"https:\/\/connect.lefigaro.fr\/login?client=horizon_web&amp;type=main&amp;redirect_uri=https%3A%2F%2Fwww.lefigaro.fr%2Fpolitique%2Fla-degradation-de-la-note-souveraine-de-la-france-accentue-la-pression-sur-le-gouvernement-lecornu-20250914\" data-js-gtm=\"{&quot;customCategorie&quot;: &quot;conversion&quot;, &quot;customAction&quot;: &quot;before_Landing_Connexion_paywall_auto&quot;, &quot;customLabel&quot;: &quot;bGVmaWdhcm8uZnJfXzFmMDkxNTRiLWMxNmEtNjgzZS04NjA4LWJmZmY1MGZmZTc5NF9fQXJ0aWNsZQ==_La d\u00e9gradation de la note souveraine de la France accentue la pression sur le gouvernement Lecornu_420&quot;, &quot;customIDSPE&quot;: &quot;bGVmaWdhcm8uZnJfXzFmMDkxNTRiLWMxNmEtNjgzZS04NjA4LWJmZmY1MGZmZTc5NF9fQXJ0aWNsZQ==&quot;, &quot;event&quot;: &quot;customEventSPE&quot;}\" rel=\"nofollow noopener\" target=\"_blank\"><br \/>\n                    Connectez-vous<br \/>\n                <\/a>\n            <\/p>\n","protected":false},"excerpt":{"rendered":"D\u00c9CRYPTAGE &#8211; Le premier ministre pr\u00e9pare une nouvelle copie budg\u00e9taire. Il renonce \u00e0 la suppression de deux jours&hellip;\n","protected":false},"author":2,"featured_media":391214,"comment_status":"","ping_status":"","sticky":false,"template":"","format":"standard","meta":{"footnotes":""},"categories":[6],"tags":[35,6327,33,34,1011,27,11067],"class_list":{"0":"post-391213","1":"post","2":"type-post","3":"status-publish","4":"format-standard","5":"has-post-thumbnail","7":"category-economie","8":"tag-business","9":"tag-dette","10":"tag-economie","11":"tag-economy","12":"tag-fr","13":"tag-france","14":"tag-sebastien-lecornu"},"share_on_mastodon":{"url":"https:\/\/pubeurope.com\/@fr\/115205037420752778","error":""},"_links":{"self":[{"href":"https:\/\/www.europesays.com\/fr\/wp-json\/wp\/v2\/posts\/391213","targetHints":{"allow":["GET"]}}],"collection":[{"href":"https:\/\/www.europesays.com\/fr\/wp-json\/wp\/v2\/posts"}],"about":[{"href":"https:\/\/www.europesays.com\/fr\/wp-json\/wp\/v2\/types\/post"}],"author":[{"embeddable":true,"href":"https:\/\/www.europesays.com\/fr\/wp-json\/wp\/v2\/users\/2"}],"replies":[{"embeddable":true,"href":"https:\/\/www.europesays.com\/fr\/wp-json\/wp\/v2\/comments?post=391213"}],"version-history":[{"count":0,"href":"https:\/\/www.europesays.com\/fr\/wp-json\/wp\/v2\/posts\/391213\/revisions"}],"wp:featuredmedia":[{"embeddable":true,"href":"https:\/\/www.europesays.com\/fr\/wp-json\/wp\/v2\/media\/391214"}],"wp:attachment":[{"href":"https:\/\/www.europesays.com\/fr\/wp-json\/wp\/v2\/media?parent=391213"}],"wp:term":[{"taxonomy":"category","embeddable":true,"href":"https:\/\/www.europesays.com\/fr\/wp-json\/wp\/v2\/categories?post=391213"},{"taxonomy":"post_tag","embeddable":true,"href":"https:\/\/www.europesays.com\/fr\/wp-json\/wp\/v2\/tags?post=391213"}],"curies":[{"name":"wp","href":"https:\/\/api.w.org\/{rel}","templated":true}]}}