{"id":391216,"date":"2025-09-14T22:36:12","date_gmt":"2025-09-14T22:36:12","guid":{"rendered":"https:\/\/www.europesays.com\/fr\/391216\/"},"modified":"2025-09-14T22:36:12","modified_gmt":"2025-09-14T22:36:12","slug":"sebastien-lecornu-pour-lheure-plus-habile-que-churchillien","status":"publish","type":"post","link":"https:\/\/www.europesays.com\/fr\/391216\/","title":{"rendered":"\u00ab\u00a0S\u00e9bastien Lecornu pour l\u2019heure plus habile que churchillien\u00a0\u00bb"},"content":{"rendered":"<p><strong>CONTRE-POINT &#8211; <\/strong>Puisqu\u2019il se vante d\u2019incarner un changement de m\u00e9thode, il reste \u00e0 trouver celle qui rappellera la n\u00e9cessit\u00e9 d\u2019un effort qui, au bout du compte, ne pourra pas \u00eatre populaire.<\/p>\n<p class=\"fig-paragraph\">L\u2019habilet\u00e9 est une qualit\u00e9 que poss\u00e8de S\u00e9bastien Lecornu. Le premier ministre en t\u00e9moigne en<a href=\"http:\/\/www.lefigaro.fr\/conjoncture\/budget-sebastien-lecornu-renonce-a-la-suppression-de-deux-jours-feries-voulue-par-francois-bayrou-20250913\" data-fig-type=\"NewsFlash\" data-gtm-custom-categorie=\"navigation\" data-gtm-custom-action=\"crossclick\" data-gtm-custom-label=\"Contextuel\" data-gtm-event=\"customEventSPE\" data-fig-domain=\"LEFIGARO\" target=\"_blank\" rel=\"noopener\">\u00a0annon\u00e7ant renoncer \u00e0 la suppression des deux jours f\u00e9ri\u00e9s<\/a>\u00a0dans sa toute premi\u00e8re interview accord\u00e9e &#8211; c\u2019est l\u00e0 aussi un choix malin pour donner une image non \u00ab\u00a0techno parisienne\u00a0\u00bb &#8211; \u00e0 la presse r\u00e9gionale. Cette mesure embl\u00e9matique du plan Bayrou \u00e9tait unanimement d\u00e9nonc\u00e9e. Le premier signal envoy\u00e9 par son successeur est une marque d\u2019\u00e9coute, de pragmatisme, de volont\u00e9 d\u2019apaisement et de bon sens.<\/p>\n<p class=\"fig-paragraph\">Mais attention \u00e0 ce que le feu de joie autour du renoncement \u00e0 cette mesure contest\u00e9e ne s\u2019ajoute pas au terrible feu de for\u00eat budg\u00e9taire qui menace la maison France. Sous les jours f\u00e9ri\u00e9s, reste \u00e0 trouver les moyens de commencer \u00e0\u00a0<a href=\"http:\/\/www.lefigaro.fr\/conjoncture\/dette-fitch-degrade-la-note-de-la-france-et-fait-basculer-le-pays-dans-le-club-des-simples-a-20250912\" data-fig-type=\"NewsFlash\" data-gtm-custom-categorie=\"navigation\" data-gtm-custom-action=\"crossclick\" data-gtm-custom-label=\"Contextuel\" data-gtm-event=\"customEventSPE\" data-fig-domain=\"LEFIGARO\" target=\"_blank\" rel=\"noopener\">r\u00e9duire la dette<\/a>. Certes Lecornu pr\u00e9vient que cela \u00ab\u00a0exigera de trouver d\u2019autres sources financement\u00a0\u00bb mais cette assurance n\u2019est jamais que la pr\u00e9caution s\u00e9mantique qui a toujours accompagn\u00e9 les abandons de r\u00e9formes ou de mesures impopulaires.<\/p>\n<p class=\"fig-body-link\">\n            \u00c0 lire aussi<br \/>\n        <a class=\"fig-body-link__link fig-premium-mark\" href=\"http:\/\/www.lefigaro.fr\/conjoncture\/philippe-dessertine-personne-n-a-le-courage-de-faire-le-sale-boulot-pour-s-attaquer-a-la-dette-20250913\" data-fig-type=\"NewsFlash\" data-gtm-custom-categorie=\"navigation\" data-gtm-custom-action=\"crossclick\" data-gtm-custom-label=\"Contextuel\" data-gtm-event=\"customEventSPE\" data-fig-domain=\"LEFIGARO\" target=\"_blank\" rel=\"noopener\">Philippe Dessertine\u00a0: \u00abPersonne n\u2019a le courage de faire le sale boulot\u00bb pour s\u2019attaquer \u00e0 la dette<br \/>\n    <\/a>\n<\/p>\n<p class=\"fig-paragraph\">Il ne s\u2019agit pas de faire\u2026<\/p>\n<p class=\"fig-premium-paywall__infos\">\n        Cet article est r\u00e9serv\u00e9 aux abonn\u00e9s.        Il vous reste 71% \u00e0 d\u00e9couvrir.\n    <\/p>\n<p>                <img  data- alt=\"Le Figaro\" class=\"fig-img--complete fig-img\"\/><\/p>\n<p class=\"fig-premium-paywall__title\">Vous avez envie de lire la suite ?<\/p>\n<p class=\"fig-premium-paywall__subtitle\">D\u00e9bloquez tous les articles imm\u00e9diatement.<\/p>\n<p class=\"fig-premium-paywall__connect\">\n                D\u00e9j\u00e0 abonn\u00e9\u00a0?                <a class=\"fig-premium-paywall__connect-link\" href=\"https:\/\/connect.lefigaro.fr\/login?client=horizon_web&amp;type=main&amp;redirect_uri=https%3A%2F%2Fwww.lefigaro.fr%2Fpolitique%2Fguillaume-tabard-sebastien-lecornu-pour-l-heure-plus-habile-que-churchillien-20250914\" data-js-gtm=\"{&quot;customCategorie&quot;: &quot;conversion&quot;, &quot;customAction&quot;: &quot;before_Landing_Connexion_paywall_auto&quot;, &quot;customLabel&quot;: &quot;bGVmaWdhcm8uZnJfXzFmMDkxNWQ0LTgzZDQtNjZlZS04MjczLWU3NjRlNmVjZTVkY19fQXJ0aWNsZQ==_Guillaume Tabard\u00a0: \u00ab\u00a0S\u00e9bastien Lecornu pour l\u2019heure plus habile que churchillien\u00a0\u00bb_23&quot;, &quot;customIDSPE&quot;: &quot;bGVmaWdhcm8uZnJfXzFmMDkxNWQ0LTgzZDQtNjZlZS04MjczLWU3NjRlNmVjZTVkY19fQXJ0aWNsZQ==&quot;, &quot;event&quot;: &quot;customEventSPE&quot;}\" target=\"_blank\" rel=\"noopener\"><br \/>\n                    Connectez-vous<br \/>\n                <\/a>\n            <\/p>\n","protected":false},"excerpt":{"rendered":"CONTRE-POINT &#8211; Puisqu\u2019il se vante d\u2019incarner un changement de m\u00e9thode, il reste \u00e0 trouver celle qui rappellera la&hellip;\n","protected":false},"author":2,"featured_media":391217,"comment_status":"","ping_status":"","sticky":false,"template":"","format":"standard","meta":{"footnotes":""},"categories":[4],"tags":[11,6327,1011,27,418,12,25,11067],"class_list":{"0":"post-391216","1":"post","2":"type-post","3":"status-publish","4":"format-standard","5":"has-post-thumbnail","7":"category-france","8":"tag-actualites","9":"tag-dette","10":"tag-fr","11":"tag-france","12":"tag-gouvernement","13":"tag-news","14":"tag-republique-francaise","15":"tag-sebastien-lecornu"},"share_on_mastodon":{"url":"https:\/\/pubeurope.com\/@fr\/115205045237045579","error":""},"_links":{"self":[{"href":"https:\/\/www.europesays.com\/fr\/wp-json\/wp\/v2\/posts\/391216","targetHints":{"allow":["GET"]}}],"collection":[{"href":"https:\/\/www.europesays.com\/fr\/wp-json\/wp\/v2\/posts"}],"about":[{"href":"https:\/\/www.europesays.com\/fr\/wp-json\/wp\/v2\/types\/post"}],"author":[{"embeddable":true,"href":"https:\/\/www.europesays.com\/fr\/wp-json\/wp\/v2\/users\/2"}],"replies":[{"embeddable":true,"href":"https:\/\/www.europesays.com\/fr\/wp-json\/wp\/v2\/comments?post=391216"}],"version-history":[{"count":0,"href":"https:\/\/www.europesays.com\/fr\/wp-json\/wp\/v2\/posts\/391216\/revisions"}],"wp:featuredmedia":[{"embeddable":true,"href":"https:\/\/www.europesays.com\/fr\/wp-json\/wp\/v2\/media\/391217"}],"wp:attachment":[{"href":"https:\/\/www.europesays.com\/fr\/wp-json\/wp\/v2\/media?parent=391216"}],"wp:term":[{"taxonomy":"category","embeddable":true,"href":"https:\/\/www.europesays.com\/fr\/wp-json\/wp\/v2\/categories?post=391216"},{"taxonomy":"post_tag","embeddable":true,"href":"https:\/\/www.europesays.com\/fr\/wp-json\/wp\/v2\/tags?post=391216"}],"curies":[{"name":"wp","href":"https:\/\/api.w.org\/{rel}","templated":true}]}}