{"id":391223,"date":"2025-09-14T22:41:41","date_gmt":"2025-09-14T22:41:41","guid":{"rendered":"https:\/\/www.europesays.com\/fr\/391223\/"},"modified":"2025-09-14T22:41:41","modified_gmt":"2025-09-14T22:41:41","slug":"raphael-quenard-livre-son-ravissement-partage-detre-a-nancy","status":"publish","type":"post","link":"https:\/\/www.europesays.com\/fr\/391223\/","title":{"rendered":"Rapha\u00ebl Quenard livre son \u00ab ravissement partag\u00e9 \u00bb d&rsquo;\u00eatre \u00e0 Nancy"},"content":{"rendered":"<p>&#13;<br \/>\n\t\t\t\t\t\t\t\t\t\t\t\tPar Magalie Delle-Vedove&#13;<br \/>\n\t\t\t\t\t\t\t\t\t\t\t\t&#13;<br \/>\n\t\t\t\t\t\t\tPubli\u00e9&#13;<br \/>\n\t\t\t\t\t\t\t\t\t\t\t\t\t\t\tle 13 sept. 2025 \u00e0 15:21&#13;<br \/>\n\t\t\t\t\t\t\t&#13;<br \/>\n\t\t\t\t\t\t\t&#8211; Temps de lecture : &#13;<br \/>\n\t\t\t\t\t\t&#13;\n\t\t\t\t\t<\/p>\n<p>\u00ab\u00a0Nancy, c&rsquo;est que du bonheur, cette ville est pleine d&rsquo;agr\u00e9ments\u00a0\u00bb. Une foule compacte l&rsquo;attendait pour un paraphe dans Clamser \u00e0 Tataouine, un premier roman comme une petite bombe pour cette rentr\u00e9e litt\u00e9raire.<\/p>\n","protected":false},"excerpt":{"rendered":"&#13; Par Magalie Delle-Vedove&#13; &#13; Publi\u00e9&#13; le 13 sept. 2025 \u00e0 15:21&#13; &#13; &#8211; Temps de lecture :&hellip;\n","protected":false},"author":2,"featured_media":391224,"comment_status":"","ping_status":"","sticky":false,"template":"","format":"standard","meta":{"footnotes":""},"categories":[9635],"tags":[1111,11,1777,674,1011,27,775,1702,12,25],"class_list":{"0":"post-391223","1":"post","2":"type-post","3":"status-publish","4":"format-standard","5":"has-post-thumbnail","7":"category-nancy","8":"tag-actu","9":"tag-actualites","10":"tag-eu","11":"tag-europe","12":"tag-fr","13":"tag-france","14":"tag-grand-est","15":"tag-nancy","16":"tag-news","17":"tag-republique-francaise"},"share_on_mastodon":{"url":"https:\/\/pubeurope.com\/@fr\/115205064805287508","error":""},"_links":{"self":[{"href":"https:\/\/www.europesays.com\/fr\/wp-json\/wp\/v2\/posts\/391223","targetHints":{"allow":["GET"]}}],"collection":[{"href":"https:\/\/www.europesays.com\/fr\/wp-json\/wp\/v2\/posts"}],"about":[{"href":"https:\/\/www.europesays.com\/fr\/wp-json\/wp\/v2\/types\/post"}],"author":[{"embeddable":true,"href":"https:\/\/www.europesays.com\/fr\/wp-json\/wp\/v2\/users\/2"}],"replies":[{"embeddable":true,"href":"https:\/\/www.europesays.com\/fr\/wp-json\/wp\/v2\/comments?post=391223"}],"version-history":[{"count":0,"href":"https:\/\/www.europesays.com\/fr\/wp-json\/wp\/v2\/posts\/391223\/revisions"}],"wp:featuredmedia":[{"embeddable":true,"href":"https:\/\/www.europesays.com\/fr\/wp-json\/wp\/v2\/media\/391224"}],"wp:attachment":[{"href":"https:\/\/www.europesays.com\/fr\/wp-json\/wp\/v2\/media?parent=391223"}],"wp:term":[{"taxonomy":"category","embeddable":true,"href":"https:\/\/www.europesays.com\/fr\/wp-json\/wp\/v2\/categories?post=391223"},{"taxonomy":"post_tag","embeddable":true,"href":"https:\/\/www.europesays.com\/fr\/wp-json\/wp\/v2\/tags?post=391223"}],"curies":[{"name":"wp","href":"https:\/\/api.w.org\/{rel}","templated":true}]}}