{"id":391227,"date":"2025-09-14T22:45:16","date_gmt":"2025-09-14T22:45:16","guid":{"rendered":"https:\/\/www.europesays.com\/fr\/391227\/"},"modified":"2025-09-14T22:45:16","modified_gmt":"2025-09-14T22:45:16","slug":"tu-metrangles-un-journaliste-de-rue89-bordeaux-victime-de-violences-policieres-a-montpellier","status":"publish","type":"post","link":"https:\/\/www.europesays.com\/fr\/391227\/","title":{"rendered":"\u00ab\u00a0Tu m&rsquo;\u00e9trangles !\u00a0\u00bb : un journaliste de Rue89 Bordeaux victime de violences polici\u00e8res \u00e0 Montpellier"},"content":{"rendered":"<p class=\"wp-block-post-excerpt__excerpt\">Samuel Clauzier, journaliste en alternance \u00e0 Rue89 Bordeaux, a subi deux agressions de la part de la police, alors qu\u2019il couvrait les manifestations du 10 septembre \u00e0 Montpellier, o\u00f9 il est \u00e9tudiant \u00e0 l\u2019\u00c9cole sup\u00e9rieure de journalisme. Il entend porter plainte dans les prochains jours et d\u00e9poser un signalement aupr\u00e8s de l\u2019IGPN. <\/p>\n<p class=\"font-sans\">\n\t\t\tCet article est en acc\u00e8s libre. Pour soutenir Rue89Bordeaux,<br \/>\n\t\t\t<a class=\"underline\" href=\"https:\/\/rue89bordeaux.com\/abonnement\/\" rel=\"nofollow noopener\" target=\"_blank\">abonnez-vous<\/a>.\n\t\t<\/p>\n<p>La R\u00e9daction<\/p>\n<p>Publi\u00e9 le 14 septembre 2025\u00a0\u00a0\u00b7\u00a0\u00a0<\/p>\n<p>Imprim\u00e9 le 14 septembre 2025 \u00e0 23h52\u00a0\u00a0\u00b7\u00a0\u00a0<\/p>\n<p>\t\t\t\t\t4\u00a0minutes\n<\/p>\n<p>Samuel Clauzier, journaliste en alternance pour Rue89 Bordeaux et \u00e9tudiant \u00e0 l\u2019\u00c9cole sup\u00e9rieure de journalisme de Montpellier (ESJ Pro), a \u00e9t\u00e9 violemment pris \u00e0 partie par des policiers lors de la manifestation montpelli\u00e9raine \u00ab\u00a0Bloquons tout\u00a0\u00bb du 10 septembre.<\/p>\n<p>Dans une vid\u00e9o qu\u2019il a diffus\u00e9e sur le r\u00e9seau social Bluesky, on voit un agent de la Compagnie d\u00e9partementale d\u2019intervention de l\u2019H\u00e9rault (CDI 34) l\u2019\u00e9trangler et s\u2019en prendre \u00e0 son mat\u00e9riel.<\/p>\n<blockquote class=\"bluesky-embed\" data-bluesky-uri=\"at:\/\/did:plc:oukf66oayk4zybn3jopqiohc\/app.bsky.feed.post\/3lyiftq6b2s2t\" data-bluesky-cid=\"bafyreidfomjm3bfajt2ayhzisrjb5s256sx77yg7d3alwshbflb5xvwjyi\">\n<p lang=\"fr\">Alors que je filme une interpellation, un policier de la CDI 34 me prend \u00e0 partie et m\u2019agresse \u00e0 plusieurs reprises (\u00e9tranglement, coups dans mon smartphone). Nombreuses entraves au travail de la presse depuis le d\u00e9but de la journ\u00e9e \u00e0 Montpellier.<\/p>\n<p>\u2014 <a href=\"https:\/\/bsky.app\/profile\/did:plc:oukf66oayk4zybn3jopqiohc?ref_src=embed\" rel=\"nofollow noopener\" target=\"_blank\">Samuel Clauzier (@masleu.bsky.social)<\/a> <a href=\"https:\/\/bsky.app\/profile\/did:plc:oukf66oayk4zybn3jopqiohc\/post\/3lyiftq6b2s2t?ref_src=embed\" rel=\"nofollow noopener\" target=\"_blank\">2025-09-10T14:08:10.752Z<\/a><\/p><\/blockquote>\n<p>\t\t\u00ab\u00a0Tu m\u2019\u00e9trangles ! Tu m\u2019\u00e9trangles !\u00a0\u00bb<\/p>\n<p>Vers 16h, notre journaliste a \u00e9t\u00e9 pris pour cible alors qu\u2019il filmait une interpellation muscl\u00e9e men\u00e9e par la brigade anticriminalit\u00e9 (BAC) devant l\u2019Op\u00e9ra-Com\u00e9die de Montpellier.<\/p>\n<blockquote class=\"wp-block-quote is-layout-flow wp-block-quote-is-layout-flow\">\n<p>\u00ab\u00a0Ils se mettaient syst\u00e9matiquement devant moi pour m\u2019emp\u00eacher d\u2019avoir les images, raconte-t-il. Je me d\u00e9calais sur le c\u00f4t\u00e9 pour tenter d\u2019avoir un angle de vue.\u00a0\u00bb<\/p>\n<\/blockquote>\n<p>Un policier s\u2019avance alors vers lui, frappe d\u2019abord le smartphone du journaliste, le projette au sol, puis s\u2019empare de son mat\u00e9riel avant de le saisir \u00e0 la gorge.<\/p>\n<p>\u00ab\u00a0Tu m\u2019\u00e9trangles ! Tu m\u2019\u00e9trangles !\u00a0\u00bb crie alors Samuel, comme on l\u2019entend dans l\u2019enregistrement. Le policier, au visage dissimul\u00e9 et ne portant pas son RIO (le num\u00e9ro d\u2019identification pourtant obligatoire), le projette contre un poteau puis le fait chuter dans un bac \u00e0 fleurs.<\/p>\n<p>Pr\u00e9sents sur les lieux, plusieurs journalistes et \u00e9tudiants de son \u00e9cole, confirment la sc\u00e8ne. Sur des captations, on distingue le policier porter un coup de pied \u00e0 l\u2019entrejambe du reporter, ainsi qu\u2019un autre policier qui le braque avec un lanceur de balles de d\u00e9fense (LBD 40).<\/p>\n<p>\t\tUne autre agression<\/p>\n<p>Plus t\u00f4t dans la journ\u00e9e, vers 6h, le journaliste ind\u00e9pendant Ricardo Parreira avait film\u00e9 un autre membre de la CDI 34 asperger Samuel de gaz lacrymog\u00e8ne au visage \u00e0 bout portant, alors qu\u2019il filmait une charge de la police dans le quartier des Pr\u00e8s-d\u2019Ar\u00e8nes.<\/p>\n<blockquote class=\"bluesky-embed\" data-bluesky-uri=\"at:\/\/did:plc:xoywspomddm3u4jkadnl5ed6\/app.bsky.feed.post\/3lyhx2thy7c2r\" data-bluesky-cid=\"bafyreieadtx6rm4rihqquhzdbjvdozyrcntful3qeilimlvaaqti272zva\">\n<p lang=\"fr\">Alors que nous faisions notre travail, lors d\u2019une charge de la CDI, un policier a asperg\u00e9 @Masleuu avec une bombe lacrymog\u00e8ne, \u00e0 tr\u00e8s courte distance de son visage, alors qu\u2019il \u00e9tait identifi\u00e9 comme presse. Cette violence l\u2019a immobilis\u00e9 pendant un long moment.#10septembre2025<\/p>\n<p>\u2014 <a href=\"https:\/\/bsky.app\/profile\/did:plc:xoywspomddm3u4jkadnl5ed6?ref_src=embed\" rel=\"nofollow noopener\" target=\"_blank\">Ricardo Parreira (@ricardoparreira.com)<\/a> <a href=\"https:\/\/bsky.app\/profile\/did:plc:xoywspomddm3u4jkadnl5ed6\/post\/3lyhx2thy7c2r?ref_src=embed\" rel=\"nofollow noopener\" target=\"_blank\">2025-09-10T09:43:42.968Z<\/a><\/p><\/blockquote>\n<p>Un certificat d\u00e9livr\u00e9 par un m\u00e9decin le 12 septembre constate des \u00ab\u00a0polycontusions de la t\u00eate, du tronc et des membres\u00a0\u00bb, ainsi que des \u00ab\u00a0troubles de la vision\u00a0\u00bb et un \u00ab\u00a0choc \u00e9motionnel\u00a0\u00bb chez notre journaliste. Ce dernier annonce vouloir d\u00e9poser plainte et saisir l\u2019Inspection g\u00e9n\u00e9rale de la police nationale (IGPN) dans les prochains jours.<\/p>\n<p>R\u00e9actions<\/p>\n<p> L\u2019ESJ Pro a publi\u00e9 un communiqu\u00e9 le lendemain des faits pour condamner \u00ab\u00a0fermement les violences dont a \u00e9t\u00e9 victime l\u2019un de ses \u00e9tudiants en journalisme, en reportage dans le cadre d\u2019un cours\u00a0\u00bb.<\/p>\n<blockquote class=\"wp-block-quote is-layout-flow wp-block-quote-is-layout-flow\">\n<p>\u00ab\u00a0L\u2019\u00e9tudiant, dont une partie du mat\u00e9riel a \u00e9t\u00e9 cass\u00e9, \u00e9tait en situation p\u00e9dagogique, encadr\u00e9 par notre \u00e9tablissement, et remplissait pleinement sa mission d\u2019observation et de reportage.\u00a0\u00bb<\/p>\n<\/blockquote>\n<p>L\u2019\u00e9cole de journalisme alerte sur le fait que \u00ab\u00a0ce type d\u2019agression est non seulement inadmissible, mais aussi profond\u00e9ment inqui\u00e9tant pour la libert\u00e9 de la presse\u00a0\u00bb. Tandis que <a href=\"https:\/\/rsf.org\/fr\/france-la-libert%C3%A9-de-la-presse-entrav%C3%A9e-par-des-violences-polici%C3%A8res-au-cours-des-manifestations\" target=\"_blank\" rel=\"noreferrer noopener nofollow\">Reporters sans fronti\u00e8res (RSF) d\u00e9nonce dans un communiqu\u00e9<\/a> \u00ab\u00a0la recrudescence des violences polici\u00e8res envers les journalistes qui couvrent les mouvements sociaux en France\u00a0\u00bb, citant notamment le cas de Samuel Clauzier parmi sept autres survenus le m\u00eame jour. La r\u00e9daction de Rue89 Bordeaux approuve naturellement ces constats et condamne fermement ces entraves \u00e0 la libert\u00e9 de la presse. <\/p>\n<p>Contact\u00e9e par Mediapart, la pr\u00e9fecture de l\u2019H\u00e9rault souligne que \u00ab\u00a0les consignes de port du RIO et des cam\u00e9ras-pi\u00e9tons ont \u00e9t\u00e9 rappel\u00e9es avant la manifestation\u00a0\u00bb. Elle affirme que la vid\u00e9o diffus\u00e9e par Samuel ne montrerait qu\u2019un extrait \u00ab\u00a0alors que le policier aurait \u00e9t\u00e9 emp\u00each\u00e9 de r\u00e9aliser les interpellations \u00a0\u00bb et insiste sur le fait que \u00ab\u00a0la presse ne peut s\u2019opposer \u00e0 la force publique et aux interpellations\u00a0\u00bb. Ce que notre journaliste d\u00e9ment formellement.<\/p>\n<p><img loading=\"lazy\" decoding=\"async\" width=\"792\" height=\"528\" src=\"https:\/\/www.europesays.com\/fr\/wp-content\/uploads\/2025\/09\/interpellation-1-792x528.jpg\" alt=\"\" class=\"wp-image-170060\"  \/> L\u2019interpellation que Samuel Clauzier photographiait avant d\u2019\u00eatre agress\u00e9 par la police Photo\u00a0: SC\/Rue89 Bordeaux<\/p>\n<p>Rue89 Bordeaux a besoin de vos dons<\/p>\n<p>Mille mercis \u00e0 nos 131 donateurs ! Gr\u00e2ce \u00e0 vous, nous avons atteint notre objectif initial de 10\u202f000\u202f\u20ac. Ce soutien va nous permettre de renflouer notre tr\u00e9sorerie, apr\u00e8s le d\u00e9sengagement en 2025 d\u2019un annonceur important \u2013 Bordeaux M\u00e9tropole \u2013 et de r\u00e9gler nos factures en attente.<br \/>Cependant, la cagnotte reste ouverte jusqu\u2019\u00e0 fin septembre afin de vous laisser l\u2019occasion de continuer \u00e0 soutenir votre m\u00e9dia ind\u00e9pendant. Chaque don est d\u00e9ductible des imp\u00f4ts \u00e0 hauteur de 66\u202f%. En recevoir davantage nous permettra de consolider nos finances, d\u2019envisager une rentr\u00e9e sereine, et surtout, d\u2019enrichir nos contenus et de renforcer notre r\u00e9daction.<\/p>\n","protected":false},"excerpt":{"rendered":"Samuel Clauzier, journaliste en alternance \u00e0 Rue89 Bordeaux, a subi deux agressions de la part de la police,&hellip;\n","protected":false},"author":2,"featured_media":391228,"comment_status":"","ping_status":"","sticky":false,"template":"","format":"standard","meta":{"footnotes":""},"categories":[9599],"tags":[1111,11,47212,1777,674,1011,27,2208,12,2680,25,52336,7374],"class_list":{"0":"post-391227","1":"post","2":"type-post","3":"status-publish","4":"format-standard","5":"has-post-thumbnail","7":"category-montpellier","8":"tag-actu","9":"tag-actualites","10":"tag-bloquons-tout","11":"tag-eu","12":"tag-europe","13":"tag-fr","14":"tag-france","15":"tag-montpellier","16":"tag-news","17":"tag-occitanie","18":"tag-republique-francaise","19":"tag-rue89-bordeaux","20":"tag-violences-policieres"},"share_on_mastodon":{"url":"https:\/\/pubeurope.com\/@fr\/115205080896688507","error":""},"_links":{"self":[{"href":"https:\/\/www.europesays.com\/fr\/wp-json\/wp\/v2\/posts\/391227","targetHints":{"allow":["GET"]}}],"collection":[{"href":"https:\/\/www.europesays.com\/fr\/wp-json\/wp\/v2\/posts"}],"about":[{"href":"https:\/\/www.europesays.com\/fr\/wp-json\/wp\/v2\/types\/post"}],"author":[{"embeddable":true,"href":"https:\/\/www.europesays.com\/fr\/wp-json\/wp\/v2\/users\/2"}],"replies":[{"embeddable":true,"href":"https:\/\/www.europesays.com\/fr\/wp-json\/wp\/v2\/comments?post=391227"}],"version-history":[{"count":0,"href":"https:\/\/www.europesays.com\/fr\/wp-json\/wp\/v2\/posts\/391227\/revisions"}],"wp:featuredmedia":[{"embeddable":true,"href":"https:\/\/www.europesays.com\/fr\/wp-json\/wp\/v2\/media\/391228"}],"wp:attachment":[{"href":"https:\/\/www.europesays.com\/fr\/wp-json\/wp\/v2\/media?parent=391227"}],"wp:term":[{"taxonomy":"category","embeddable":true,"href":"https:\/\/www.europesays.com\/fr\/wp-json\/wp\/v2\/categories?post=391227"},{"taxonomy":"post_tag","embeddable":true,"href":"https:\/\/www.europesays.com\/fr\/wp-json\/wp\/v2\/tags?post=391227"}],"curies":[{"name":"wp","href":"https:\/\/api.w.org\/{rel}","templated":true}]}}