{"id":391229,"date":"2025-09-14T22:48:26","date_gmt":"2025-09-14T22:48:26","guid":{"rendered":"https:\/\/www.europesays.com\/fr\/391229\/"},"modified":"2025-09-14T22:48:26","modified_gmt":"2025-09-14T22:48:26","slug":"municipales-2026-a-saint-martin-dheres-une-alliance-inedite-post-neyrpic-pour-partir-en-campagne","status":"publish","type":"post","link":"https:\/\/www.europesays.com\/fr\/391229\/","title":{"rendered":"Municipales 2026. \u00c0 Saint-Martin-d&rsquo;H\u00e8res, une alliance in\u00e9dite post-Neyrpic pour partir en campagne\u00a0?"},"content":{"rendered":"<p>En juin dernier,\u00a0Le Dauphin\u00e9 lib\u00e9r\u00e9\u00a0posait\u00a0<a href=\"https:\/\/www.ledauphine.com\/elections\/2025\/06\/24\/isere-saint-martin-d-heres-municipales-2026-les-ecologistes-vont-ils-se-rapprocher-des-communistes\" target=\"_blank\" rel=\"noopener\">LA grande question<\/a>, objet de beaucoup de sp\u00e9culations dans le petit monde politique de la deuxi\u00e8me ville du d\u00e9partement de l\u2019Is\u00e8re\u00a0: les \u00e9cologistes pourraient-ils s\u2019allier avec les communistes (et globalement la majorit\u00e9 plurielle men\u00e9e par le maire communiste <a href=\"https:\/\/www.ledauphine.com\/p\/david-queiros\" target=\"_blank\" rel=\"noopener\">David Queiros<\/a>) et mener campagne ensemble lors du scrutin de mars prochain\u00a0?<\/p>\n<p>Trois mois apr\u00e8s, il semblerait que cette alliance in\u00e9dite \u2013 entre deux camps qui n\u2019ont cess\u00e9 de s\u2019opposer depuis les mandats du maire PCF Ren\u00e9 Proby (1999 \u00e0 2014) \u2013 soit en bonne voie. \u00ab\u00a0Mais rien n\u2019est d\u00e9cid\u00e9 ni act\u00e9 et c\u2019est encore trop t\u00f4t\u00a0\u00bb, nous disent les uns et les autres. Reste que si un deal \u00e0 gauche se faisait, ce serait une petite r\u00e9volution. \u00ab\u00a0D\u2019autant plus que les communistes martin\u00e9rois ne sont pas les plus tendres\u00a0\u00bb, souffle un observateur ext\u00e9rieur qui a quand m\u00eame not\u00e9 des signes d\u2019ouverture du PCF et la petite main tendue des \u00e9cologistes. Il faut dire aussi que, depuis 2020, on a un peu chang\u00e9 d\u2019\u00e9poque \u00e0 Saint-Martin-d\u2019H\u00e8res\u00a0! <a href=\"https:\/\/www.ledauphine.com\/economie\/2025\/07\/10\/isere-saint-martin-d-heres-neyrpic-3-5-millions-de-visiteurs-et-ca-va-encore-grimper\" target=\"_blank\" rel=\"noopener\">Le centre commercial Neyrpic<\/a>, point de cristallisation entre les deux camps, a ouvert ses portes, et le contexte national troubl\u00e9 p\u00e8se aussi au niveau local. \u00ab\u00a0En temps de crise, les \u00e9lecteurs de gauche veulent l\u2019unit\u00e9. Parfois, il faut aussi les \u00e9couter\u00a0\u00bb, nous lan\u00e7ait samedi une autre observatrice ext\u00e9rieure.<\/p>\n","protected":false},"excerpt":{"rendered":"En juin dernier,\u00a0Le Dauphin\u00e9 lib\u00e9r\u00e9\u00a0posait\u00a0LA grande question, objet de beaucoup de sp\u00e9culations dans le petit monde politique de&hellip;\n","protected":false},"author":2,"featured_media":391230,"comment_status":"","ping_status":"","sticky":false,"template":"","format":"standard","meta":{"footnotes":""},"categories":[9566],"tags":[1111,11,2430,112,4188,1777,674,1011,27,2731,108,1985,12,316,25,9448],"class_list":{"0":"post-391229","1":"post","2":"type-post","3":"status-publish","4":"format-standard","5":"has-post-thumbnail","7":"category-grenoble","8":"tag-actu","9":"tag-actualites","10":"tag-auvergne-rhone-alpes","11":"tag-edition-grenoble-agglomeration","12":"tag-elections-municipales","13":"tag-eu","14":"tag-europe","15":"tag-fr","16":"tag-france","17":"tag-grenoble","18":"tag-isere","19":"tag-metropole-de-grenoble","20":"tag-news","21":"tag-politique","22":"tag-republique-francaise","23":"tag-saint-martin-dheres"},"share_on_mastodon":{"url":"https:\/\/pubeurope.com\/@fr\/115205092338638287","error":""},"_links":{"self":[{"href":"https:\/\/www.europesays.com\/fr\/wp-json\/wp\/v2\/posts\/391229","targetHints":{"allow":["GET"]}}],"collection":[{"href":"https:\/\/www.europesays.com\/fr\/wp-json\/wp\/v2\/posts"}],"about":[{"href":"https:\/\/www.europesays.com\/fr\/wp-json\/wp\/v2\/types\/post"}],"author":[{"embeddable":true,"href":"https:\/\/www.europesays.com\/fr\/wp-json\/wp\/v2\/users\/2"}],"replies":[{"embeddable":true,"href":"https:\/\/www.europesays.com\/fr\/wp-json\/wp\/v2\/comments?post=391229"}],"version-history":[{"count":0,"href":"https:\/\/www.europesays.com\/fr\/wp-json\/wp\/v2\/posts\/391229\/revisions"}],"wp:featuredmedia":[{"embeddable":true,"href":"https:\/\/www.europesays.com\/fr\/wp-json\/wp\/v2\/media\/391230"}],"wp:attachment":[{"href":"https:\/\/www.europesays.com\/fr\/wp-json\/wp\/v2\/media?parent=391229"}],"wp:term":[{"taxonomy":"category","embeddable":true,"href":"https:\/\/www.europesays.com\/fr\/wp-json\/wp\/v2\/categories?post=391229"},{"taxonomy":"post_tag","embeddable":true,"href":"https:\/\/www.europesays.com\/fr\/wp-json\/wp\/v2\/tags?post=391229"}],"curies":[{"name":"wp","href":"https:\/\/api.w.org\/{rel}","templated":true}]}}