{"id":391234,"date":"2025-09-14T22:52:13","date_gmt":"2025-09-14T22:52:13","guid":{"rendered":"https:\/\/www.europesays.com\/fr\/391234\/"},"modified":"2025-09-14T22:52:13","modified_gmt":"2025-09-14T22:52:13","slug":"on-a-limpression-quils-nous-ont-vole-quelque-chose-les-lyonnais-enragent-apres-leur-defaite-a-rennes","status":"publish","type":"post","link":"https:\/\/www.europesays.com\/fr\/391234\/","title":{"rendered":"\u00ab\u00a0On a l\u2019impression qu\u2019ils nous ont vol\u00e9 quelque chose\u00a0\u00bb\u00a0: les Lyonnais enragent apr\u00e8s leur d\u00e9faite \u00e0 Rennes"},"content":{"rendered":"<p>      Battus sur le fil, \u00e0 Rennes (3-1), les Lyonnais ne dig\u00e8rent pas leur d\u00e9faite et, surtout, les d\u00e9cisions arbitrales. Pour Jorge Maciel, l\u2019entra\u00eeneur-adjoint de l\u2019OL, Rennes aurait d\u00fb se retrouver \u00e0 dix apr\u00e8s le premier quart d\u2019heure de jeu.<\/p>\n<p>Priv\u00e9s <a href=\"https:\/\/www.letelegramme.fr\/sports\/football\/stade-rennais\/de-nouveau-renversant-le-stade-rennais-prend-le-meilleur-sur-lolympique-lyonnais-6889411.php\" title=\"www.letelegramme.fr\" rel=\"nofollow noopener\" target=\"_blank\">d\u2019une victoire qui semblait leur tendre les bras<\/a>, apr\u00e8s l\u2019exclusion de Tyler Morton, Lyon a \u00ab\u00a0l\u2019impression qu\u2019on (lui) a vol\u00e9 quelque chose\u00a0\u00bb, selon son entra\u00eeneur adjoint, Jorge Maciel, apr\u00e8s la d\u00e9faite 3-1 \u00e0 Rennes, dimanche, pour la 4e journ\u00e9e de Ligue 1. \u00ab\u00a0\u00c0 dix contre onze, c\u2019\u00e9tait dur, cruel, frustrant, et il y a (un sentiment) un peu de r\u00e9volte parce qu\u2019on a l\u2019impression qu\u2019ils nous ont vol\u00e9 quelque chose\u00a0\u00bb, a d\u00e9clar\u00e9 le technicien en conf\u00e9rence de presse.<\/p>\n<p>Tr\u00e8s sup\u00e9rieur \u00e0 son adversaire en d\u00e9but de match, Lyon avait ouvert le score <a href=\"https:\/\/www.letelegramme.fr\/sports\/football\/stade-rennais\/direct-rennes-lyon-le-match-de-la-4e-journee-de-ligue-1-en-direct-6882044.php\" title=\"www.letelegramme.fr\" rel=\"nofollow noopener\" target=\"_blank\">juste avant le quart d\u2019heure <\/a>de jeu par Corentin Tolisso. \u00ab\u00a0On a pas mal ma\u00eetris\u00e9 le match mais on ne l\u2019a pas tu\u00e9, c\u2019est le regret qu\u2019on doit avoir\u00a0\u00bb, a d\u2019ailleurs reconnu Maciel en \u00e9voquant une double occasion \u00e9norme de Khalis Merah juste avant la pause ou celle d\u2019Adam Karabec apr\u00e8s l\u2019heure de jeu.<\/p>\n<p>\u00ab\u00a0Le match bascule avec l\u2019expulsion\u00a0\u00bb<\/p>\n<p>Si Rennes avait sensiblement hauss\u00e9 le ton au retour des vestiaires, Lyon n\u2019avait pas paru vraiment menac\u00e9 jusqu\u2019\u00e0 l\u2019exclusion de Tyler Morton \u00e0 un quart d\u2019heure de la fin. Apr\u00e8s s\u2019\u00eatre fait chiper le ballon par Kader Me\u00eft\u00e9 pr\u00e8s de la ligne de corner rennaise, le milieu de terrain anglais s\u2019est jet\u00e9 pour effectuer un croche-pied sur l\u2019attaquant rennais alors que le ballon \u00e9tait d\u00e9j\u00e0 loin devant, ce que l\u2019arbitre Ruddy Buquet a sanctionn\u00e9 d\u2019un carton rouge direct.<\/p>\n<p>\u00ab\u00a0Le match bascule avec l\u2019expulsion mais il aurait pu basculer avant\u00a0\u00bb, a comment\u00e9 Maciel, pour qui Rennes aurait d\u00fb se retrouver \u00e0 dix en premi\u00e8re p\u00e9riode. \u00ab\u00a0\u00c0 la 17e minute, il y a un carton rouge qui est clair et net pour tout le monde\u00a0\u00bb, a-t-il estim\u00e9 en r\u00e9f\u00e9rence \u00e0 une semelle tr\u00e8s dangereuse d\u2019Anthony Rouault sur Merah que ni l\u2019arbitre ni la Var n\u2019ont cru bon de revoir.<\/p>\n<p>Un carton rouge r\u00e9clam\u00e9<\/p>\n<p>Ironie du sort, c\u2019est le m\u00eame Rouault qui a \u00e9galis\u00e9 \u00e0 la 80e, apr\u00e8s une action confuse sur corner qui a entra\u00een\u00e9 une longue analyse par la Var, cette fois, avant que Me\u00eft\u00e9 ne r\u00e9ussisse un doubl\u00e9 dans le temps additionnel.<\/p>\n<p>\u00ab\u00a0C\u2019est bien que l\u2019on prot\u00e8ge les joueurs mais il faut prot\u00e9ger tout le monde\u00a0\u00bb, a ajout\u00e9 Maciel au sujet de ce qu\u2019il consid\u00e8re \u00eatre un deux poids, deux mesures.<\/p>\n<p>Cr\u00e9dit photo : Photo Damien Meyer\/AFP<\/p>\n","protected":false},"excerpt":{"rendered":"Battus sur le fil, \u00e0 Rennes (3-1), les Lyonnais ne dig\u00e8rent pas leur d\u00e9faite et, surtout, les d\u00e9cisions&hellip;\n","protected":false},"author":2,"featured_media":391235,"comment_status":"","ping_status":"","sticky":false,"template":"","format":"standard","meta":{"footnotes":""},"categories":[2821],"tags":[1111,11,829,1777,674,63,1011,27,12,584,25,60,3087],"class_list":{"0":"post-391234","1":"post","2":"type-post","3":"status-publish","4":"format-standard","5":"has-post-thumbnail","7":"category-rennes","8":"tag-actu","9":"tag-actualites","10":"tag-bretagne","11":"tag-eu","12":"tag-europe","13":"tag-football","14":"tag-fr","15":"tag-france","16":"tag-news","17":"tag-rennes","18":"tag-republique-francaise","19":"tag-sports","20":"tag-stade-rennais"},"share_on_mastodon":{"url":"https:\/\/pubeurope.com\/@fr\/115205108307124129","error":""},"_links":{"self":[{"href":"https:\/\/www.europesays.com\/fr\/wp-json\/wp\/v2\/posts\/391234","targetHints":{"allow":["GET"]}}],"collection":[{"href":"https:\/\/www.europesays.com\/fr\/wp-json\/wp\/v2\/posts"}],"about":[{"href":"https:\/\/www.europesays.com\/fr\/wp-json\/wp\/v2\/types\/post"}],"author":[{"embeddable":true,"href":"https:\/\/www.europesays.com\/fr\/wp-json\/wp\/v2\/users\/2"}],"replies":[{"embeddable":true,"href":"https:\/\/www.europesays.com\/fr\/wp-json\/wp\/v2\/comments?post=391234"}],"version-history":[{"count":0,"href":"https:\/\/www.europesays.com\/fr\/wp-json\/wp\/v2\/posts\/391234\/revisions"}],"wp:featuredmedia":[{"embeddable":true,"href":"https:\/\/www.europesays.com\/fr\/wp-json\/wp\/v2\/media\/391235"}],"wp:attachment":[{"href":"https:\/\/www.europesays.com\/fr\/wp-json\/wp\/v2\/media?parent=391234"}],"wp:term":[{"taxonomy":"category","embeddable":true,"href":"https:\/\/www.europesays.com\/fr\/wp-json\/wp\/v2\/categories?post=391234"},{"taxonomy":"post_tag","embeddable":true,"href":"https:\/\/www.europesays.com\/fr\/wp-json\/wp\/v2\/tags?post=391234"}],"curies":[{"name":"wp","href":"https:\/\/api.w.org\/{rel}","templated":true}]}}