{"id":391236,"date":"2025-09-14T22:53:24","date_gmt":"2025-09-14T22:53:24","guid":{"rendered":"https:\/\/www.europesays.com\/fr\/391236\/"},"modified":"2025-09-14T22:53:24","modified_gmt":"2025-09-14T22:53:24","slug":"a-strasbourg-les-archives-dalsace-devoilent-leurs-secrets","status":"publish","type":"post","link":"https:\/\/www.europesays.com\/fr\/391236\/","title":{"rendered":"\u00e0 Strasbourg, les Archives d\u2019Alsace d\u00e9voilent leurs secrets !"},"content":{"rendered":"<p>    <img loading=\"lazy\" width=\"1800\" height=\"900\" src=\"https:\/\/www.europesays.com\/fr\/wp-content\/uploads\/2025\/08\/jeanne-callthepolice.jpg\" class=\"attachment-full size-full\" alt=\"\" id=\"imageLove\" decoding=\"async\"  \/><\/p>\n<p id=\"breadcrumbs\"><a href=\"https:\/\/pokaa.fr\/\" rel=\"nofollow noopener\" target=\"_blank\">Accueil<\/a> \/ <a href=\"https:\/\/pokaa.fr\/categories\/ses-sorties\/\" rel=\"nofollow noopener\" target=\"_blank\">Sorties<\/a> \/ Journ\u00e9es du Patrimoine : \u00e0 Strasbourg, les Archives d\u2019Alsace d\u00e9voilent leurs secrets !<\/p>\n<p>                    Sorties<\/p>\n<p><b>Moment phare de la rentr\u00e9e, les Journ\u00e9es <\/b><strong><b>europ\u00e9ennes du Patrimoine reviennent ! Une 42e \u00e9dition qui ouvrira les portes de nombreux lieux insolites, dont les Archives d\u2019Alsace (de Strasbourg), qui nous plongeront dans leur univers secret les 20 et 21 septembre. En rayon ? Une exposition, des rencontres avec ses agent(e)s, un zoom sur leurs missions\u2026 Et des visites th\u00e9matiques, ainsi que des zones habituellement interdites au public.<\/b><\/strong><\/p>\n<p><b>Depuis 1984<\/b>, chaque ann\u00e9e au mois de septembre, le patrimoine de France et de Navarre (et de plus de 50 pays d\u2019Europe et du monde) ouvre ses portes aux curieux\/ses pour sensibiliser \u00e0 sa pr\u00e9servation. Ce sont <b>les Journ\u00e9es europ\u00e9ennes du Patrimoine : un rendez-vous avec la culture, gratuit et familial<\/b>.<\/p>\n<p>Pour chaque lieu, l\u2019occasion de faire d\u00e9couvrir ses missions, et ses recoins les plus secrets. Et <b>les 20 et 21 septembre,<\/b> parmi les nombreuses structures qui se laisseront d\u00e9couvrir gratuitement, <strong>il y a les Archives d\u2019Alsace.<\/strong><\/p>\n<p>    <img width=\"800\" height=\"598\" src=\"https:\/\/www.europesays.com\/fr\/wp-content\/uploads\/2025\/09\/archives-alsace-800x598.jpg\" class=\"attachment-image-size-L size-image-size-L\" alt=\"archives alsace\" decoding=\"async\" loading=\"lazy\"  \/>         \u00a9 Archives d&rsquo;Alsace \/ Document remis <\/p>\n<p>Mais que sont-elles ? Issues de la fusion, en 2021, des anciennes Archives d\u00e9partementales du Haut-Rhin et du Bas-Rhin, elles sont charg\u00e9es de <b>la conservation des documents r\u00e9gionaux<\/b>.<\/p>\n<p>Dans leurs rayons, <b>pr\u00e8s de 15 si\u00e8cles d\u2019histoire<\/b>, et nous dit-on\u00a0: <b>\u00ab\u00a0pr\u00e8s de 70 kilom\u00e8tres lin\u00e9aires de documents\u00a0\u00bb<\/b> et \u00ab\u00a0de quoi relier Strasbourg \u00e0 Colmar en posant chaque bo\u00eete l\u2019une \u00e0 c\u00f4t\u00e9 de l\u2019autre\u00a0\u00bb.<\/p>\n<p>                <a href=\"https:\/\/pokaa.fr\/2025\/09\/01\/journees-du-patrimoine-a-strasbourg-10-rendez-vous-gratuits-a-ne-pas-manquer\/\" rel=\"nofollow noopener\" target=\"_blank\"><br \/>\n                    <img width=\"450\" height=\"270\" src=\"https:\/\/www.europesays.com\/fr\/wp-content\/uploads\/2025\/09\/aj1-450x270.png\" class=\"attachment-card-horizontal--same-subject size-card-horizontal--same-subject wp-post-image\" alt=\"\" decoding=\"async\" loading=\"lazy\"\/>                <\/a><\/p>\n<p>    <img width=\"800\" height=\"600\" src=\"https:\/\/www.europesays.com\/fr\/wp-content\/uploads\/2025\/09\/archives-alsace-dollinger-800x600.jpg\" class=\"attachment-image-size-L size-image-size-L\" alt=\"archives alsace dollinger\" decoding=\"async\" loading=\"lazy\"  \/>         \u00a9 Archives d&rsquo;Alsace \/ Document remis <\/p>\n<p>Dans les couloirs de l&rsquo;histoire r\u00e9gionale<\/p>\n<p>Un patrimoine pr\u00e9serv\u00e9 par <strong>une cinquantaine d\u2019agent(e)s<\/strong> aux comp\u00e9tences diverses, et qui \u00ab\u00a0agissent \u00e0 chaque \u00e9tape de la vie de dizaines de millions de documents\u00a0\u00bb. Ce sont elles et eux qui vous accueilleront le week-end du 20 et 21 septembre, pour partir sur leurs traces, \u00e0 la d\u00e9couverte des Archives.<\/p>\n<p>Avec <b>\u00ab\u00a0M\u00e9tiers et mati\u00e8res aux Archives d\u2019Alsace\u00a0: l\u2019expertise au service du public\u00a0\u00bb<\/b>, c\u2019est au travers de jeux et vid\u00e9os que les archivistes, leurs missions et exp\u00e9riences, se d\u00e9voileront. Une fa\u00e7on ludique de <b>d\u00e9poussi\u00e9rer les clich\u00e9s<\/b> de la profession et d\u2019<b>apprendre leurs secrets, <\/b>et peut-\u00eatre m\u00eame certaines de leurs comp\u00e9tences !<\/p>\n<p>    <img width=\"800\" height=\"533\" src=\"https:\/\/www.europesays.com\/fr\/wp-content\/uploads\/2025\/09\/20240612-archives-colmar-ss-56-800x533.jpg\" class=\"attachment-image-size-L size-image-size-L\" alt=\"Archives Alsace\" decoding=\"async\" loading=\"lazy\"  \/>         \u00ab M\u00e9tiers et mati\u00e8res \u00bb, reportage aux Archives du site de Colmar. \u00a9 S\u00e9bastien Sutter &#8211; CeA \/ Document remis <\/p>\n<p>Plus insolites encore\u00a0: les <b>visites guid\u00e9es du b\u00e2timent<\/b> qui nous entra\u00eeneront dans <b>des zones habituellement interdites<\/b>. Elles partiront <b>toutes les heures de 14h \u00e0 17h<\/b>, dans le d\u00e9dale des salles\u2026 Des magasins aux salles de tri, en passant par la d\u00e9couverte de dr\u00f4les d\u2019outils, et de documents remarquables !<\/p>\n<p>Et enfin, accessible en continu\u00a0:<a href=\"https:\/\/archives.alsace.eu\/agenda\/liberte-et-fraternite-1525-la-guerre-des-paysans-en-alsace\/\" target=\"_blank\" rel=\"noopener nofollow\"><b> l\u2019exposition<\/b> <b>Libert\u00e9 et fraternit\u00e9 : 1525, la guerre des paysans en Alsace <\/b><\/a>dans des visites libres ou th\u00e9matiques.<\/p>\n<p>                <img width=\"750\" height=\"500\" src=\"https:\/\/www.europesays.com\/fr\/wp-content\/uploads\/2025\/09\/mg-0039-750x500.jpg\" class=\"attachment-gallery size-gallery\" alt=\"Archives Alsace\" data-full-url=\"https:\/\/pokaa.fr\/wp-content\/uploads\/2025\/09\/08\/mg-0039.jpg\" decoding=\"async\" loading=\"lazy\"  \/>            <\/p>\n<p>                <img width=\"750\" height=\"500\" src=\"https:\/\/www.europesays.com\/fr\/wp-content\/uploads\/2025\/09\/499373459-1119569193537786-416977880716234785-n-750x500.jpg\" class=\"attachment-gallery size-gallery\" alt=\"archives alsace\" data-full-url=\"https:\/\/pokaa.fr\/wp-content\/uploads\/2025\/09\/09\/499373459-1119569193537786-416977880716234785-n.jpg\" decoding=\"async\" loading=\"lazy\"  \/>            <\/p>\n<p>                <img width=\"750\" height=\"500\" src=\"https:\/\/www.europesays.com\/fr\/wp-content\/uploads\/2025\/09\/499934044-1119570793537626-8111354935769936807-n-750x500.jpg\" class=\"attachment-gallery size-gallery\" alt=\"archives alsace\" data-full-url=\"https:\/\/pokaa.fr\/wp-content\/uploads\/2025\/09\/09\/499934044-1119570793537626-8111354935769936807-n.jpg\" decoding=\"async\" loading=\"lazy\"  \/>            <\/p>\n<p>                    Exposition \u00ab\u00a0Libert\u00e9 et fraternit\u00e9\u00a0: 1525, la guerre des paysans en Alsace\u00a0\u00bb aux Archives d&rsquo;Alsace. \u00a9 No\u00e9 Nam\u00e8che &#8211; CeA \/ Documents remis<\/p>\n<p>Un gros plan sur le soul\u00e8vement des paysan(ne)s, en 1525, anim\u00e9(e)s par <b>des<\/b><b> \u00ab\u00a0aspirations <\/b><b>\u00e0 la libert\u00e9, \u00e0 la fraternit\u00e9 et \u00e0 un nouvel ordre social\u00a0\u00bb<\/b> qui trouve ses racines dans cette \u00ab\u00a0<b>\u00e9bullition intellectuelle, spirituelle, sociale <\/b>et technique du d\u00e9but du XVIe si\u00e8cle, entre <b>Renaissance et R\u00e9forme<\/b>\u00a0\u00bb. Une page de l\u2019histoire alsacienne, retrac\u00e9e en une s\u00e9lection de manuscrits d\u2019\u00e9poque, de reproductions de gravures, ainsi que d\u2019imprim\u00e9s satiriques et de pages de titres.<\/p>\n<p align=\"JUSTIFY\">Pour mieux comprendre le mouvement, il sera possible de rejoindre l\u2019une des <b>visites \u00ab\u00a0flash\u00a0\u00bb de l\u2019apr\u00e8s-midi <\/b>(d\u2019une quinzaine de minutes). Avec des th\u00e9matiques aussi vari\u00e9es que\u00a0: \u00ab\u00a0Libert\u00e9, libert\u00e9s\u00a0\u00bb, \u00ab\u00a0Tu es mon fr\u00e8re\u00a0\u00bb, \u00ab\u00a0Gemeiner Mann, qui es-tu ?\u00a0\u00bb, \u00ab\u00a0O\u00f9 sont les femmes ?\u00a0\u00bb et \u00ab\u00a0\u2018Je le jure\u2019\u00a0: le sacr\u00e9 et la parole en 1525\u00a0\u00bb.<\/p>\n<p>Et rappelons-nous d\u2019une chose\u00a0:<strong> lire l\u2019histoire, c\u2019est mieux comprendre le pr\u00e9sent<\/strong>.<\/p>\n<p>            Journ\u00e9es europ\u00e9ennes du Patrimoine aux Archives d&rsquo;Alsace<\/p>\n<p>            Quoi ? <\/p>\n<p>Visites, rencontres et exposition aux Archives d\u2019Alsace (site de Strasbourg) dans le cadre des Journ\u00e9es europ\u00e9ennes du Patrimoine<\/p>\n<p>                Quand ?<\/p>\n<p>Samedi 20 et dimanche 21 septembre, de 14h \u00e0 18h<\/p>\n<p>            o\u00f9 ?<\/p>\n<p>Aux Archives d\u2019Alsace (site de Strasbourg), 6 rue Philippe-Dollinger \u00e0 Strasbourg (en face du Vaisseau)<\/p>\n<p>                Plus d&rsquo;infos ?<\/p>\n<p><a href=\"https:\/\/archives.alsace.eu\/\" target=\"_blank\" rel=\"noopener nofollow\">Site web des Archives d\u2019Alsace<\/a><\/p>\n<p><a href=\"https:\/\/archives.alsace.eu\/agenda\/journees-europeennes-du-patrimoine-2025-les-archives-dalsace-ouvrent-leurs-portes\/\" target=\"_blank\" rel=\"noopener nofollow\">Programme complet des Journ\u00e9es europ\u00e9ennes du Patrimoine aux Archives d\u2019Alsace<\/a><\/p>\n<p class=\"text_key bordered color-blue500\">Entr\u00e9e libre et gratuite \u2013 Pas de r\u00e9servation n\u00e9cessaire<\/p>\n","protected":false},"excerpt":{"rendered":"Accueil \/ Sorties \/ Journ\u00e9es du Patrimoine : \u00e0 Strasbourg, les Archives d\u2019Alsace d\u00e9voilent leurs secrets ! Sorties&hellip;\n","protected":false},"author":2,"featured_media":391237,"comment_status":"","ping_status":"","sticky":false,"template":"","format":"standard","meta":{"footnotes":""},"categories":[2820],"tags":[1111,11,52337,1777,674,3293,1011,27,775,326,1757,47275,12,25,640,510,4064],"class_list":{"0":"post-391236","1":"post","2":"type-post","3":"status-publish","4":"format-standard","5":"has-post-thumbnail","7":"category-strasbourg","8":"tag-actu","9":"tag-actualites","10":"tag-archives-dalsace","11":"tag-eu","12":"tag-europe","13":"tag-exposition","14":"tag-fr","15":"tag-france","16":"tag-grand-est","17":"tag-gratuit","18":"tag-insolite","19":"tag-journees-europeennes-du-patrimoine","20":"tag-news","21":"tag-republique-francaise","22":"tag-strasbourg","23":"tag-visite","24":"tag-week-end"},"share_on_mastodon":{"url":"https:\/\/pubeurope.com\/@fr\/115205112440589441","error":""},"_links":{"self":[{"href":"https:\/\/www.europesays.com\/fr\/wp-json\/wp\/v2\/posts\/391236","targetHints":{"allow":["GET"]}}],"collection":[{"href":"https:\/\/www.europesays.com\/fr\/wp-json\/wp\/v2\/posts"}],"about":[{"href":"https:\/\/www.europesays.com\/fr\/wp-json\/wp\/v2\/types\/post"}],"author":[{"embeddable":true,"href":"https:\/\/www.europesays.com\/fr\/wp-json\/wp\/v2\/users\/2"}],"replies":[{"embeddable":true,"href":"https:\/\/www.europesays.com\/fr\/wp-json\/wp\/v2\/comments?post=391236"}],"version-history":[{"count":0,"href":"https:\/\/www.europesays.com\/fr\/wp-json\/wp\/v2\/posts\/391236\/revisions"}],"wp:featuredmedia":[{"embeddable":true,"href":"https:\/\/www.europesays.com\/fr\/wp-json\/wp\/v2\/media\/391237"}],"wp:attachment":[{"href":"https:\/\/www.europesays.com\/fr\/wp-json\/wp\/v2\/media?parent=391236"}],"wp:term":[{"taxonomy":"category","embeddable":true,"href":"https:\/\/www.europesays.com\/fr\/wp-json\/wp\/v2\/categories?post=391236"},{"taxonomy":"post_tag","embeddable":true,"href":"https:\/\/www.europesays.com\/fr\/wp-json\/wp\/v2\/tags?post=391236"}],"curies":[{"name":"wp","href":"https:\/\/api.w.org\/{rel}","templated":true}]}}