{"id":391238,"date":"2025-09-14T22:54:10","date_gmt":"2025-09-14T22:54:10","guid":{"rendered":"https:\/\/www.europesays.com\/fr\/391238\/"},"modified":"2025-09-14T22:54:10","modified_gmt":"2025-09-14T22:54:10","slug":"lenorme-coup-de-gueule-de-liam-rosenior-contre-une-partie-des-supporters","status":"publish","type":"post","link":"https:\/\/www.europesays.com\/fr\/391238\/","title":{"rendered":"l\u2019\u00e9norme coup de gueule de Liam Rosenior contre une partie des supporters"},"content":{"rendered":"<p>Malgr\u00e9 la victoire arrach\u00e9e de <a href=\"https:\/\/www.footmercato.net\/club\/rc-strasbourg-alsace\/\" rel=\"nofollow noopener\" target=\"_blank\">Strasbourg<\/a> contre Le Havre (1-0), Liam Rosenior a pouss\u00e9 un gros coup de gueule. Face \u00e0 la col\u00e8re des supporters alsaciens suite au d\u00e9part d\u2019Emanuel Emegha, transf\u00e9r\u00e9 chez le club s\u0153ur de Chelsea, l\u2019entra\u00eeneur de Strasbourg a jug\u00e9 inadmissible la banderole des Ultras visant le capitaine du club alsacien. Quelques jours apr\u00e8s l\u2019annonce de son transfert, le kop affichait : \u00abEmegha pion de BlueCo apr\u00e8s avoir chang\u00e9 de maillot, rends ton brassard\u00bb, en refusant de c\u00e9l\u00e9brer la victoire.<\/p>\n<p>            La suite apr\u00e8s cette publicit\u00e9<\/p>\n<p>\u00abEmegha m\u00e9rite de jouer dans un grand club. Il le m\u00e9rite au vu de ses performances de la saison pass\u00e9e. Si \u00e7a n\u2019avait pas \u00e9t\u00e9 Chelsea, \u00e7a aurait \u00e9t\u00e9 un autre grand club. Je suis d\u00e9vast\u00e9. J\u2019ai l\u2019impression que tout revient \u00e0 z\u00e9ro. On a tout donn\u00e9 pour les fans la saison derni\u00e8re. Nous sommes d\u00e9\u00e7us de leur r\u00e9action. Ce n\u2019est pas tous les supporters, c\u2019est une minorit\u00e9. Ils ne respectent pas mes joueurs. Mais je les invite chez moi. S\u2019ils veulent mon adresse, je leur donne et nous allons nous asseoir et discuter. Je peux comprendre leur avis sur la multipropri\u00e9t\u00e9, mais nous jouons l\u2019Europe depuis bien longtemps. Donc, respectez-nous et respectez le club\u00bb. <\/p>\n<p>\n    Pub. le 14\/09\/2025 23:51<br \/>\n            &#8211; MAJ le 15\/09\/2025 00:30\n    <\/p>\n","protected":false},"excerpt":{"rendered":"Malgr\u00e9 la victoire arrach\u00e9e de Strasbourg contre Le Havre (1-0), Liam Rosenior a pouss\u00e9 un gros coup de&hellip;\n","protected":false},"author":2,"featured_media":90783,"comment_status":"","ping_status":"","sticky":false,"template":"","format":"standard","meta":{"footnotes":""},"categories":[2820],"tags":[1111,11,1777,674,1011,27,775,12,25,640],"class_list":{"0":"post-391238","1":"post","2":"type-post","3":"status-publish","4":"format-standard","5":"has-post-thumbnail","7":"category-strasbourg","8":"tag-actu","9":"tag-actualites","10":"tag-eu","11":"tag-europe","12":"tag-fr","13":"tag-france","14":"tag-grand-est","15":"tag-news","16":"tag-republique-francaise","17":"tag-strasbourg"},"share_on_mastodon":{"url":"https:\/\/pubeurope.com\/@fr\/115205116071100690","error":""},"_links":{"self":[{"href":"https:\/\/www.europesays.com\/fr\/wp-json\/wp\/v2\/posts\/391238","targetHints":{"allow":["GET"]}}],"collection":[{"href":"https:\/\/www.europesays.com\/fr\/wp-json\/wp\/v2\/posts"}],"about":[{"href":"https:\/\/www.europesays.com\/fr\/wp-json\/wp\/v2\/types\/post"}],"author":[{"embeddable":true,"href":"https:\/\/www.europesays.com\/fr\/wp-json\/wp\/v2\/users\/2"}],"replies":[{"embeddable":true,"href":"https:\/\/www.europesays.com\/fr\/wp-json\/wp\/v2\/comments?post=391238"}],"version-history":[{"count":0,"href":"https:\/\/www.europesays.com\/fr\/wp-json\/wp\/v2\/posts\/391238\/revisions"}],"wp:featuredmedia":[{"embeddable":true,"href":"https:\/\/www.europesays.com\/fr\/wp-json\/wp\/v2\/media\/90783"}],"wp:attachment":[{"href":"https:\/\/www.europesays.com\/fr\/wp-json\/wp\/v2\/media?parent=391238"}],"wp:term":[{"taxonomy":"category","embeddable":true,"href":"https:\/\/www.europesays.com\/fr\/wp-json\/wp\/v2\/categories?post=391238"},{"taxonomy":"post_tag","embeddable":true,"href":"https:\/\/www.europesays.com\/fr\/wp-json\/wp\/v2\/tags?post=391238"}],"curies":[{"name":"wp","href":"https:\/\/api.w.org\/{rel}","templated":true}]}}