{"id":391239,"date":"2025-09-14T22:55:25","date_gmt":"2025-09-14T22:55:25","guid":{"rendered":"https:\/\/www.europesays.com\/fr\/391239\/"},"modified":"2025-09-14T22:55:25","modified_gmt":"2025-09-14T22:55:25","slug":"la-journee-departemental-des-aidants-fait-son-retour-en-2025","status":"publish","type":"post","link":"https:\/\/www.europesays.com\/fr\/391239\/","title":{"rendered":"La Journ\u00e9e D\u00e9partemental des aidants fait son retour en 2025"},"content":{"rendered":"<p>Une journ\u00e9e pour souffler, partager et repartir avec des conseils pour mieux vivre votre quotidien d\u2019aidant<\/p>\n<p><strong>Au programme de l&rsquo;\u00e9dition 2025 :<\/strong><\/p>\n<ul>\n<li><strong>9h00 <\/strong>: Accueil caf\u00e9\u00a0<\/li>\n<li><strong>10h00<\/strong> : Repr\u00e9sentation th\u00e9\u00e2tre-forum : \u00ab\u00a0L\u2019envers du quotidien\u00a0\u00bb<\/li>\n<li><strong>12h00 <\/strong>: Pause d\u00e9tente avec ateliers bien-\u00eatre<\/li>\n<li><strong>14h00 <\/strong>: Accueil Caf\u00e9\u00a0<\/li>\n<li><strong>14h30 <\/strong>: Projection en avant-premi\u00e8re du court m\u00e9trage \u00ab\u00a0Comme tout le monde\u00a0\u00bb<\/li>\n<li><strong>15h30 <\/strong>: D\u00e9bat avec la r\u00e9alisatrice du film et une \u00e9quipe de professionnels\u00a0<\/li>\n<\/ul>\n<p>\u00c0 propos de la pi\u00e8ce\u00a0<\/p>\n<p><img decoding=\"async\" data-entity-uuid=\"99452fef-0168-46e6-96f5-06ca57ca53a4\" data-entity-type=\"file\" src=\"https:\/\/www.europesays.com\/fr\/wp-content\/uploads\/2025\/09\/image1_4.png\" alt=\"L'envers du d\u00e9cors\" width=\"225\" class=\"align-left\" height=\"583\" loading=\"lazy\"\/><\/p>\n<p>\u00a0<\/p>\n<p>Le th\u00e9\u00e2tre-forum est un spectacle de th\u00e9\u00e2tre interactif qui permet par le biais du jeu th\u00e9\u00e2tral de faire \u00e9merger la parole et la r\u00e9flexion autour d\u2019un th\u00e8me choisi.<\/p>\n<p>Des pistes de r\u00e9flexion \u00e9mergent sous une forme ludique et r\u00e9v\u00e8lent que chacun poss\u00e8de des connaissances issues de ses exp\u00e9riences.\u00a0<\/p>\n<p>\u00a0<\/p>\n<p>\u00c0 propos du film<\/p>\n<p><img decoding=\"async\" data-entity-uuid=\"7267ac3f-3ea5-412a-aa2d-542586fe3c22\" data-entity-type=\"file\" src=\"https:\/\/www.europesays.com\/fr\/wp-content\/uploads\/2025\/09\/affichefilm_commetoutlemonde_mc.jpg\" alt=\"Comme tout le monde\" width=\"225\" class=\"align-left\" height=\"4961\" loading=\"lazy\"\/><\/p>\n<p>\u00a0<\/p>\n<p>\u00c0 travers Comme tout le monde, la r\u00e9alisatrice plonge le spectateur dans l\u2019intimit\u00e9 d\u2019un couple \u2013 Donna et Abdel \u2013 qui fait face au quotidien exigeant du polyhandicap de leur fils adulte, Eliott. Ce film explore avec sensibilit\u00e9 l&rsquo;usure \u00e9motionnelle des aidants familiaux, leurs sacrifices silencieux, mais aussi la force et la r\u00e9silience qui les maintiennent ensemble.\u00a0<\/p>\n<p>Le film aborde la question du \u00ab\u00a0l\u00e2cher prise\u00a0\u00bb dans un univers o\u00f9 tout semble vouloir nous rappeler notre responsabilit\u00e9.<\/p>\n<p>\u00a0<\/p>\n<p class=\"encadre\"><strong>R\u00c9SERVATIONS :<\/strong> par t\u00e9l\u00e9phone <strong>0 805 404 022<\/strong> ou par <a href=\"https:\/\/www.departement06.fr\/get-mail-to\/bnZxbmFnZjA2L25nL3FyY25lZ3J6cmFnMDYvcWJnL3Nl\" target=\"_blank\" rel=\"nofollow noopener\">Courriel<\/a><\/p>\n<p>S&rsquo;y rendre<\/p>\n","protected":false},"excerpt":{"rendered":"Une journ\u00e9e pour souffler, partager et repartir avec des conseils pour mieux vivre votre quotidien d\u2019aidant Au programme&hellip;\n","protected":false},"author":2,"featured_media":391240,"comment_status":"","ping_status":"","sticky":false,"template":"","format":"standard","meta":{"footnotes":""},"categories":[2819],"tags":[1111,11,1777,674,1011,27,12,2401,882,25],"class_list":{"0":"post-391239","1":"post","2":"type-post","3":"status-publish","4":"format-standard","5":"has-post-thumbnail","7":"category-nice","8":"tag-actu","9":"tag-actualites","10":"tag-eu","11":"tag-europe","12":"tag-fr","13":"tag-france","14":"tag-news","15":"tag-nice","16":"tag-provence-alpes-cote-dazur","17":"tag-republique-francaise"},"share_on_mastodon":{"url":"https:\/\/pubeurope.com\/@fr\/115205120346522276","error":""},"_links":{"self":[{"href":"https:\/\/www.europesays.com\/fr\/wp-json\/wp\/v2\/posts\/391239","targetHints":{"allow":["GET"]}}],"collection":[{"href":"https:\/\/www.europesays.com\/fr\/wp-json\/wp\/v2\/posts"}],"about":[{"href":"https:\/\/www.europesays.com\/fr\/wp-json\/wp\/v2\/types\/post"}],"author":[{"embeddable":true,"href":"https:\/\/www.europesays.com\/fr\/wp-json\/wp\/v2\/users\/2"}],"replies":[{"embeddable":true,"href":"https:\/\/www.europesays.com\/fr\/wp-json\/wp\/v2\/comments?post=391239"}],"version-history":[{"count":0,"href":"https:\/\/www.europesays.com\/fr\/wp-json\/wp\/v2\/posts\/391239\/revisions"}],"wp:featuredmedia":[{"embeddable":true,"href":"https:\/\/www.europesays.com\/fr\/wp-json\/wp\/v2\/media\/391240"}],"wp:attachment":[{"href":"https:\/\/www.europesays.com\/fr\/wp-json\/wp\/v2\/media?parent=391239"}],"wp:term":[{"taxonomy":"category","embeddable":true,"href":"https:\/\/www.europesays.com\/fr\/wp-json\/wp\/v2\/categories?post=391239"},{"taxonomy":"post_tag","embeddable":true,"href":"https:\/\/www.europesays.com\/fr\/wp-json\/wp\/v2\/tags?post=391239"}],"curies":[{"name":"wp","href":"https:\/\/api.w.org\/{rel}","templated":true}]}}