{"id":391243,"date":"2025-09-14T22:57:19","date_gmt":"2025-09-14T22:57:19","guid":{"rendered":"https:\/\/www.europesays.com\/fr\/391243\/"},"modified":"2025-09-14T22:57:19","modified_gmt":"2025-09-14T22:57:19","slug":"la-saison-culturelle-des-sorinieres-sarticule-autour-de-la-parentalite","status":"publish","type":"post","link":"https:\/\/www.europesays.com\/fr\/391243\/","title":{"rendered":"La saison culturelle des Sorini\u00e8res s\u2019articule autour de la parentalit\u00e9"},"content":{"rendered":"<p>Comme chaque ann\u00e9e, <a href=\"https:\/\/www.ouest-france.fr\/pays-de-la-loire\/les-sorinieres-44840\/\" rel=\"nofollow noopener\" target=\"_blank\">la ville des Sorini\u00e8res (Loire-Atlantique)<\/a> propose un panel d\u2019\u00e9v\u00e9nements invitant au partage et \u00e0 la d\u00e9couverte. La premi\u00e8re partie de cette saison culturelle, de septembre\u00a02025 \u00e0 janvier\u00a02026, a cependant une particularit\u00e9\u00a0: elle s\u2019articule autour d\u2019un fil rouge, d\u2019une th\u00e9matique commune \u00e0 l\u2019ensemble de ses manifestations, \u00e0 savoir la parentalit\u00e9. <br align=\"block\"\/>\u00ab\u00a0Ainsi, la mairie entend r\u00e9pondre aux questions que certains parents peuvent se poser \u2013 en mati\u00e8re d\u2019\u00e9ducation, de gestion du stress, de la fatigue et m\u00eame de contraception <strong>  \u2013 en leur proposant des moments privil\u00e9gi\u00e9s \u00e0 partager avec leurs enfants, pour se divertir et apprendre ensemble, mais aussi des moments pour se rencontrer et \u00e9changer\u00a0\u00bb,<\/strong> pr\u00e9cise Bruno Cailleteau, adjoint \u00e0 la culture.<\/p>\n<p><strong>Des spectacles pour petits et grands<\/strong><\/p>\n<p>Les familles auront rendez-vous dimanche 12\u00a0octobre pour un concert rock\u2019n\u2019toys endiabl\u00e9 et d\u00e9coiffant du groupe Wackids, \u00e0 l\u2019espace Hippolyte-Derouet. Un spectacle de th\u00e9\u00e2tre jeune public, \u00e0 petit prix, Librairie Chamboul\u2019tout, aura lieu le 16\u00a0novembre, et un conte, sign\u00e9 pour les tout-petits, Toc Toc Doudou, avec la compagnie la Bobinette cherrasera, sera \u00e0 d\u00e9couvrir, samedi 6\u00a0d\u00e9cembre.<\/p>\n<p><strong>Un cycle d\u2019ateliers et d\u2019animations \u00e0 la m\u00e9diath\u00e8que<\/strong><\/p>\n<p>La m\u00e9diath\u00e8que l\u2019\u00c9chapp\u00e9e a d\u00e9velopp\u00e9 un programme d\u2019ateliers autour de la parentalit\u00e9 qui d\u00e9butera samedi 27\u00a0septembre par un atelier bien-\u00eatre parental, avec la pr\u00e9sence d\u2019une naturopathe et d\u2019une psychologue. En parall\u00e8le, la m\u00e9diath\u00e8que compte, dans sa programmation habituelle, plusieurs animations destin\u00e9es aux familles.<\/p>\n<p><strong>Trois cin\u00e9s d\u00e9bats pour casser les pr\u00e9jug\u00e9s<\/strong><\/p>\n<p>Le cycle d\u00e9bute avec la projection de Tous dehors, jeudi 18\u00a0septembre, et se poursuivra dans l\u2019automne avec Nemchou et Vasectomie. D\u2019autres animations sont pr\u00e9vues dans l\u2019agenda culturel \u00e0 la m\u00e9diath\u00e8que. Enfin, pour f\u00eater la fin des travaux de la place Simone-Veil, la municipalit\u00e9 propose un concert en plein air sur cet espace.<\/p>\n<p>Plus d\u2019informations sur la saison culturelle et r\u00e9servations\u00a0: www.ville-sorinieres.fr\/actualites\/saison-culturelle-parentalite\/.<\/p>\n<p>\u00a0<\/p>\n","protected":false},"excerpt":{"rendered":"Comme chaque ann\u00e9e, la ville des Sorini\u00e8res (Loire-Atlantique) propose un panel d\u2019\u00e9v\u00e9nements invitant au partage et \u00e0 la&hellip;\n","protected":false},"author":2,"featured_media":391244,"comment_status":"","ping_status":"","sticky":false,"template":"","format":"standard","meta":{"footnotes":""},"categories":[2818],"tags":[1111,11,52338,7051,17765,1777,674,1011,27,766,12,6197,2636,25,3272,3242,42269],"class_list":{"0":"post-391243","1":"post","2":"type-post","3":"status-publish","4":"format-standard","5":"has-post-thumbnail","7":"category-nantes","8":"tag-actu","9":"tag-actualites","10":"tag-articule","11":"tag-autour","12":"tag-culturelle","13":"tag-eu","14":"tag-europe","15":"tag-fr","16":"tag-france","17":"tag-nantes","18":"tag-news","19":"tag-parentalite","20":"tag-pays-de-la-loire","21":"tag-republique-francaise","22":"tag-saint-nazaire","23":"tag-saison","24":"tag-sorinieres"},"share_on_mastodon":{"url":"https:\/\/pubeurope.com\/@fr\/115205128144683574","error":""},"_links":{"self":[{"href":"https:\/\/www.europesays.com\/fr\/wp-json\/wp\/v2\/posts\/391243","targetHints":{"allow":["GET"]}}],"collection":[{"href":"https:\/\/www.europesays.com\/fr\/wp-json\/wp\/v2\/posts"}],"about":[{"href":"https:\/\/www.europesays.com\/fr\/wp-json\/wp\/v2\/types\/post"}],"author":[{"embeddable":true,"href":"https:\/\/www.europesays.com\/fr\/wp-json\/wp\/v2\/users\/2"}],"replies":[{"embeddable":true,"href":"https:\/\/www.europesays.com\/fr\/wp-json\/wp\/v2\/comments?post=391243"}],"version-history":[{"count":0,"href":"https:\/\/www.europesays.com\/fr\/wp-json\/wp\/v2\/posts\/391243\/revisions"}],"wp:featuredmedia":[{"embeddable":true,"href":"https:\/\/www.europesays.com\/fr\/wp-json\/wp\/v2\/media\/391244"}],"wp:attachment":[{"href":"https:\/\/www.europesays.com\/fr\/wp-json\/wp\/v2\/media?parent=391243"}],"wp:term":[{"taxonomy":"category","embeddable":true,"href":"https:\/\/www.europesays.com\/fr\/wp-json\/wp\/v2\/categories?post=391243"},{"taxonomy":"post_tag","embeddable":true,"href":"https:\/\/www.europesays.com\/fr\/wp-json\/wp\/v2\/tags?post=391243"}],"curies":[{"name":"wp","href":"https:\/\/api.w.org\/{rel}","templated":true}]}}