{"id":391247,"date":"2025-09-14T22:59:19","date_gmt":"2025-09-14T22:59:19","guid":{"rendered":"https:\/\/www.europesays.com\/fr\/391247\/"},"modified":"2025-09-14T22:59:19","modified_gmt":"2025-09-14T22:59:19","slug":"capdenac-gare-la-nouvelle-saison-de-cine-conferences-avec-unipop-debute-par-un-documentaire","status":"publish","type":"post","link":"https:\/\/www.europesays.com\/fr\/391247\/","title":{"rendered":"Capdenac-Gare. La nouvelle saison de cin\u00e9 conf\u00e9rences avec Unipop d\u00e9bute par un documentaire"},"content":{"rendered":"<p>La nouvelle saison Unipop, propos\u00e9e par l\u2019Astrolabe en partenariat avec le cin\u00e9ma Jean-Eustache de Pessac, d\u00e9bute ce lundi 15 septembre, \u00e0 18 h 30, au cin\u00e9ma Atmosph\u00e8re de Capdenac-Gare.<\/p>\n<p>Le public pourra d\u00e9couvrir en avant-premi\u00e8re le documentaire \u00ab\u00a0Put your soul on your hand and walk\u00a0\u00bb (1 h 50, version originale sous-titr\u00e9e), r\u00e9alis\u00e9 par Sepideh Farsi.<\/p>\n<p>Ce film franco palestinien est n\u00e9 de la rencontre entre la cin\u00e9aste et Fatma Hassona, journaliste gazaouie tu\u00e9e le 16 avril 2025 lors d\u2019une attaque isra\u00e9lienne. \u00ab\u00a0Un miracle a eu lieu lorsque j\u2019ai rencontr\u00e9 Fatma Hassona. Elle est devenue mes yeux \u00e0 Gaza, et moi, je suis devenue un lien entre elle et le reste du monde\u00a0\u00bb, explique la r\u00e9alisatrice.<\/p>\n<p>Le film retrace ce dialogue \u00e0 distance, men\u00e9 pendant pr\u00e8s d\u2019un an, \u00e0 travers des fragments d\u2019images et de sons \u00e9chang\u00e9s.<\/p>\n<p>La projection sera suivie, \u00e0 20 h 30, d\u2019une rencontre retransmise en direct avec Sepideh Farsi, depuis le cin\u00e9ma de Pessac.<\/p>\n<p>N\u00e9e en Iran, militante pour la d\u00e9mocratie, install\u00e9e en France depuis ses 18 ans, la cin\u00e9aste a d\u00e9j\u00e0 r\u00e9alis\u00e9 une quinzaine de films, parmi lesquels \u00ab\u00a0T\u00e9h\u00e9ran sans autorisation\u00a0\u00bb (2009), \u00ab\u00a0Red Rose\u00a0\u00bb (2014) et le film d\u2019animation \u00ab\u00a0La Sir\u00e8ne\u00a0\u00bb, plusieurs fois r\u00e9compens\u00e9.<\/p>\n<p>Cette soir\u00e9e marque le coup d\u2019envoi d\u2019une saison o\u00f9 le cin\u00e9ma devient support de r\u00e9flexion et d\u2019\u00e9change autour de grandes questions contemporaines.<\/p>\n","protected":false},"excerpt":{"rendered":"La nouvelle saison Unipop, propos\u00e9e par l\u2019Astrolabe en partenariat avec le cin\u00e9ma Jean-Eustache de Pessac, d\u00e9bute ce lundi&hellip;\n","protected":false},"author":2,"featured_media":391248,"comment_status":"","ping_status":"","sticky":false,"template":"","format":"standard","meta":{"footnotes":""},"categories":[2817],"tags":[1111,11,1997,1777,674,1011,27,12,2219,25],"class_list":{"0":"post-391247","1":"post","2":"type-post","3":"status-publish","4":"format-standard","5":"has-post-thumbnail","7":"category-bordeaux","8":"tag-actu","9":"tag-actualites","10":"tag-bordeaux","11":"tag-eu","12":"tag-europe","13":"tag-fr","14":"tag-france","15":"tag-news","16":"tag-nouvelle-aquitaine","17":"tag-republique-francaise"},"share_on_mastodon":{"url":"https:\/\/pubeurope.com\/@fr\/115205135815756038","error":""},"_links":{"self":[{"href":"https:\/\/www.europesays.com\/fr\/wp-json\/wp\/v2\/posts\/391247","targetHints":{"allow":["GET"]}}],"collection":[{"href":"https:\/\/www.europesays.com\/fr\/wp-json\/wp\/v2\/posts"}],"about":[{"href":"https:\/\/www.europesays.com\/fr\/wp-json\/wp\/v2\/types\/post"}],"author":[{"embeddable":true,"href":"https:\/\/www.europesays.com\/fr\/wp-json\/wp\/v2\/users\/2"}],"replies":[{"embeddable":true,"href":"https:\/\/www.europesays.com\/fr\/wp-json\/wp\/v2\/comments?post=391247"}],"version-history":[{"count":0,"href":"https:\/\/www.europesays.com\/fr\/wp-json\/wp\/v2\/posts\/391247\/revisions"}],"wp:featuredmedia":[{"embeddable":true,"href":"https:\/\/www.europesays.com\/fr\/wp-json\/wp\/v2\/media\/391248"}],"wp:attachment":[{"href":"https:\/\/www.europesays.com\/fr\/wp-json\/wp\/v2\/media?parent=391247"}],"wp:term":[{"taxonomy":"category","embeddable":true,"href":"https:\/\/www.europesays.com\/fr\/wp-json\/wp\/v2\/categories?post=391247"},{"taxonomy":"post_tag","embeddable":true,"href":"https:\/\/www.europesays.com\/fr\/wp-json\/wp\/v2\/tags?post=391247"}],"curies":[{"name":"wp","href":"https:\/\/api.w.org\/{rel}","templated":true}]}}