{"id":391249,"date":"2025-09-14T23:00:12","date_gmt":"2025-09-14T23:00:12","guid":{"rendered":"https:\/\/www.europesays.com\/fr\/391249\/"},"modified":"2025-09-14T23:00:12","modified_gmt":"2025-09-14T23:00:12","slug":"a-bordeaux-le-pen-et-bardella-predisent-la-chute-de-lecornu","status":"publish","type":"post","link":"https:\/\/www.europesays.com\/fr\/391249\/","title":{"rendered":"\u00c0 Bordeaux, Le Pen et Bardella pr\u00e9disent la chute de Lecornu"},"content":{"rendered":"<p>Sous une pluie fine, les militants du <a href=\"https:\/\/www.lejdd.fr\/Tags\/Front-national\" target=\"_blank\" rel=\"nofollow noopener\">Rassemblement national<\/a> affluent par milliers vers le Palais de l\u2019Atlantique, \u00e0 Bordeaux, pour leur grand rendez-vous de rentr\u00e9e. \u00c0 pied, en voiture ou en bus venus des d\u00e9partements voisins, ils sont pr\u00e8s de 6\u00a0000 \u00e0 avoir fait le d\u00e9placement. Officiellement, il s\u2019agit de lancer la campagne municipale, mais dans les all\u00e9es, c\u2019est bien l\u2019actualit\u00e9 gouvernementale qui alimente toutes les conversations.<\/p>\n<p>Principale organisatrice de l\u2019\u00e9v\u00e8nement, la d\u00e9put\u00e9e de Gironde Edwige Diaz s\u2019en r\u00e9jouit\u00a0: \u00ab\u00a0Vu le nombre d\u2019adh\u00e9sions que nous avons enregistr\u00e9es pour cette rentr\u00e9e, on ne peut pas dire que l\u2019actualit\u00e9 pourrisse notre d\u00e9but d\u2019ann\u00e9e, au contraire\u00a0!\u00a0\u00bb Aux militants, l\u2019\u00e9lue rappelle, tout sourire, que la Nouvelle-Aquitaine, autrefois \u00ab\u00a0terre de conqu\u00eate\u00a0\u00bb, s\u2019est transform\u00e9e en v\u00e9ritable \u00ab\u00a0bulle bleu marine\u00a0\u00bb lors des derni\u00e8res \u00e9lections europ\u00e9ennes\u00a0: en 2024, la liste de Jordan Bardella arrivait en t\u00eate dans 95\u00a0% des communes de la r\u00e9gion.<\/p>\n<p>Quelques m\u00e8tres plus loin, drapeau fran\u00e7ais sur les \u00e9paules, pr\u00e8s des stands de nourriture, et d\u2019une enceinte qui crache des chansons populaires, Romain savoure une bi\u00e8re, avec deux amis. Pour ce jeune bordelais tout juste sorti du lyc\u00e9e, <a href=\"https:\/\/www.lejdd.fr\/bio\/sebastien-lecornu\" target=\"_blank\" rel=\"nofollow noopener\">S\u00e9bastien Lecornu<\/a> a d\u00e9j\u00e0 largement eu l\u2019occasion de faire ses preuves, mais en vain\u00a0: \u00ab\u00a0Cela fait bient\u00f4t dix ans qu\u2019il est ministre, il n\u2019a rien fait. Ce n\u2019est pas avec la suppression des deux jours f\u00e9ri\u00e9s qu\u2019on va lui faire confiance, et on va encore perdre du temps. On veut juste un cap.\u00a0\u00bb<\/p>\n<blockquote class=\"exergue\">\n<p>\u00ab\u00a0J\u2019avais \u00e9t\u00e9 moins radical face \u00e0 Michel Barnier, mais maintenant \u00e7a suffit\u00a0\u00bb<\/p>\n<\/blockquote>\n<p>Devant les food trucks qui servent sans discontinuer sandwichs et boissons, d\u2019autres militants \u00e9voquent sans enthousiasme les premi\u00e8res pistes du budget propos\u00e9es par le Premier ministre. Camp\u00e9 sur sa chaise, drapeau fran\u00e7ais \u00e0 la main, Xavier, retrait\u00e9, attend les discours pour se prononcer sur une dissolution, mais confesse d\u2019avance sa m\u00e9fiance envers un nouveau Premier ministre qui \u00ab\u00a0ne changera rien\u00a0\u00bb\u00a0: \u00ab\u00a0J\u2019avais \u00e9t\u00e9 moins radical face \u00e0 Michel Barnier, mais maintenant \u00e7a suffit. Il faudra censurer jusqu\u2019\u00e0 obtenir la proportionnelle.\u00a0\u00bb \u00c0 ses c\u00f4t\u00e9s, tract en main, Caroline, 25\u00a0ans, partage ce constat. Elle ne veut surtout pas se \u00ab\u00a0refaire avoir\u00a0\u00bb\u00a0: \u00ab\u00a0Il va rester dans la lign\u00e9e de son pr\u00e9d\u00e9cesseur en faisant quelques petits cadeaux aux gens, donc je suis m\u00e9fiante. C\u2019est pour \u00e7a que je suis venue \u00e9couter un discours d\u2019espoir.\u00a0\u00bb<\/p>\n<p>Une chute du gouvernement \u00ab\u00a0dans quelques semaines\u00a0\u00bb<\/p>\n<p>C\u2019est devant cette foule surchauff\u00e9e, qui scande r\u00e9guli\u00e8rement des \u00ab\u00a0Macron d\u00e9mission\u00a0\u00bb, en agitant des drapeaux bleu blanc rouge, que <a href=\"https:\/\/www.lejdd.fr\/Marine-Le-Pen\" target=\"_blank\" rel=\"nofollow noopener\">Marine Le\u00a0Pen<\/a> d\u00e9nonce d\u00e8s son arriv\u00e9e sur sc\u00e8ne la nomination \u00e0 Matignon d\u2019un proche du pr\u00e9sident, et fustige un \u00ab\u00a0num\u00e9ro d\u2019\u00e9quilibriste pr\u00e9sidentiel r\u00e9alis\u00e9 avec trucage.\u00a0\u00bb Sans laisser place \u00e0 l\u2019ambigu\u00eft\u00e9, la cheffe de file des d\u00e9put\u00e9s du Rassemblement national r\u00e9clame une rupture nette, illustr\u00e9e par un potentiel retour aux urnes prochain, apr\u00e8s la chute du gouvernement qu\u2019elle anticipe \u00ab\u00a0dans quelques semaines\u00a0\u00bb sous les applaudissements nourris.<\/p>\n<p>    La suite apr\u00e8s cette publicit\u00e9<\/p>\n<p>Dans son discours, qui prend des airs de programme pr\u00e9sidentiel, la d\u00e9put\u00e9e du Pas-de-Calais dresse ses pistes pour \u00e9conomiser 60\u00a0milliards d\u2019euros, et distingue quatre priorit\u00e9s urgentes pour redresser le Budget\u00a0: revenir sur les d\u00e9penses li\u00e9es au co\u00fbt de l\u2019immigration, lutte contre la fraude, r\u00e9duction du train de vie des administrations publiques, ou encore contribution \u00e0 l\u2019Union europ\u00e9ennes.<\/p>\n<blockquote class=\"exergue\">\n<p>\u00ab\u00a0Nous n\u2019avons aucun go\u00fbt pour le d\u00e9sordre, aucun go\u00fbt pour l\u2019instabilit\u00e9\u00a0\u00bb<\/p>\n<\/blockquote>\n<p>\u00c0 son tour, <a href=\"https:\/\/www.lejdd.fr\/bio\/jordan-bardella\" target=\"_blank\" rel=\"nofollow noopener\">Jordan Bardella<\/a> s\u2019avance sur sc\u00e8ne. Ovationn\u00e9 par une foule qui scande \u00ab\u00a0On est chez nous\u00a0!\u00a0\u00bb, il remercie ses militants avant de pr\u00e9venir d\u2019un \u00ab\u00a0tournant de la d\u00e9mocratie\u00a0\u00bb. Dans la lign\u00e9e de Marine Le\u00a0Pen, le pr\u00e9sident du RN balaie toute accusation d\u2019irresponsabilit\u00e9 venue de la gauche ou du camp central\u00a0: \u00ab\u00a0Nous n\u2019avons aucun go\u00fbt pour le d\u00e9sordre, aucun go\u00fbt pour l\u2019instabilit\u00e9.\u00a0\u00bb La voix ferme, la veste tomb\u00e9e, il renvoie la faute \u00e0 \u00ab\u00a0ceux qui trahissent le pays\u00a0\u00bb. Dans une longue tirade, Jordan Bardella d\u00e9roule ses mesures pour r\u00e9duire le co\u00fbt de l\u2019immigration\u00a0: suppression du RSA, fin de la gratuit\u00e9 des soins pour les \u00e9trangers en situation irr\u00e9guli\u00e8re, et priorit\u00e9 nationale dans l\u2019attribution des HLM.<\/p>\n<p>Marine Le\u00a0Pen pr\u00e9pare l\u2019alternance<\/p>\n<p>\u00a0<\/p>\n<p>Tout au long de la journ\u00e9e, la censure est sur toutes les l\u00e8vres, mais le RN reste fid\u00e8le \u00e0 sa ligne historique\u00a0: ne voter aucune motion avant d\u2019avoir examin\u00e9 les grandes lignes budg\u00e9taires. Pour les militants comme pour les \u00e9lus, la chute de S\u00e9bastien Lecornu ne fait cependant aucun doute. \u00ab\u00a0Il ne tiendra pas six mois, et ce que nous voulons maintenant, c\u2019est une Assembl\u00e9e claire\u00a0!\u00a0\u00bb mart\u00e8le Clara, jeune militante venue avec des amis pour \u00ab\u00a0le premier grand rendez-vous du parti dans la r\u00e9gion\u00a0\u00bb.<\/p>\n<p>M\u00eame discours au sommet du mouvement\u00a0: \u00ab\u00a0Le Premier ministre va nous accorder quelques symboles, mais la situation du pays ne peut pas se r\u00e9duire \u00e0 cela\u00a0\u00bb, glisse-t-on dans l\u2019entourage de Marine Le\u00a0Pen. En priv\u00e9, la cheffe de file des d\u00e9put\u00e9s d\u00e9nonce \u00ab\u00a0des man\u0153uvres qui font perdre du temps au pays, orchestr\u00e9es par un pr\u00e9sident qui veut durer\u00a0\u00bb.<\/p>\n<p>Le parti \u00e0 la flamme confirme n\u00e9anmoins qu\u2019il se rendra \u00e0 la table des n\u00e9gociations, s\u2019il y est convi\u00e9, pour accorder une ultime chance au locataire de Matignon\u00a0: celle de discuter, d\u2019obtenir, au mieux, quelques mesures partielles. \u00ab\u00a0Lors du budget Barnier, on avait quand m\u00eame prot\u00e9g\u00e9 les Fran\u00e7ais de quelques horreurs\u00a0\u00bb, rappelle un conseiller. Mais \u00e9lus et responsables le r\u00e9p\u00e8tent\u00a0: l\u2019option privil\u00e9gi\u00e9e reste un retour rapide aux urnes, \u00ab\u00a0seule issue pour sortir d\u2019une situation intenable\u00a0\u00bb.<\/p>\n<p>Face \u00e0 ce blocage, Marine Le\u00a0Pen appelle malgr\u00e9 tout \u00e0 l\u2019optimisme, \u00e0 regarder vers l\u2019alternance, une alternance qui \u00ab\u00a0porte un nom et vient de f\u00eater ses 30\u00a0ans\u00a0\u00bb. Mani\u00e8re de rappeler que le ticket Bardella \u00e0 Matignon et Le Pen \u00e0 l\u2019\u00c9lys\u00e9e reste, pour 2027, la matrice du parti, en d\u00e9pit des nuages judiciaires\u00a0: son proc\u00e8s en appel sur son in\u00e9ligibilit\u00e9 se tiendra entre janvier et f\u00e9vrier, en plein c\u0153ur de la campagne municipale.<\/p>\n","protected":false},"excerpt":{"rendered":"Sous une pluie fine, les militants du Rassemblement national affluent par milliers vers le Palais de l\u2019Atlantique, \u00e0&hellip;\n","protected":false},"author":2,"featured_media":391250,"comment_status":"","ping_status":"","sticky":false,"template":"","format":"standard","meta":{"footnotes":""},"categories":[2817],"tags":[1111,11,1997,1777,674,1011,27,12,2219,25],"class_list":{"0":"post-391249","1":"post","2":"type-post","3":"status-publish","4":"format-standard","5":"has-post-thumbnail","7":"category-bordeaux","8":"tag-actu","9":"tag-actualites","10":"tag-bordeaux","11":"tag-eu","12":"tag-europe","13":"tag-fr","14":"tag-france","15":"tag-news","16":"tag-nouvelle-aquitaine","17":"tag-republique-francaise"},"share_on_mastodon":{"url":"https:\/\/pubeurope.com\/@fr\/115205139683032024","error":""},"_links":{"self":[{"href":"https:\/\/www.europesays.com\/fr\/wp-json\/wp\/v2\/posts\/391249","targetHints":{"allow":["GET"]}}],"collection":[{"href":"https:\/\/www.europesays.com\/fr\/wp-json\/wp\/v2\/posts"}],"about":[{"href":"https:\/\/www.europesays.com\/fr\/wp-json\/wp\/v2\/types\/post"}],"author":[{"embeddable":true,"href":"https:\/\/www.europesays.com\/fr\/wp-json\/wp\/v2\/users\/2"}],"replies":[{"embeddable":true,"href":"https:\/\/www.europesays.com\/fr\/wp-json\/wp\/v2\/comments?post=391249"}],"version-history":[{"count":0,"href":"https:\/\/www.europesays.com\/fr\/wp-json\/wp\/v2\/posts\/391249\/revisions"}],"wp:featuredmedia":[{"embeddable":true,"href":"https:\/\/www.europesays.com\/fr\/wp-json\/wp\/v2\/media\/391250"}],"wp:attachment":[{"href":"https:\/\/www.europesays.com\/fr\/wp-json\/wp\/v2\/media?parent=391249"}],"wp:term":[{"taxonomy":"category","embeddable":true,"href":"https:\/\/www.europesays.com\/fr\/wp-json\/wp\/v2\/categories?post=391249"},{"taxonomy":"post_tag","embeddable":true,"href":"https:\/\/www.europesays.com\/fr\/wp-json\/wp\/v2\/tags?post=391249"}],"curies":[{"name":"wp","href":"https:\/\/api.w.org\/{rel}","templated":true}]}}