{"id":391251,"date":"2025-09-14T23:01:20","date_gmt":"2025-09-14T23:01:20","guid":{"rendered":"https:\/\/www.europesays.com\/fr\/391251\/"},"modified":"2025-09-14T23:01:20","modified_gmt":"2025-09-14T23:01:20","slug":"toulouse-ce-batiment-emblematique-soffre-une-metamorphose-a-quoi-va-t-il-ressembler","status":"publish","type":"post","link":"https:\/\/www.europesays.com\/fr\/391251\/","title":{"rendered":"Toulouse. Ce b\u00e2timent embl\u00e9matique s\u2019offre une m\u00e9tamorphose : \u00e0 quoi va-t-il ressembler\u00a0?"},"content":{"rendered":"<p>            Par<br \/>\n        <strong><br \/>\n            <a href=\"https:\/\/actu.fr\/auteur\/lea-afonso\" title=\"Consulter tous les articles de L\u00e9a Afonso\" rel=\"nofollow noopener\" target=\"_blank\">L\u00e9a Afonso<\/a><br \/>\n        <\/strong><\/p>\n<p>        Publi\u00e9 le<\/p>\n<p>            14 sept. 2025 \u00e0 8h08        <\/p>\n<p><a href=\"https:\/\/actu.fr\/toulouse\/\" rel=\"nofollow noopener\" target=\"_blank\">Toulouse<\/a> est en plein <strong>chantier<\/strong>. Entre les <a href=\"https:\/\/actu.fr\/occitanie\/toulouse_31555\/toulouse-cet-axe-routier-strategique-de-la-ville-se-transforme-voici-ce-qui-se-trame_62895523.html\" rel=\"nofollow noopener\" target=\"_blank\">routes<\/a>, les <a href=\"https:\/\/actu.fr\/occitanie\/toulouse_31555\/en-images-la-place-arnaud-bernard-a-toulouse-se-transforme-decouvrez-cette-nouvelle-installation_63022879.html\" rel=\"nofollow noopener\" target=\"_blank\">places <\/a>et les <a href=\"https:\/\/actu.fr\/occitanie\/toulouse_31555\/l-un-des-immeubles-les-plus-delabres-de-toulouse-poursuit-sa-renaissance-un-square-va-etre-cree-a-son-pied_62844476.html\" rel=\"nofollow noopener\" target=\"_blank\">b\u00e2timents<\/a>, la Ville rose se transforme. Parmi les projets en cours, celui de la <b>Caisse d\u2019\u00e9pargne<\/b>, au 42 rue du Languedoc, illustre cette volont\u00e9 de moderniser le patrimoine sans renier son histoire. Un vaste programme de r\u00e9novation, lanc\u00e9 en juin\u00a02025, doit redonner vie \u00e0 ce b\u00e2timent embl\u00e9matique, qui accueillera<strong> rooftop, patio et salle d\u2019exposition<\/strong> d\u2019ici \u00e0 l\u2019\u00e9t\u00e9 2026. On vous le pr\u00e9sente.<\/p>\n<p>Un vaste plan de r\u00e9novation du groupe<\/p>\n<p class=\" wall-content\">Ces derniers mois, la Caisse d\u2019\u00e9pargne impulse une v\u00e9ritable<strong> transformation immobili\u00e8re sur tout son patrimoine, <\/strong>qui date de pr\u00e8s de 100 ans, selon<strong> Fabien Foucat<\/strong>, membre du directoire en charge des Finances et de l\u2019Environnement de travail.<\/p>\n<p class=\" wall-content\">Apr\u00e8s Tarbes et Rodez, Toulouse b\u00e9n\u00e9ficie \u00e0 son tour d\u2019un projet de modernisation. Objectif\u2009: rendre les <strong>agences plus accessibles<\/strong>, r\u00e9duire leur<strong> empreinte \u00e9cologique<\/strong> et rouvrir certains espaces au public, tout en pr\u00e9servant l\u2019ADN du groupe.<\/p>\n<p>    <img   decoding=\"async\" loading=\"lazy\" src=\"https:\/\/www.europesays.com\/fr\/wp-content\/uploads\/2025\/09\/cemp-42-rue-du-languedoc-espaces-de-travail-960x478.png\" alt=\"De nouveaux bureaux vont \u00eatre am\u00e9nag\u00e9s.\" width=\"960\" height=\"478\"\/><br \/>\n    De nouveaux bureaux vont \u00eatre am\u00e9nag\u00e9s. (\u00a9Illustration Caisse d\u2019\u00e9pargne)Une \u201cmaison de l\u2019immobilier\u201d au c\u0153ur des Carmes<\/p>\n<p class=\" wall-content\">Install\u00e9e dans le quartier des Carmes, l\u2019agence va devenir un v\u00e9ritable p\u00f4le d\u2019expertise. \u00ab\u2009Nous voulons regrouper dans ce b\u00e2timent l\u2019ensemble de notre savoir-faire\u2009: la <strong>banque<\/strong> bien s\u00fbr, mais aussi nos <strong>filiales<\/strong>\u2009\u00bb, d\u00e9taille Fabien Foucat.<\/p>\n<p class=\" wall-content\">\u00ab\u2009Pour \u00e9largir cette offre de service, on va chercher des partenaires \u00e0 partir de la fin de l\u2019ann\u00e9e, sous forme <strong>d\u2019appel \u00e0 projet<\/strong>, pour investir deux plateaux de 800 m\u00b2, que l\u2019on lib\u00e8re\u2009\u00bb. Des entreprises du secteur <strong>immobilier<\/strong> sont vis\u00e9es\u2009: architectes, notaires, agence immobili\u00e8re\u2026 \u00ab\u2009Ce b\u00e2timent, on a voulu en faire notre future maison de l\u2019immobilier\u2009\u00bb.<\/p>\n<p>Un patio r\u00e9habilit\u00e9, un rooftop confidentiel<\/p>\n<p class=\" wall-content\">Autre particularit\u00e9\u2009: le <strong>patio<\/strong>, disparu lors de pr\u00e9c\u00e9dents am\u00e9nagements, investit alors par des bureaux, sera recr\u00e9\u00e9. \u00ab\u2009De nombreux immeubles des Carmes en avaient un. Nous allons le rouvrir en int\u00e9grant des crit\u00e8res \u00e9cologiques, avec notamment du vitrage coupe-feu\u2009\u00bb, pr\u00e9cise Fabien Foucat.<\/p>\n<p>Votre r\u00e9gion, votre actu !<\/p>\n<p>Recevez chaque jour les infos qui comptent pour vous.<\/p>\n<p>\t<a href=\"https:\/\/actu.fr\/newsletter\" class=\"ac-btn ac-btn--corner ac-btn--medium ac-btn--blue800\" rel=\"nofollow noopener\" target=\"_blank\">S&rsquo;incrire<\/a><\/p>\n<p>    <img   decoding=\"async\" loading=\"lazy\" src=\"https:\/\/www.europesays.com\/fr\/wp-content\/uploads\/2025\/09\/cemp-42-rue-du-languedoc-patio-1-960x499.png\" alt=\"Le patio d'antan va \u00eatre rouvert pour apporter de la luminosit\u00e9 et une nouvelle dynamique;\" width=\"960\" height=\"499\"\/><br \/>\n    Le patio d\u2019antan va \u00eatre rouvert pour apporter de la luminosit\u00e9 et une nouvelle dynamique. (\u00a9Illustration Caisse d\u2019\u00e9pargne)<\/p>\n<p class=\" wall-content\">Le toit aussi va changer de visage. Un <strong>rooftop<\/strong>,<strong> r\u00e9serv\u00e9 aux clients et aux \u00e9v\u00e9nements<\/strong> ponctuels (journ\u00e9es du patrimoine, r\u00e9ceptions priv\u00e9es), offrira une vue privil\u00e9gi\u00e9e sur Toulouse. Sa capacit\u00e9 sera limit\u00e9e \u00e0 une vingtaine de personnes.<\/p>\n<p>    <img   decoding=\"async\" loading=\"lazy\" src=\"https:\/\/www.europesays.com\/fr\/wp-content\/uploads\/2025\/09\/cemp-42-rue-du-languedoc-rooftop-960x640.png\" alt=\"Un rooftop ouvert \u00e0 la client\u00e8le et aux \u00e9v\u00e8nements priv\u00e9s. \" width=\"960\" height=\"640\"\/><br \/>\n    Un rooftop ouvert \u00e0 la client\u00e8le et aux \u00e9v\u00e8nements priv\u00e9s. (\u00a9Illustration Caisse d\u2019\u00e9pargne)<\/p>\n<p class=\" wall-content\">Enfin, une <strong>salle d\u2019exposition d\u2019\u0153uvres d\u2019art<\/strong> prendra place au 40 rue du Languedoc, dans la partie droite du b\u00e2timent.<\/p>\n<p>    <img   decoding=\"async\" loading=\"lazy\" src=\"https:\/\/www.europesays.com\/fr\/wp-content\/uploads\/2025\/09\/cemp-42-rue-du-languedoc-salle-dexposition-960x640.png\" alt=\"Une salle d'exposition en bas du b\u00e2timent. \" width=\"960\" height=\"640\"\/><br \/>\n    Une salle d\u2019exposition en bas du b\u00e2timent. (\u00a9Illustration Caisse d\u2019\u00e9pargne)Livraison pr\u00e9vue pour l\u2019\u00e9t\u00e9 2026<\/p>\n<p class=\" wall-content\">Les travaux, entam\u00e9s en juin\u00a02025, s\u2019\u00e9taleront sur un an. \u00ab\u2009En <strong>mars\u00a02026, l\u2019agence bancaire rouvrira<\/strong>, puis il faudra encore trois mois, jusqu\u2019en <strong>juin<\/strong>, pour que<strong> toutes les installations<\/strong> de l\u2019agence soient <strong>achev\u00e9es<\/strong>\u2009\u00bb, termine Fabien Foucat. Le budget global est estim\u00e9 entre 5 et 10 millions d\u2019euros.<\/p>\n<p class=\" wall-content\">Personnalisez votre actualit\u00e9 en ajoutant vos villes et m\u00e9dias en favori avec <a href=\"https:\/\/moncompte.actu.fr\" title=\"D\u00e9couvez Mon Actu\" rel=\"nofollow noopener\" data-trk=\"{&quot;cta&quot;:{&quot;action&quot;:&quot;https:\\\/\\\/moncompte.actu.fr&quot;,&quot;category&quot;:&quot;mon compte&quot;,&quot;from&quot;:&quot;article footer&quot;,&quot;name&quot;:&quot;Mon actu&quot;,&quot;type&quot;:&quot;cta&quot;}}\" target=\"_blank\">Mon Actu<\/a>.<\/p>\n","protected":false},"excerpt":{"rendered":"Par L\u00e9a Afonso Publi\u00e9 le 14 sept. 2025 \u00e0 8h08 Toulouse est en plein chantier. Entre les routes,&hellip;\n","protected":false},"author":2,"featured_media":391252,"comment_status":"","ping_status":"","sticky":false,"template":"","format":"standard","meta":{"footnotes":""},"categories":[2816],"tags":[1111,11,1777,674,1011,27,12,2680,25,104,2312],"class_list":{"0":"post-391251","1":"post","2":"type-post","3":"status-publish","4":"format-standard","5":"has-post-thumbnail","7":"category-toulouse","8":"tag-actu","9":"tag-actualites","10":"tag-eu","11":"tag-europe","12":"tag-fr","13":"tag-france","14":"tag-news","15":"tag-occitanie","16":"tag-republique-francaise","17":"tag-societe","18":"tag-toulouse"},"share_on_mastodon":{"url":"https:\/\/pubeurope.com\/@fr\/115205143706917316","error":""},"_links":{"self":[{"href":"https:\/\/www.europesays.com\/fr\/wp-json\/wp\/v2\/posts\/391251","targetHints":{"allow":["GET"]}}],"collection":[{"href":"https:\/\/www.europesays.com\/fr\/wp-json\/wp\/v2\/posts"}],"about":[{"href":"https:\/\/www.europesays.com\/fr\/wp-json\/wp\/v2\/types\/post"}],"author":[{"embeddable":true,"href":"https:\/\/www.europesays.com\/fr\/wp-json\/wp\/v2\/users\/2"}],"replies":[{"embeddable":true,"href":"https:\/\/www.europesays.com\/fr\/wp-json\/wp\/v2\/comments?post=391251"}],"version-history":[{"count":0,"href":"https:\/\/www.europesays.com\/fr\/wp-json\/wp\/v2\/posts\/391251\/revisions"}],"wp:featuredmedia":[{"embeddable":true,"href":"https:\/\/www.europesays.com\/fr\/wp-json\/wp\/v2\/media\/391252"}],"wp:attachment":[{"href":"https:\/\/www.europesays.com\/fr\/wp-json\/wp\/v2\/media?parent=391251"}],"wp:term":[{"taxonomy":"category","embeddable":true,"href":"https:\/\/www.europesays.com\/fr\/wp-json\/wp\/v2\/categories?post=391251"},{"taxonomy":"post_tag","embeddable":true,"href":"https:\/\/www.europesays.com\/fr\/wp-json\/wp\/v2\/tags?post=391251"}],"curies":[{"name":"wp","href":"https:\/\/api.w.org\/{rel}","templated":true}]}}