{"id":391253,"date":"2025-09-14T23:02:12","date_gmt":"2025-09-14T23:02:12","guid":{"rendered":"https:\/\/www.europesays.com\/fr\/391253\/"},"modified":"2025-09-14T23:02:12","modified_gmt":"2025-09-14T23:02:12","slug":"triathlon-de-toulouse-un-quasi-sans-faute-pour-le-tuc","status":"publish","type":"post","link":"https:\/\/www.europesays.com\/fr\/391253\/","title":{"rendered":"Triathlon de Toulouse\u00a0: un quasi-sans-faute pour le TUC"},"content":{"rendered":"<p>\n                                                                    l&rsquo;essentiel<br \/>\n                                                                Malgr\u00e9 une erreur sur le m\u00e9trage des bou\u00e9es concernant la distance S, le bilan de cette 15e \u00e9dition, disput\u00e9e une fois de plus entre hier et aujourd\u2019hui \u00e0 La Ram\u00e9e, reste largement positif.\n                            <\/p>\n<p class=\"std-elt__inline\">\n        <strong>\u00c0 lire aussi :<\/strong><br \/>\n        <a href=\"https:\/\/www.ladepeche.fr\/2025\/09\/14\/triathlon-de-toulouse-sur-la-distance-m-la-haut-garonnaise-pauline-lamine-domine-tout-le-peloton-en-natation-12930569.php\" rel=\"nofollow noopener\" target=\"_blank\">Triathlon de Toulouse\u00a0: sur la distance M, la Haut-Garonnaise Pauline Lamine domine tout le peloton en natation<\/a>\n    <\/p>\n<p>\u00ab\u00a0On est vraiment d\u00e9sol\u00e9. Mais comme le dit la formule, l\u2019erreur est humaine.\u00a0\u00bb Co-pr\u00e9sident du comit\u00e9 d\u2019organisation de ce Triathlon de Toulouse (aux c\u00f4t\u00e9s de Brunilde Girardet), Guillaume Marron n\u2019a pas pu\u00a0occulter ce couac survenu hier sur la distance S.<\/p>\n<p>\u00ab\u00a0On s\u2019est tromp\u00e9 dans le m\u00e9trage des bou\u00e9es, il faut l\u2019admettre. Mais de ce que j\u2019ai pu voir, les participants n\u2019avaient pas l\u2019air de trop nous en vouloir. On aurait bien \u00e9videmment pr\u00e9f\u00e9r\u00e9 \u00e9viter ce probl\u00e8me. Cela servira de le\u00e7on pour l\u2019ann\u00e9e prochaine. D\u2019ailleurs, avec Brunilde, nous comptons passer le flambeau \u00e0 partir de 2026\u00a0\u00bb, a d\u00e9taill\u00e9\u00a0le dirigeant, membre du TUC Triathlon et soutenu par 250 b\u00e9n\u00e9voles.<\/p>\n<p>\u00ab\u00a0Un peu plus de spectateurs que l\u2019an pass\u00e9\u00a0\u00bb<\/p>\n<p>Heureusement, dans le bilan de cette 15e \u00e9dition, la colonne des points positifs est bien plus remplie. \u00ab\u00a0Sur le plan de la participation, toutes nos \u00e9preuves ont affich\u00e9 complet. Je n\u2019ai pas le chiffre exact du nombre d\u2019inscriptions. Je ne pense pas que l\u2019on ait battu le record de l\u2019an dernier avec 2\u00a0900 dossards, mais ce n\u2019est pas bien grave. Concernant la m\u00e9t\u00e9o, on pouvait avoir quelques craintes en d\u00e9but de semaine. Finalement, le ciel \u00e9tait orageux samedi, mais sans gouttes. Quant au lendemain, on a eu des \u00e9claircies avec un peu de vent. Donc on s\u2019en sort quand m\u00eame pas trop mal\u00a0\u00bb, a expliqu\u00e9\u00a0Guillaume Marron.<\/p>\n<p>Dans le d\u00e9roulement du week-end, le TUC Triathlon avait choisi de mettre un peu plus l\u2019accent sur l\u2019ambiance. \u00ab\u00a0On a mis des feux d\u2019artifice pour chaque d\u00e9part, accompagn\u00e9s par un DJ. Et plus globalement, les concurrents semblaient contents de tout ce que nous avons pu leur proposer. La buvette a bien fonctionn\u00e9 et je crois que l\u2019on a eu plus de spectateurs que l\u2019an pass\u00e9, et en particulier le dimanche\u00a0\u00bb, a soulign\u00e9\u00a0le responsable.<\/p>\n<p>Les anciens pr\u00e9sidents convi\u00e9s<\/p>\n<p>Au total, quinze \u00e9preuves \u00e9taient r\u00e9parties sur le week-end. C\u00f4t\u00e9 r\u00e9sultats, on retient notamment les victoires de Xavier Aussal (BMP Marseille, 2h03\u201922\u2019\u2019) et de Zo\u00e9 Blanchard (Paris Universit\u00e9 Club, 2h11\u201912\u2019\u2019, 7e place au scratch, devant la Haut-Garonnaise Pauline Lamine, 2e f\u00e9minine avec la 47e place au scratch) sur la distance M (1, 5\u00a0km de natation\u00a0; 40\u00a0km \u00e0 v\u00e9lo\u00a0; 10\u00a0km en course \u00e0 pied). \u00ab\u00a0Pour marquer ces 15 ans, on avait convi\u00e9 tous les anciens pr\u00e9sidents du TUC Triathlon et du Tri 31\u00a0\u00bb, a conclu avec \u00e9motion Guillaume Marron.<\/p>\n","protected":false},"excerpt":{"rendered":"l&rsquo;essentiel Malgr\u00e9 une erreur sur le m\u00e9trage des bou\u00e9es concernant la distance S, le bilan de cette 15e&hellip;\n","protected":false},"author":2,"featured_media":391254,"comment_status":"","ping_status":"","sticky":false,"template":"","format":"standard","meta":{"footnotes":""},"categories":[2816],"tags":[1111,11,1777,674,1011,27,12,2680,25,2312],"class_list":{"0":"post-391253","1":"post","2":"type-post","3":"status-publish","4":"format-standard","5":"has-post-thumbnail","7":"category-toulouse","8":"tag-actu","9":"tag-actualites","10":"tag-eu","11":"tag-europe","12":"tag-fr","13":"tag-france","14":"tag-news","15":"tag-occitanie","16":"tag-republique-francaise","17":"tag-toulouse"},"share_on_mastodon":{"url":"https:\/\/pubeurope.com\/@fr\/115205147366379543","error":""},"_links":{"self":[{"href":"https:\/\/www.europesays.com\/fr\/wp-json\/wp\/v2\/posts\/391253","targetHints":{"allow":["GET"]}}],"collection":[{"href":"https:\/\/www.europesays.com\/fr\/wp-json\/wp\/v2\/posts"}],"about":[{"href":"https:\/\/www.europesays.com\/fr\/wp-json\/wp\/v2\/types\/post"}],"author":[{"embeddable":true,"href":"https:\/\/www.europesays.com\/fr\/wp-json\/wp\/v2\/users\/2"}],"replies":[{"embeddable":true,"href":"https:\/\/www.europesays.com\/fr\/wp-json\/wp\/v2\/comments?post=391253"}],"version-history":[{"count":0,"href":"https:\/\/www.europesays.com\/fr\/wp-json\/wp\/v2\/posts\/391253\/revisions"}],"wp:featuredmedia":[{"embeddable":true,"href":"https:\/\/www.europesays.com\/fr\/wp-json\/wp\/v2\/media\/391254"}],"wp:attachment":[{"href":"https:\/\/www.europesays.com\/fr\/wp-json\/wp\/v2\/media?parent=391253"}],"wp:term":[{"taxonomy":"category","embeddable":true,"href":"https:\/\/www.europesays.com\/fr\/wp-json\/wp\/v2\/categories?post=391253"},{"taxonomy":"post_tag","embeddable":true,"href":"https:\/\/www.europesays.com\/fr\/wp-json\/wp\/v2\/tags?post=391253"}],"curies":[{"name":"wp","href":"https:\/\/api.w.org\/{rel}","templated":true}]}}