{"id":391255,"date":"2025-09-14T23:04:34","date_gmt":"2025-09-14T23:04:34","guid":{"rendered":"https:\/\/www.europesays.com\/fr\/391255\/"},"modified":"2025-09-14T23:04:34","modified_gmt":"2025-09-14T23:04:34","slug":"premiere-benediction-de-motards-a-la-cathedrale-notre-dame-de-la-treille-a-lille","status":"publish","type":"post","link":"https:\/\/www.europesays.com\/fr\/391255\/","title":{"rendered":"Premi\u00e8re b\u00e9n\u00e9diction de motards \u00e0 la cath\u00e9drale Notre-Dame-de-la-Treille, \u00e0 Lille"},"content":{"rendered":"<p>C&rsquo;\u00e9tait une premi\u00e8re pour la cath\u00e9drale Notre-Dame-de-la-Treille, \u00e0 Lille. Dimanche 14 septembre, vers 12 h 30, juste apr\u00e8s la traditionnelle messe, le recteur de la cath\u00e9drale Bruno Mary a b\u00e9ni une quarantaine de motards. <\/p>\n<p>Dimanche 14 septembre vers 12 h 30, juste apr\u00e8s la traditionnelle messe, <strong>une quarantaine de motards<\/strong> se sont rassembl\u00e9s sur le parvis de la cath\u00e9drale\u00a0<a class=\"IciLink ici-link IciArticleLink g-ici-body-regular-1 underline brand svelte-lu7k6w\" href=\"https:\/\/www.francebleu.fr\/infos\/societe\/monseigneur-ulrich-archeveque-de-lille-notre-dame-de-la-treille-va-prier-pour-notre-dame-de-paris-1555363222\" rel=\"nofollow noopener\" target=\"_blank\">Notre-Dame-de-la-Treille<\/a>, \u00e0 Lille. Tous avaient le m\u00eame objectif\u00a0: se faire b\u00e9nir par le recteur de la cath\u00e9drale. Les motards ont donc d\u00e9fil\u00e9 un \u00e0 un devant <strong>le p\u00e8re Bruno Mary perch\u00e9 sur les marches de la cath\u00e9drale, une branche de buis \u00e0 la main<\/strong>. Tout \u00e7a sous le regard des curieux et des curieuses venus assister \u00e0 la b\u00e9n\u00e9diction.<\/p>\n<p>Cette initiative, on la doit \u00e0 <strong>Olivier Caenen, un servant d&rsquo;autel et grand clerc<\/strong> qui \u0153uvre depuis de nombreuses ann\u00e9es pour Notre-Dame-de-la-Treille. Lui-m\u00eame motard, Olivier Caenen a donc combin\u00e9 ses deux passions. \u201cJ\u2019ai commenc\u00e9 \u00e0 venir ici en 2015 et je suis devenu servant d&rsquo;autel. J\u2019ai pos\u00e9 la question au p\u00e8re Bruno Mary, le recteur, pour savoir s\u2019il \u00e9tait pr\u00eat \u00e0 faire une\u00a0<a class=\"IciLink ici-link IciArticleLink g-ici-body-regular-1 underline brand svelte-lu7k6w\" href=\"https:\/\/www.francebleu.fr\/infos\/societe\/en-images-la-benediction-de-la-mer-a-bray-dunes-dans-le-nord-rend-hommage-aux-marins-disparus-6629015\" rel=\"nofollow noopener\" target=\"_blank\">b\u00e9n\u00e9diction<\/a>\u00a0de motards\u201d, explique Olivier Caenen.<\/p>\n<p>\u00ab\u00a0C&rsquo;est comme si j&rsquo;avais un bouclier\u00a0\u00bb<\/p>\n<p>Pour certains motards, cette b\u00e9n\u00e9diction repr\u00e9sente une protection lorsqu\u2019ils prennent la route. \u201cC\u2019est s\u00fbrement psychologique mais c&rsquo;est comme quand on b\u00e9nit un enfant \u00e0 sa naissance \u00e7a fait comme une protection, comme si j\u2019avais un bouclier, c\u2019est important\u201d, confie Francisco, passionn\u00e9 de moto depuis plus de 40 ans. Selon l&rsquo;Observatoire national interminist\u00e9riel de la s\u00e9curit\u00e9 routi\u00e8re, depuis le d\u00e9but de l&rsquo;ann\u00e9e 2025, <strong>1 449 personnes ont \u00e9t\u00e9 tu\u00e9es sur les routes de France hexagonale, dont 325 motards<\/strong>.<\/p>\n<p>Si certains sont persuad\u00e9s que cette b\u00e9n\u00e9diction les pr\u00e9servera des accidents de la route, pour d\u2019autres, c\u2019est surtout <strong>l\u2019occasion de c\u00e9l\u00e9brer leur passion pour les belles b\u00e9canes<\/strong>. \u201cC\u2019est aussi pour se retrouver, discuter, passer un bon moment. Le p\u00e8re Bruno [Mary] et toute l\u2019\u00e9quipe ont le sourire, il y a des chances que \u00e7a se reproduise l\u2019ann\u00e9e prochaine\u201d, ajoute le grand clerc de la cath\u00e9drale.<\/p>\n<p><img loading=\"lazy\" decoding=\"async\" class=\"VisualPreview svelte-1rldrkz\" src=\"data:image\/jpeg;base64,\/9j\/2wBDACgcHiMeGSgjISMtKygwPGRBPDc3PHtYXUlkkYCZlo+AjIqgtObDoKrarYqMyP\/L2u71\/\/\/\/m8H\/\/\/\/6\/+b9\/\/j\/2wBDASstLTw1PHZBQXb4pYyl+Pj4+Pj4+Pj4+Pj4+Pj4+Pj4+Pj4+Pj4+Pj4+Pj4+Pj4+Pj4+Pj4+Pj4+Pj4+Pj4+Pj\/wAARCAAqAB8DASIAAhEBAxEB\/8QAGAAAAwEBAAAAAAAAAAAAAAAAAAECAwT\/xAAYEAEBAQEBAAAAAAAAAAAAAAAAARIRAv\/EABUBAQEAAAAAAAAAAAAAAAAAAAAB\/8QAFBEBAAAAAAAAAAAAAAAAAAAAAP\/aAAwDAQACEQMRAD8A676Taz2NAvp6ZaGgZaPqZDBXStBUFZHFkgniaqlVH\/\/Z\" alt=\"Tous les fonds r\u00e9colt\u00e9s lors de cette journ\u00e9e seront revers\u00e9s \u00e0 l'association La Tribu d'Angleman, qui vient en aide \u00e0 Horace, jeune gar\u00e7on atteint d'une maladie g\u00e9n\u00e9tique rare, le syndrome d'Angelman.\" width=\"600\" height=\"799\"\/>  Tous les fonds r\u00e9colt\u00e9s lors de cette journ\u00e9e seront revers\u00e9s \u00e0 l&rsquo;association La Tribu d&rsquo;Angleman, qui vient en aide \u00e0 Horace, jeune gar\u00e7on atteint d&rsquo;une maladie g\u00e9n\u00e9tique rare, le syndrome d&rsquo;Angelman. \u00a9 Radio France &#8211; L\u00e9a Oudoire<\/p>\n<p>Cet \u00e9v\u00e9nement \u00e9tait aussi plac\u00e9 sous le signe de la solidarit\u00e9, avec une balade d&rsquo;une heure et demie \u00e0 moto et un repas festif\u00a0<strong>pour soutenir l\u2019association qui vient en aide \u00e0 Horace, le neveu d\u2019Olivier Caenen, atteint du syndrome d\u2019Angelman<\/strong>. Il s\u2019agit d\u2019une maladie g\u00e9n\u00e9tique rare qui touche environ 1 enfant sur 20 000 et qui se caract\u00e9rise par un trouble s\u00e9v\u00e8re du d\u00e9veloppement neurologique. Tous les b\u00e9n\u00e9fices r\u00e9colt\u00e9s dans la journ\u00e9e serviront \u00e0 l\u2019association <strong>La Tribu d\u2019Angelman<\/strong> pour financer les soins et les \u00e9quipements d\u2019Horace.<\/p>\n","protected":false},"excerpt":{"rendered":"C&rsquo;\u00e9tait une premi\u00e8re pour la cath\u00e9drale Notre-Dame-de-la-Treille, \u00e0 Lille. Dimanche 14 septembre, vers 12 h 30, juste apr\u00e8s&hellip;\n","protected":false},"author":2,"featured_media":391256,"comment_status":"","ping_status":"","sticky":false,"template":"","format":"standard","meta":{"footnotes":""},"categories":[2815],"tags":[1111,11,1777,674,1011,27,811,1307,12,25],"class_list":{"0":"post-391255","1":"post","2":"type-post","3":"status-publish","4":"format-standard","5":"has-post-thumbnail","7":"category-lille","8":"tag-actu","9":"tag-actualites","10":"tag-eu","11":"tag-europe","12":"tag-fr","13":"tag-france","14":"tag-hauts-de-france","15":"tag-lille","16":"tag-news","17":"tag-republique-francaise"},"share_on_mastodon":{"url":"https:\/\/pubeurope.com\/@fr\/115205155274432883","error":""},"_links":{"self":[{"href":"https:\/\/www.europesays.com\/fr\/wp-json\/wp\/v2\/posts\/391255","targetHints":{"allow":["GET"]}}],"collection":[{"href":"https:\/\/www.europesays.com\/fr\/wp-json\/wp\/v2\/posts"}],"about":[{"href":"https:\/\/www.europesays.com\/fr\/wp-json\/wp\/v2\/types\/post"}],"author":[{"embeddable":true,"href":"https:\/\/www.europesays.com\/fr\/wp-json\/wp\/v2\/users\/2"}],"replies":[{"embeddable":true,"href":"https:\/\/www.europesays.com\/fr\/wp-json\/wp\/v2\/comments?post=391255"}],"version-history":[{"count":0,"href":"https:\/\/www.europesays.com\/fr\/wp-json\/wp\/v2\/posts\/391255\/revisions"}],"wp:featuredmedia":[{"embeddable":true,"href":"https:\/\/www.europesays.com\/fr\/wp-json\/wp\/v2\/media\/391256"}],"wp:attachment":[{"href":"https:\/\/www.europesays.com\/fr\/wp-json\/wp\/v2\/media?parent=391255"}],"wp:term":[{"taxonomy":"category","embeddable":true,"href":"https:\/\/www.europesays.com\/fr\/wp-json\/wp\/v2\/categories?post=391255"},{"taxonomy":"post_tag","embeddable":true,"href":"https:\/\/www.europesays.com\/fr\/wp-json\/wp\/v2\/tags?post=391255"}],"curies":[{"name":"wp","href":"https:\/\/api.w.org\/{rel}","templated":true}]}}