{"id":391257,"date":"2025-09-14T23:05:14","date_gmt":"2025-09-14T23:05:14","guid":{"rendered":"https:\/\/www.europesays.com\/fr\/391257\/"},"modified":"2025-09-14T23:05:14","modified_gmt":"2025-09-14T23:05:14","slug":"sur-les-traces-des-lieux-de-luttes-feministes","status":"publish","type":"post","link":"https:\/\/www.europesays.com\/fr\/391257\/","title":{"rendered":"Sur les traces des lieux de luttes f\u00e9ministes"},"content":{"rendered":"\n<p>\u00ab Les femmes ont beaucoup agi \u00e0 Marseille, mais il y a peu d\u2019archives. J\u2019avais donc envie de les faire parler de leur ville, leurs luttes et leur parcours.\u00a0\u00bb C\u2019est ainsi que Margaux Mazellier d\u00e9bute la visite guid\u00e9e des lieux de luttes f\u00e9ministes marseillais ce dimanche.<\/p>\n<p>Journaliste et autrice de Marseille trop puissante, qui trace le portrait des Marseillaises qui ont lutt\u00e9 pour leur ville, Margaux Mazellier a cr\u00e9\u00e9 cette visite avec Lucille Florenza, anthropologue du genre et du travail. \u00ab\u00a0Cette balade, c\u2019est un moyen de faire vivre les archives\u00a0\u00bb, affirme la chercheuse.<\/p>\n<p>C\u2019est devant la librairie \u00ab\u00a0Odeur du temps\u00a0\u00bb que le rendez-vous est donn\u00e9. Ici, en 1976, Antoinette Fouque du mouvement de lib\u00e9ration des femmes (MLF) ouvre l\u2019antenne marseillaise de la librairie des femmes. \u00ab\u00a0Ce lieu devient un endroit hyper important pour toutes les femmes qui militent, explique la journaliste. Mais c\u2019est aussi un espace o\u00f9 certaines militantes ressentent du m\u00e9pris de la part des militantes parisiennes, qui prennent parfois les Marseillaises de haut\u00a0\u00bb, continue-t-elle.<\/p>\n<p>La visite se poursuit au 81\u00a0rue S\u00e9nac de Meilhan, o\u00f9 a ouvert en 1974 le centre d\u2019orientation de documentation et d\u2019information des femmes (Codif). \u00ab\u00a0C\u2019\u00e9tait une sp\u00e9cificit\u00e9 marseillaise qui a pu \u00eatre cr\u00e9\u00e9e gr\u00e2ce au soutien de la municipalit\u00e9 de gauche de Gaston Defferre\u00a0\u00bb, raconte l\u2019une des guides. Ce lieu fut une espace de r\u00e9union pour de nombreux groupes f\u00e9ministes et, \u00e0 travers sa revue Femmes infos Marseille, un endroit de diffusion des informations.<\/p>\n<p>L\u2019arr\u00eat suivant, devant ce que fut le premier bar lesbien marseillais Douce am\u00e8re, permet d\u2019\u00e9voquer Patricia Guillaume. Lesbienne, elle ne parvient pas \u00e0 trouver sa place ni dans les groupes de parole f\u00e9ministes, ni dans les lieux homosexuels. Elle d\u00e9cide donc de cr\u00e9er son propre espace avec d\u2019autres lesbiennes en 1982.<\/p>\n<p>Une visite de deux\u00a0heures qui laisse entrevoir la richesse des luttes f\u00e9ministes marseillaises, leur diversit\u00e9 et leurs conflits internes.<\/p>\n","protected":false},"excerpt":{"rendered":"\u00ab Les femmes ont beaucoup agi \u00e0 Marseille, mais il y a peu d\u2019archives. J\u2019avais donc envie de&hellip;\n","protected":false},"author":2,"featured_media":391258,"comment_status":"","ping_status":"","sticky":false,"template":"","format":"standard","meta":{"footnotes":""},"categories":[2814],"tags":[1111,11,52340,1777,674,1011,27,884,12,882,25],"class_list":{"0":"post-391257","1":"post","2":"type-post","3":"status-publish","4":"format-standard","5":"has-post-thumbnail","7":"category-marseille","8":"tag-actu","9":"tag-actualites","10":"tag-anthropologue","11":"tag-eu","12":"tag-europe","13":"tag-fr","14":"tag-france","15":"tag-marseille","16":"tag-news","17":"tag-provence-alpes-cote-dazur","18":"tag-republique-francaise"},"share_on_mastodon":{"url":"https:\/\/pubeurope.com\/@fr\/115205159249011632","error":""},"_links":{"self":[{"href":"https:\/\/www.europesays.com\/fr\/wp-json\/wp\/v2\/posts\/391257","targetHints":{"allow":["GET"]}}],"collection":[{"href":"https:\/\/www.europesays.com\/fr\/wp-json\/wp\/v2\/posts"}],"about":[{"href":"https:\/\/www.europesays.com\/fr\/wp-json\/wp\/v2\/types\/post"}],"author":[{"embeddable":true,"href":"https:\/\/www.europesays.com\/fr\/wp-json\/wp\/v2\/users\/2"}],"replies":[{"embeddable":true,"href":"https:\/\/www.europesays.com\/fr\/wp-json\/wp\/v2\/comments?post=391257"}],"version-history":[{"count":0,"href":"https:\/\/www.europesays.com\/fr\/wp-json\/wp\/v2\/posts\/391257\/revisions"}],"wp:featuredmedia":[{"embeddable":true,"href":"https:\/\/www.europesays.com\/fr\/wp-json\/wp\/v2\/media\/391258"}],"wp:attachment":[{"href":"https:\/\/www.europesays.com\/fr\/wp-json\/wp\/v2\/media?parent=391257"}],"wp:term":[{"taxonomy":"category","embeddable":true,"href":"https:\/\/www.europesays.com\/fr\/wp-json\/wp\/v2\/categories?post=391257"},{"taxonomy":"post_tag","embeddable":true,"href":"https:\/\/www.europesays.com\/fr\/wp-json\/wp\/v2\/tags?post=391257"}],"curies":[{"name":"wp","href":"https:\/\/api.w.org\/{rel}","templated":true}]}}