{"id":391259,"date":"2025-09-14T23:06:33","date_gmt":"2025-09-14T23:06:33","guid":{"rendered":"https:\/\/www.europesays.com\/fr\/391259\/"},"modified":"2025-09-14T23:06:33","modified_gmt":"2025-09-14T23:06:33","slug":"martine-vassal-se-declare-candidate-de-la-droite-et-du-centre-pour-les-municipales-a-marseille","status":"publish","type":"post","link":"https:\/\/www.europesays.com\/fr\/391259\/","title":{"rendered":"Martine Vassal se d\u00e9clare candidate de la droite et du centre pour les municipales \u00e0 Marseille"},"content":{"rendered":"\n<p class=\"c-chapo \">\n  Le maire divers gauche de la ville, Beno\u00eet Payan, n&rsquo;a lui pas encore d\u00e9voil\u00e9 ses intentions.\n<\/p>\n<p>            lire plus tard<\/p>\n<p id=\"dialog__title\" class=\"dialog__title\">Pour sauvegarder cet article, connectez-vous ou cr\u00e9ez un compte franceinfo<\/p>\n<p class=\"dialog__description\">Sans paiement. Sans abonnement.<\/p>\n<p>        Fermer la fen\u00eatre d\u2019activation des notifications France Info<\/p>\n<p>            cr\u00e9er votre compte<\/p>\n<p>            se connecter<\/p>\n<p>        Fermer la fen\u00eatre de pr\u00e9sentation<\/p>\n<p>    <img loading=\"lazy\" decoding=\"async\" class=\"signature__image lazyload\" width=\"100\" height=\"100\" data- alt=\"\" src=\"https:\/\/www.europesays.com\/fr\/wp-content\/uploads\/2025\/05\/64a68815cd1a7_placeholder-36b69ec8.png\"\/><\/p>\n<p>    Publi\u00e9 le 14\/09\/2025 07:27<\/p>\n<p>      Mis \u00e0 jour le 14\/09\/2025 11:15<\/p>\n<p>        Temps de lecture : 2min<\/p>\n<p>    <img decoding=\"async\"  alt=\"La pr\u00e9sidente de la m\u00e9tropole Aix-Marseille-Provence, Martine Vassal, s'exprime depuis le port de Marseille, le 5 mai 2025. (MIGUEL MEDINA \/ AFP)\" width=\"432\" height=\"243\" src=\"https:\/\/www.europesays.com\/fr\/wp-content\/uploads\/2025\/09\/000-44ju2kx-1-68c6516fda6a2133910546.jpg\" fetchpriority=\"high\"\/><\/p>\n<p>      La pr\u00e9sidente de la m\u00e9tropole Aix-Marseille-Provence, Martine Vassal, s&rsquo;exprime depuis le port de Marseille, le 5 mai 2025. (MIGUEL MEDINA \/ AFP)<\/p>\n<p>\u00ab\u00a0Nous sommes pr\u00eats \u00e0 reprendre cette ville aux mains de cette gauche.\u00a0\u00bb C&rsquo;est par ces mots que Martine Vassal a officialis\u00e9, samedi 13 septembre, sa candidature <a href=\"https:\/\/www.franceinfo.fr\/elections\/municipales\/les-elections-municipales-auront-lieu-les-15-et-22-mars-2026-annonce-le-gouvernement_7457545.html\" rel=\"nofollow noopener\" target=\"_blank\">aux municipales<\/a> \u00e0 Marseille sous la banni\u00e8re de la droite et du centre. Deuxi\u00e8me candidate \u00e0 se lancer apr\u00e8s l<a href=\"https:\/\/france3-regions.franceinfo.fr\/provence-alpes-cote-d-azur\/bouches-du-rhone\/marseille\/municipales-2025-a-marseille-franck-allisio-depute-et-patron-du-rn-dans-les-bouches-du-rhone-est-officiellement-candidat-3172965.html\" rel=\"nofollow noopener\" target=\"_blank\">e d\u00e9put\u00e9 du Rassemblement national Franck Allisio<\/a>, Martine Vassal retente sa chance apr\u00e8s sa cuisante d\u00e9faite de 2020 et le basculement \u00e0 gauche de la deuxi\u00e8me ville de France, apr\u00e8s 25 ans de r\u00e8gne du LR <a href=\"https:\/\/www.franceinfo.fr\/politique\/video-mort-de-jean-claude-gaudin-le-baron-qui-a-regne-sur-marseille-pendant-25-ans_6555533.html\" rel=\"nofollow noopener\" target=\"_blank\">Jean-Claude Gaudin<\/a>, aujourd&rsquo;hui d\u00e9c\u00e9d\u00e9.<\/p>\n<p>Mais cette fois, c&rsquo;est diff\u00e9rent, promet-elle. A l&rsquo;\u00e9poque, \u00ab\u00a0il nous manquait un ph\u00e9nom\u00e8ne f\u00e9d\u00e9rateur\u00a0\u00bb mais \u00ab\u00a0cette union, aujourd&rsquo;hui, nous l&rsquo;avons\u00a0\u00bb, a d\u00e9clar\u00e9 celle qui est d\u00e9j\u00e0 pr\u00e9sidente du conseil d\u00e9partemental des Bouches-du-Rh\u00f4ne et de la m\u00e9tropole Aix-Marseille-Provence, en cl\u00f4ture des universit\u00e9s d&rsquo;\u00e9t\u00e9 de l&rsquo;association Une G\u00e9n\u00e9ration pour Marseille.<\/p>\n<p>Symbole de cette union travaill\u00e9e depuis plus d&rsquo;un an par ce collectif pilot\u00e9 par Romain Simmarano, directeur de cabinet de Renaud Muselier\u00a0: les pr\u00e9sences de l&rsquo;ex-secr\u00e9taire d&rsquo;Etat et proche du couple Macron, Sabrina Agresti-Roubache, et de la s\u00e9natrice Les R\u00e9publicains des Bouches-du-Rh\u00f4ne Val\u00e9rie Boyer.<\/p>\n<p>Dessinant d\u00e9j\u00e0 ses propositions, cette ex-cheffe d&rsquo;entreprise \u00e2g\u00e9e de 63\u00a0ans a fait de la s\u00e9curit\u00e9 et de l&rsquo;\u00e9conomie ses priorit\u00e9s. Dans un discours tr\u00e8s droitier, cette ex-LR qui se pr\u00e9sente d\u00e9sormais comme divers droite a estim\u00e9 qu'\u00a0\u00bbon peut \u00eatre attach\u00e9 \u00e0 l&rsquo;ordre, au respect, \u00e0 l&rsquo;autorit\u00e9 sans \u00eatre d&rsquo;extr\u00eame droite\u00a0\u00bb.<\/p>\n<p>Marseille sera un point chaud des municipales o\u00f9 le maire divers gauche sortant, Beno\u00eet Payan, n&rsquo;a pas encore annonc\u00e9 ses intentions, m\u00eame s&rsquo;il r\u00e9p\u00e8te que \u00ab\u00a0pour changer une ville, six ans, \u00e7a ne suffit pas\u00a0\u00bb.<\/p>\n","protected":false},"excerpt":{"rendered":"Le maire divers gauche de la ville, Beno\u00eet Payan, n&rsquo;a lui pas encore d\u00e9voil\u00e9 ses intentions. lire plus&hellip;\n","protected":false},"author":2,"featured_media":391260,"comment_status":"","ping_status":"","sticky":false,"template":"","format":"standard","meta":{"footnotes":""},"categories":[2814],"tags":[1111,11,1777,674,1011,27,884,12,882,25],"class_list":{"0":"post-391259","1":"post","2":"type-post","3":"status-publish","4":"format-standard","5":"has-post-thumbnail","7":"category-marseille","8":"tag-actu","9":"tag-actualites","10":"tag-eu","11":"tag-europe","12":"tag-fr","13":"tag-france","14":"tag-marseille","15":"tag-news","16":"tag-provence-alpes-cote-dazur","17":"tag-republique-francaise"},"share_on_mastodon":{"url":"https:\/\/pubeurope.com\/@fr\/115205163896465301","error":""},"_links":{"self":[{"href":"https:\/\/www.europesays.com\/fr\/wp-json\/wp\/v2\/posts\/391259","targetHints":{"allow":["GET"]}}],"collection":[{"href":"https:\/\/www.europesays.com\/fr\/wp-json\/wp\/v2\/posts"}],"about":[{"href":"https:\/\/www.europesays.com\/fr\/wp-json\/wp\/v2\/types\/post"}],"author":[{"embeddable":true,"href":"https:\/\/www.europesays.com\/fr\/wp-json\/wp\/v2\/users\/2"}],"replies":[{"embeddable":true,"href":"https:\/\/www.europesays.com\/fr\/wp-json\/wp\/v2\/comments?post=391259"}],"version-history":[{"count":0,"href":"https:\/\/www.europesays.com\/fr\/wp-json\/wp\/v2\/posts\/391259\/revisions"}],"wp:featuredmedia":[{"embeddable":true,"href":"https:\/\/www.europesays.com\/fr\/wp-json\/wp\/v2\/media\/391260"}],"wp:attachment":[{"href":"https:\/\/www.europesays.com\/fr\/wp-json\/wp\/v2\/media?parent=391259"}],"wp:term":[{"taxonomy":"category","embeddable":true,"href":"https:\/\/www.europesays.com\/fr\/wp-json\/wp\/v2\/categories?post=391259"},{"taxonomy":"post_tag","embeddable":true,"href":"https:\/\/www.europesays.com\/fr\/wp-json\/wp\/v2\/tags?post=391259"}],"curies":[{"name":"wp","href":"https:\/\/api.w.org\/{rel}","templated":true}]}}