{"id":391261,"date":"2025-09-14T23:07:09","date_gmt":"2025-09-14T23:07:09","guid":{"rendered":"https:\/\/www.europesays.com\/fr\/391261\/"},"modified":"2025-09-14T23:07:09","modified_gmt":"2025-09-14T23:07:09","slug":"previsions-du-lundi-15-septembre-2025","status":"publish","type":"post","link":"https:\/\/www.europesays.com\/fr\/391261\/","title":{"rendered":"pr\u00e9visions du lundi 15 septembre 2025"},"content":{"rendered":"<p>Aujourd&rsquo;hui, on anticipe pour Lyon des valeurs d&rsquo;environ 22\u00b0C. La m\u00e9t\u00e9o va doucement s&rsquo;am\u00e9liorer dans la matin\u00e9e et laisser place \u00e0 des \u00e9claircies. Un vent de sud-ouest rafra\u00eechira quelque peu l&rsquo;atmosph\u00e8re. Les nuages dans le ciel de l&rsquo;apr\u00e8s-midi g\u00eanent l&rsquo;apparition du soleil. Du mauvais temps est \u00e0 pr\u00e9voir. Des pluies \u00e9parses vont tomber. D&rsquo;un autre c\u00f4t\u00e9, les temp\u00e9ratures vont conna\u00eetre une hausse de quelques degr\u00e9s. Les maximales pourront atteindre 27\u00b0C et les minimales seront de 24\u00b0C. On pr\u00e9voit des \u00e9claircies pour cette soir\u00e9e. Le mercure affichera 20\u00b0C en moyenne. Entre lundi et mardi, la nuit sera claire.<\/p>\n<p>Demain, le vent va progressivement \u00e9loigner la grisaille \u00e0 Lyon. Une l\u00e9g\u00e8re chute des temp\u00e9ratures est \u00e0 craindre. Il va faire 17\u00b0C en moyenne. Il fera environ 17\u00b0C, le matin. Un vent de nord-ouest soufflera un peu, avec 8 km\/h. Les temp\u00e9ratures s&rsquo;\u00e9chelonneront de 19 \u00e0 21\u00b0C sur l&rsquo;ensemble de l&rsquo;apr\u00e8s-midi. Le temps devrait s&rsquo;am\u00e9liorer pendant la soir\u00e9e. Les temp\u00e9ratures avoisineront les 15\u00b0C. Un l\u00e9ger vent de nord-est soufflera.<\/p>\n<p>Peu d&rsquo;\u00e9volutions au fil des jours. Des temp\u00e9ratures dans les 27\u00b0C accompagneront un ciel ensoleill\u00e9.<\/p>\n<p><\/p>\n","protected":false},"excerpt":{"rendered":"Aujourd&rsquo;hui, on anticipe pour Lyon des valeurs d&rsquo;environ 22\u00b0C. La m\u00e9t\u00e9o va doucement s&rsquo;am\u00e9liorer dans la matin\u00e9e et&hellip;\n","protected":false},"author":2,"featured_media":391262,"comment_status":"","ping_status":"","sticky":false,"template":"","format":"standard","meta":{"footnotes":""},"categories":[1889],"tags":[1111,11,2430,1777,674,1011,27,2428,12,2119,25,2429,2431],"class_list":{"0":"post-391261","1":"post","2":"type-post","3":"status-publish","4":"format-standard","5":"has-post-thumbnail","7":"category-lyon","8":"tag-actu","9":"tag-actualites","10":"tag-auvergne-rhone-alpes","11":"tag-eu","12":"tag-europe","13":"tag-fr","14":"tag-france","15":"tag-lyon","16":"tag-news","17":"tag-previsions-meteo","18":"tag-republique-francaise","19":"tag-rhone","20":"tag-rhone-alpes"},"share_on_mastodon":{"url":"https:\/\/pubeurope.com\/@fr\/115205167156521059","error":""},"_links":{"self":[{"href":"https:\/\/www.europesays.com\/fr\/wp-json\/wp\/v2\/posts\/391261","targetHints":{"allow":["GET"]}}],"collection":[{"href":"https:\/\/www.europesays.com\/fr\/wp-json\/wp\/v2\/posts"}],"about":[{"href":"https:\/\/www.europesays.com\/fr\/wp-json\/wp\/v2\/types\/post"}],"author":[{"embeddable":true,"href":"https:\/\/www.europesays.com\/fr\/wp-json\/wp\/v2\/users\/2"}],"replies":[{"embeddable":true,"href":"https:\/\/www.europesays.com\/fr\/wp-json\/wp\/v2\/comments?post=391261"}],"version-history":[{"count":0,"href":"https:\/\/www.europesays.com\/fr\/wp-json\/wp\/v2\/posts\/391261\/revisions"}],"wp:featuredmedia":[{"embeddable":true,"href":"https:\/\/www.europesays.com\/fr\/wp-json\/wp\/v2\/media\/391262"}],"wp:attachment":[{"href":"https:\/\/www.europesays.com\/fr\/wp-json\/wp\/v2\/media?parent=391261"}],"wp:term":[{"taxonomy":"category","embeddable":true,"href":"https:\/\/www.europesays.com\/fr\/wp-json\/wp\/v2\/categories?post=391261"},{"taxonomy":"post_tag","embeddable":true,"href":"https:\/\/www.europesays.com\/fr\/wp-json\/wp\/v2\/tags?post=391261"}],"curies":[{"name":"wp","href":"https:\/\/api.w.org\/{rel}","templated":true}]}}