{"id":391272,"date":"2025-09-14T23:16:16","date_gmt":"2025-09-14T23:16:16","guid":{"rendered":"https:\/\/www.europesays.com\/fr\/391272\/"},"modified":"2025-09-14T23:16:16","modified_gmt":"2025-09-14T23:16:16","slug":"610-000-personnes-a-la-fete-de-lhumanite-des-drones-russes-en-pologne-et-en-roumanie-sebastien-lecornu-lache-les-deux-jours-feries-ce-quil-ne-fallait-pas-manquer-ce-week-end","status":"publish","type":"post","link":"https:\/\/www.europesays.com\/fr\/391272\/","title":{"rendered":"610 000 personnes \u00e0 la F\u00eate de l&rsquo;Humanit\u00e9, des drones russes en Pologne et en Roumanie, S\u00e9bastien Lecornu l\u00e2che les deux jours f\u00e9ries&#8230; Ce qu&rsquo;il ne fallait pas manquer ce week-end"},"content":{"rendered":"<p><strong>610 000 personnes sont venues \u00e0 la F\u00eate de l\u2019Humanit\u00e9 : la 90e \u00e9dition bat tous les records<\/strong><\/p>\n<p>La 90e \u00e9dition de la f\u00eate de l\u2019Humanit\u00e9 a battu tous les records de visites. \u00a0<a href=\"https:\/\/www.humanite.fr\/culture-et-savoir\/fete-de-lhumanite\/a-la-fete-de-lhumanite-theodora-electrise-le-public-avec-un-concert-petillant-et-engage\" target=\"_blank\" rel=\"noreferrer noopener\">Les concerts\u00a0? Pleins \u00e0 craquer.<\/a>\u00a0Les d\u00e9bats\u00a0? Pleins \u00e0 craquer. Les stands\u00a0? Aussi. Entre vendredi midi et dimanche soir, 610 000 personnes ont ainsi parcouru ses all\u00e9es. Revivez quelques-uns de ces grands moments de la F\u00eate. <\/p>\n<p><strong>Guerre en Ukraine\u00a0: apr\u00e8s la Pologne, la Russie teste les limites de l\u2019OTAN en lan\u00e7ant ses drones sur la Roumanie<\/strong><\/p>\n<p>\u00c0 quelques jours d\u2019intervalle, des drones russes ont survol\u00e9 les espaces a\u00e9riens polonais et roumains. Une mani\u00e8re de se frotter aux lignes rouges des Europ\u00e9ens et des \u00c9tasuniens. Une strat\u00e9gie qui prend Donald Trump de court.<\/p>\n<p><strong>Retour sur la suppression des deux jours f\u00e9ri\u00e9s, maisons \u00ab\u00a0France Sant\u00e9\u00a0\u00bb\u2026 S\u00e9bastien Lecornu man\u0153uvre d\u00e9j\u00e0 pour tenter de sauver son poste<\/strong><\/p>\n<p>S\u00e9bastien Lecornu a profit\u00e9 d\u2019un d\u00e9placement \u00e0 M\u00e2con et d\u2019un entretien accord\u00e9 \u00e0 la presse quotidienne r\u00e9gionale, samedi 13\u00a0septembre, pour annoncer ses premi\u00e8res pistes pour le prochain budget. Mis sous pression par les forces politiques et syndicales, le premier ministre tente de donner le change en promettant l\u2019abandon de la suppression de jours f\u00e9ri\u00e9s \u2013 d\u00e9j\u00e0 envisag\u00e9 par son pr\u00e9d\u00e9cesseur \u2013 ou en \u00e9voquant des mesures de \u00ab\u00a0justice fiscale\u00a0\u00bb, sans plus de d\u00e9tails.<\/p>\n<p><strong>\u00c0 Londres, 110\u00a0000 manifestants en l\u2019honneur de l\u2019influenceur trumpiste Charlie Kirk\u2026 Et avec eux \u00c9ric Zemmour et Steve Bannon<\/strong><\/p>\n<p>L\u2019influenceur d\u2019extr\u00eame droite Tommy Robinson a r\u00e9uni une centaine de milliers de partisans dans les rues de Londres, samedi 13\u00a0septembre. Accompagn\u00e9 d\u2019\u00c9ric Zemmour et Steve Bannon, l\u2019activiste islamophobe revendique des \u00ab\u00a0millions de participants\u00a0\u00bb pour cette marche en honneur de l\u2019influenceur trumpiste Charlie Kirk. Neuf personnes ont \u00e9t\u00e9 arr\u00eat\u00e9es.<\/p>\n<p>Le journal des intelligences libres<\/p>\n<p>\u00ab C\u2019est par des informations \u00e9tendues et exactes que nous voudrions donner \u00e0 toutes les intelligences libres <strong>le moyen de comprendre et de juger elles-m\u00eames les \u00e9v\u00e9nements du monde<\/strong>. \u00bb<br \/>Tel \u00e9tait <strong>\u00ab\u00a0Notre but\u00a0\u00bb<\/strong>, comme l\u2019\u00e9crivait Jean Jaur\u00e8s dans le premier \u00e9ditorial de l\u2019Humanit\u00e9.<br \/><strong>120 ans plus tard, il n\u2019a pas chang\u00e9. <br \/>Gr\u00e2ce \u00e0 vous. <\/strong><br \/>Soutenez-nous\u00a0! Votre don sera d\u00e9fiscalis\u00e9\u00a0: donner 5\u20ac vous reviendra \u00e0 1.65\u20ac. Le prix d\u2019un caf\u00e9.<br \/><a href=\"https:\/\/www.humanite.fr\/lhumanite-cest-vous\" target=\"_blank\" rel=\"noopener\">Je veux en savoir plus\u00a0!<\/a><\/p>\n","protected":false},"excerpt":{"rendered":"610 000 personnes sont venues \u00e0 la F\u00eate de l\u2019Humanit\u00e9 : la 90e \u00e9dition bat tous les records&hellip;\n","protected":false},"author":2,"featured_media":391273,"comment_status":"","ping_status":"","sticky":false,"template":"","format":"standard","meta":{"footnotes":""},"categories":[1591],"tags":[11,1887,52118,12,1885,1886,132],"class_list":{"0":"post-391272","1":"post","2":"type-post","3":"status-publish","4":"format-standard","5":"has-post-thumbnail","7":"category-russie","8":"tag-actualites","9":"tag-federation-de-russie","10":"tag-fu00eate-de-lhumanitu00e9","11":"tag-news","12":"tag-russia","13":"tag-russian-federation","14":"tag-russie"},"share_on_mastodon":{"url":"https:\/\/pubeurope.com\/@fr\/115205202583776244","error":""},"_links":{"self":[{"href":"https:\/\/www.europesays.com\/fr\/wp-json\/wp\/v2\/posts\/391272","targetHints":{"allow":["GET"]}}],"collection":[{"href":"https:\/\/www.europesays.com\/fr\/wp-json\/wp\/v2\/posts"}],"about":[{"href":"https:\/\/www.europesays.com\/fr\/wp-json\/wp\/v2\/types\/post"}],"author":[{"embeddable":true,"href":"https:\/\/www.europesays.com\/fr\/wp-json\/wp\/v2\/users\/2"}],"replies":[{"embeddable":true,"href":"https:\/\/www.europesays.com\/fr\/wp-json\/wp\/v2\/comments?post=391272"}],"version-history":[{"count":0,"href":"https:\/\/www.europesays.com\/fr\/wp-json\/wp\/v2\/posts\/391272\/revisions"}],"wp:featuredmedia":[{"embeddable":true,"href":"https:\/\/www.europesays.com\/fr\/wp-json\/wp\/v2\/media\/391273"}],"wp:attachment":[{"href":"https:\/\/www.europesays.com\/fr\/wp-json\/wp\/v2\/media?parent=391272"}],"wp:term":[{"taxonomy":"category","embeddable":true,"href":"https:\/\/www.europesays.com\/fr\/wp-json\/wp\/v2\/categories?post=391272"},{"taxonomy":"post_tag","embeddable":true,"href":"https:\/\/www.europesays.com\/fr\/wp-json\/wp\/v2\/tags?post=391272"}],"curies":[{"name":"wp","href":"https:\/\/api.w.org\/{rel}","templated":true}]}}