{"id":391284,"date":"2025-09-14T23:22:12","date_gmt":"2025-09-14T23:22:12","guid":{"rendered":"https:\/\/www.europesays.com\/fr\/391284\/"},"modified":"2025-09-14T23:22:12","modified_gmt":"2025-09-14T23:22:12","slug":"pekin-exhorte-la-slovenie-a-jouer-un-role-actif-dans-la-promotion-des-relations","status":"publish","type":"post","link":"https:\/\/www.europesays.com\/fr\/391284\/","title":{"rendered":"P\u00e9kin exhorte la Slov\u00e9nie \u00e0 \u00ab jouer un r\u00f4le actif \u00bb dans la promotion des relations"},"content":{"rendered":"<p style=\"text-align:justify;\">AA \/ Istanbul \/ Kutay Gokmen<\/p>\n<p style=\"text-align:justify;\">P\u00e9kin a exhort\u00e9, samedi, la Slov\u00e9nie \u00e0 \u00ab jouer un r\u00f4le actif \u00bb dans la promotion de relations stables entre la Chine et l\u2019UE.<\/p>\n<p style=\"text-align:justify;\">Selon un communiqu\u00e9 du minist\u00e8re chinois des Affaires \u00e9trang\u00e8res, les principaux diplomates chinois et slov\u00e8nes se sont engag\u00e9s \u00e0 Ljubljana, en Slov\u00e9nie, \u00e0 approfondir leurs liens politiques et \u00e0 renforcer la coop\u00e9ration \u00e9conomique.<\/p>\n<p style=\"text-align:justify;\">Lors de sa rencontre avec sa cons\u0153ur slov\u00e8ne Tanja Fajon, le ministre chinois des Affaires \u00e9trang\u00e8res, Wang Yi, a salu\u00e9 l\u2019amiti\u00e9 de longue date entre les deux pays, rappelant que la Chine avait \u00e9t\u00e9 parmi les premi\u00e8res \u00e0 reconna\u00eetre l\u2019ind\u00e9pendance de la Slov\u00e9nie il y a plus de 30 ans.<\/p>\n<p style=\"text-align:justify;\">Il a soulign\u00e9 que leur relation, fond\u00e9e sur \u00ab l\u2019\u00e9galit\u00e9, la sinc\u00e9rit\u00e9, la confiance et le b\u00e9n\u00e9fice mutuel malgr\u00e9 leurs \u201cdiff\u00e9rences sociales et institutionnelles\u201d \u00bb, rev\u00eat une importance particuli\u00e8re dans le climat international actuel, marqu\u00e9 par des turbulences.<\/p>\n<p style=\"text-align:justify;\">Wang a exhort\u00e9 les deux parties \u00e0 \u201crester fid\u00e8les \u00e0 l\u2019intention initiale, renforcer la communication, approfondir la confiance mutuelle, consolider la coop\u00e9ration et enrichir en continu la port\u00e9e strat\u00e9gique du partenariat sino-slov\u00e8ne\u201d.<\/p>\n<p style=\"text-align:justify;\">Il a ajout\u00e9 que la Chine \u00e9tait pr\u00eate \u00e0 \u00e9largir les \u00e9changes \u00e0 tous les niveaux, \u00e0 poursuivre la coop\u00e9ration dans des domaines tels que la production de pointe, l\u2019innovation, la sant\u00e9, les \u00e9nergies vertes et l\u2019intelligence artificielle (IA), et \u00e0 offrir un environnement commercial \u00e9quitable et ouvert.<\/p>\n<p style=\"text-align:justify;\">Les deux parties doivent utiliser leurs atouts pour promouvoir un commerce \u00e9quilibr\u00e9 et soutenir conjointement la mondialisation, a d\u00e9clar\u00e9 Wang, exhortant la Slov\u00e9nie \u00e0 \u201cjouer un r\u00f4le actif dans le d\u00e9veloppement sain et stable des relations entre la Chine et l\u2019Union europ\u00e9enne (UE)\u201d.<\/p>\n<p style=\"text-align:justify;\">Lors de ses entretiens avec le Premier ministre slov\u00e8ne Robert Golob, Wang a soulign\u00e9 que la Chine estime que \u00ab la guerre ne peut r\u00e9soudre les probl\u00e8mes et que les sanctions ne font que les compliquer \u00bb, et que les diff\u00e9rends doivent \u00eatre r\u00e9gl\u00e9s par le \u00ab dialogue et la consultation \u00bb, sans \u00ab gains \u00e9go\u00efstes \u00bb ni marchandage. \u00bb<\/p>\n<p style=\"text-align:justify;\">Lors de sa rencontre avec la pr\u00e9sidente slov\u00e8ne Natasa Pirc Musar, Wang a d\u00e9clar\u00e9 que les liens sino-slov\u00e8nes transcendent les diff\u00e9rences de syst\u00e8me et constituent un mod\u00e8le de \u00ab respect mutuel \u00bb et de \u201ccoop\u00e9ration gagnant-gagnant\u201d.<\/p>\n<p style=\"text-align:justify;\">\u00ab La Chine continuera de soutenir la majorit\u00e9 des pays, de s\u2019opposer au retour du monde \u00e0 la \u201cloi de la jungle\u201d et de prendre des mesures pour d\u00e9fendre l\u2019\u00e9quit\u00e9 et la justice internationales \u00bb, a ajout\u00e9 le chef de la diplomatie chinoise.<\/p>\n<p style=\"text-align:justify;\">Musar a salu\u00e9 la Chine comme une puissance responsable pour \u201cson attachement au multilat\u00e9ralisme \u00bb et pour \u00ab donner l\u2019exemple \u00e0 la communaut\u00e9 internationale\u201d.<\/p>\n<p style=\"text-align:justify;\">Wang doit se rendre en Pologne pour des rencontres apr\u00e8s avoir achev\u00e9 sa visite en Slov\u00e9nie.<\/p>\n<p style=\"text-align:justify;\">Cette ann\u00e9e marque le 50e anniversaire des relations entre P\u00e9kin et Bruxelles, et le 25e sommet Chine-UE s\u2019est tenu \u00e0 P\u00e9kin en juillet.<\/p>\n<p style=\"text-align:justify;\">L\u2019UE indique que sa politique vis-\u00e0-vis de la Chine reste fond\u00e9e sur le principe de \u00ab r\u00e9duction des risques \u00bb plut\u00f4t que sur celui de \u00ab d\u00e9couplage \u00bb.<\/p>\n<p style=\"text-align:justify;\">*Traduit de l&rsquo;anglais par Ben Amed Azize Zougmore<\/p>\n<p>                            &#13;<br \/>\n                                <a href=\"https:\/\/www.aa.com.tr\/fr\/p\/abonnement\/1001\" target=\"_blank\" style=\"font-size:12px; color:#444; text-decoration:none;\" rel=\"noopener\">&#13;<br \/>\n                                    Seulement une partie des d\u00e9p\u00eaches, que l&rsquo;Agence Anadolu diffuse \u00e0 ses abonn\u00e9s via le Syst\u00e8me de Diffusion interne (HAS), est diffus\u00e9e sur le site de l&rsquo;AA, de mani\u00e8re r\u00e9sum\u00e9e. <b style=\"color:#1897F7\">Contactez-nous s&rsquo;il vous pla\u00eet pour vous abonner.<\/b>&#13;<br \/>\n                                <\/a>&#13;<\/p>\n","protected":false},"excerpt":{"rendered":"AA \/ Istanbul \/ Kutay Gokmen P\u00e9kin a exhort\u00e9, samedi, la Slov\u00e9nie \u00e0 \u00ab jouer un r\u00f4le actif&hellip;\n","protected":false},"author":2,"featured_media":391285,"comment_status":"","ping_status":"","sticky":false,"template":"","format":"standard","meta":{"footnotes":""},"categories":[1586],"tags":[11,1785,309,52342,1777,674,1779,1011,27,12,25,44599,1778,364,52343],"class_list":{"0":"post-391284","1":"post","2":"type-post","3":"status-publish","4":"format-standard","5":"has-post-thumbnail","7":"category-europe","8":"tag-actualites","9":"tag-anadolu-ajansi","10":"tag-chine","11":"tag-coopration-sino-slovne","12":"tag-eu","13":"tag-europe","14":"tag-european-union","15":"tag-fr","16":"tag-france","17":"tag-news","18":"tag-republique-francaise","19":"tag-tanja-fajon","20":"tag-ue","21":"tag-union-europeenne","22":"tag-wang-yi"},"share_on_mastodon":{"url":"https:\/\/pubeurope.com\/@fr\/115205226078973874","error":""},"_links":{"self":[{"href":"https:\/\/www.europesays.com\/fr\/wp-json\/wp\/v2\/posts\/391284","targetHints":{"allow":["GET"]}}],"collection":[{"href":"https:\/\/www.europesays.com\/fr\/wp-json\/wp\/v2\/posts"}],"about":[{"href":"https:\/\/www.europesays.com\/fr\/wp-json\/wp\/v2\/types\/post"}],"author":[{"embeddable":true,"href":"https:\/\/www.europesays.com\/fr\/wp-json\/wp\/v2\/users\/2"}],"replies":[{"embeddable":true,"href":"https:\/\/www.europesays.com\/fr\/wp-json\/wp\/v2\/comments?post=391284"}],"version-history":[{"count":0,"href":"https:\/\/www.europesays.com\/fr\/wp-json\/wp\/v2\/posts\/391284\/revisions"}],"wp:featuredmedia":[{"embeddable":true,"href":"https:\/\/www.europesays.com\/fr\/wp-json\/wp\/v2\/media\/391285"}],"wp:attachment":[{"href":"https:\/\/www.europesays.com\/fr\/wp-json\/wp\/v2\/media?parent=391284"}],"wp:term":[{"taxonomy":"category","embeddable":true,"href":"https:\/\/www.europesays.com\/fr\/wp-json\/wp\/v2\/categories?post=391284"},{"taxonomy":"post_tag","embeddable":true,"href":"https:\/\/www.europesays.com\/fr\/wp-json\/wp\/v2\/tags?post=391284"}],"curies":[{"name":"wp","href":"https:\/\/api.w.org\/{rel}","templated":true}]}}