{"id":391294,"date":"2025-09-14T23:29:15","date_gmt":"2025-09-14T23:29:15","guid":{"rendered":"https:\/\/www.europesays.com\/fr\/391294\/"},"modified":"2025-09-14T23:29:15","modified_gmt":"2025-09-14T23:29:15","slug":"atp-wta-mouratoglou-les-statistiques-ont-montre-cette-annee-quune-femme-frappe-des-coups-plus-vite-qualcaraz-et-sinner-cest-anisimova","status":"publish","type":"post","link":"https:\/\/www.europesays.com\/fr\/391294\/","title":{"rendered":"ATP &#8211; WTA > Mouratoglou : \u00ab\u00a0Les statistiques ont montr\u00e9 cette ann\u00e9e qu&rsquo;une femme frappe des coups plus vite qu&rsquo;Alcaraz et Sinner, c&rsquo;est Anisimova\u00a0\u00bb"},"content":{"rendered":"<p>Toujours soucieux de valo\u00adriser le tennis f\u00e9minin, l\u2019en\u00adtra\u00ee\u00adneur fran\u00ad\u00e7ais Patrick Mouratoglou s\u2019est pench\u00e9 sur les vitesses de balle et une certaine Amanda Anisimova, fina\u00adliste \u00e0 Wimbledon et \u00e0 l\u2019US Open, qui a \u00e9tabli quelques records.<\/p>\n<blockquote class=\"twitter-tweet\" data-width=\"550\" data-dnt=\"true\">\n<p lang=\"en\" dir=\"ltr\">Patrick Mouratoglou on Amanda Anisimova hitting her back\u00adhand harder than Jannik Sinner and Carlos Alcaraz at U.S. Open\u00a0:<\/p>\n<p>\u201cThe stats showed this year that one woman is hitting shots faster than Alcaraz &amp; Sinner \u2013 Amanda Anisimova. I\u2019m not surprised when it comes to her back\u00adhand.\u2026 <a href=\"https:\/\/t.co\/azJ70Z8PSu\" data-wpel-link=\"external\" target=\"_blank\" rel=\"nofollow external noopener\">pic.twitter.com\/azJ70Z8PSu<\/a><\/p>\n<p>\u2014 The Tennis Letter (@TheTennisLetter) <a href=\"https:\/\/twitter.com\/TheTennisLetter\/status\/1966916365530640431?ref_src=twsrc%5Etfw\" data-wpel-link=\"external\" target=\"_blank\" rel=\"nofollow external noopener\">September 13,\u00a02025<\/a><\/p><\/blockquote>\n<p>\u00ab\u202fLes statis\u00adtiques ont montr\u00e9 cette ann\u00e9e qu\u2019une femme frappe des coups plus vite qu\u2019Alcaraz et Sinner, c\u2019est Amanda Anisimova. Cela ne m\u2019\u00e9tonne pas si on parle de son revers par exemple. C\u2019est un coup dans lequel elle a une confiance absolue, elle est toujours \u00e0 1 000 000\u202f%. Elle y va \u00e0 fond, et elle n\u2019ap\u00adplique pas d\u2019effet<strong>. De ce fait, la balle va tr\u00e8s vite m\u00eame si son coup est tr\u00e8s risqu\u00e9. Je ne suis pas surpris que ce soit elle car elle a aussi un super timing, et elle est toujours proche de la ligne de fond de\u00a0court.\u202f\u00bb<\/strong><\/p>\n<p class=\"post-published-date\" style=\"color: silver; font-size: 75%; text-align: left;\">Publi\u00e9 le dimanche 14 septembre 2025 \u00e0 13:54<\/p>\n<p><script async src=\"https:\/\/platform.twitter.com\/widgets.js\" charset=\"utf-8\"><\/script><\/p>\n","protected":false},"excerpt":{"rendered":"Toujours soucieux de valo\u00adriser le tennis f\u00e9minin, l\u2019en\u00adtra\u00ee\u00adneur fran\u00ad\u00e7ais Patrick Mouratoglou s\u2019est pench\u00e9 sur les vitesses de balle&hellip;\n","protected":false},"author":2,"featured_media":391295,"comment_status":"","ping_status":"","sticky":false,"template":"","format":"standard","meta":{"footnotes":""},"categories":[1415],"tags":[1744,1011,27,2127,60,1467],"class_list":{"0":"post-391294","1":"post","2":"type-post","3":"status-publish","4":"format-standard","5":"has-post-thumbnail","7":"category-tennis","8":"tag-alcaraz","9":"tag-fr","10":"tag-france","11":"tag-sinner","12":"tag-sports","13":"tag-tennis"},"share_on_mastodon":{"url":"https:\/\/pubeurope.com\/@fr\/115205253536786721","error":""},"_links":{"self":[{"href":"https:\/\/www.europesays.com\/fr\/wp-json\/wp\/v2\/posts\/391294","targetHints":{"allow":["GET"]}}],"collection":[{"href":"https:\/\/www.europesays.com\/fr\/wp-json\/wp\/v2\/posts"}],"about":[{"href":"https:\/\/www.europesays.com\/fr\/wp-json\/wp\/v2\/types\/post"}],"author":[{"embeddable":true,"href":"https:\/\/www.europesays.com\/fr\/wp-json\/wp\/v2\/users\/2"}],"replies":[{"embeddable":true,"href":"https:\/\/www.europesays.com\/fr\/wp-json\/wp\/v2\/comments?post=391294"}],"version-history":[{"count":0,"href":"https:\/\/www.europesays.com\/fr\/wp-json\/wp\/v2\/posts\/391294\/revisions"}],"wp:featuredmedia":[{"embeddable":true,"href":"https:\/\/www.europesays.com\/fr\/wp-json\/wp\/v2\/media\/391295"}],"wp:attachment":[{"href":"https:\/\/www.europesays.com\/fr\/wp-json\/wp\/v2\/media?parent=391294"}],"wp:term":[{"taxonomy":"category","embeddable":true,"href":"https:\/\/www.europesays.com\/fr\/wp-json\/wp\/v2\/categories?post=391294"},{"taxonomy":"post_tag","embeddable":true,"href":"https:\/\/www.europesays.com\/fr\/wp-json\/wp\/v2\/tags?post=391294"}],"curies":[{"name":"wp","href":"https:\/\/api.w.org\/{rel}","templated":true}]}}