{"id":391296,"date":"2025-09-14T23:31:09","date_gmt":"2025-09-14T23:31:09","guid":{"rendered":"https:\/\/www.europesays.com\/fr\/391296\/"},"modified":"2025-09-14T23:31:09","modified_gmt":"2025-09-14T23:31:09","slug":"motogp-2025-misano-les-bons-labrupt-et-les-truands","status":"publish","type":"post","link":"https:\/\/www.europesays.com\/fr\/391296\/","title":{"rendered":"MotoGP 2025 Misano ; Les bons, l\u2019abrupt et les truands:"},"content":{"rendered":"<p>Certes, j&rsquo;aurais d\u00fb ajouter Alex Marquez \u00e0 cet arc de triomphe, mais un arc \u00e7a repose sur seulement deux piliers. (Photo Gold &amp; Goose). Cela dit, Junior prend encore plus de s\u00e9curit\u00e9 sur la deuxi\u00e8me place au g\u00e9n\u00e9ral, deux frangins en t\u00eate d&rsquo;un mondial, \u00e7a restera incrust\u00e9 dans les tables de marbre ! Misano est d&rsquo;abord une terre italienne, un circuit o\u00f9 les amis de Rossi et du ranch viennent rouler tr\u00e8s souvent, Bezzecchi fait partie de cette bande d&rsquo;ultra dou\u00e9s form\u00e9s \u00e0 l&rsquo;\u00e9cole Tavullia, avec Bagnaia et Morbidelli. Il conna\u00eet ce circuit comme sa poche, autrement dit chaque bosse, chaque trou, chaque pi\u00e8ge au-del\u00e0 des bonnes trajos. Ce qui explique aussi les tr\u00e8s beaux r\u00e9sultats de Morbidelli d&rsquo;ailleurs. Bezzecchi monte les marches de la gloire depuis plusieurs GP, l&rsquo;Aprilia est maintenant quasiment saine sur tous les circuits, il est italien, pays terriblement en manque de victoires cette ann\u00e9e. Il fait la pole, gagne le sprint apr\u00e8s la chute de Marquez, il roule avec Marquez, quasiment \u00e0 son rythme durant tout le GP. Il dit \u00e0 l&rsquo;arriv\u00e9e avoir tout donn\u00e9, il est cram\u00e9 total et c&rsquo;est superbe. Mais le truc incroyable c&rsquo;est que Marquez, \u00e0 l&rsquo;arriv\u00e9e, affirme aussi qu&rsquo;il a d\u00fb tout donner, sans marge de s\u00e9curit\u00e9. Il passe Bezzecchi relativement vite quand l&rsquo;Italien fait un large, ce sera sa seule erreur sur 27 tours, ensuite il s&rsquo;accrochera mais un Marquez devant, en plus \u00e9nerv\u00e9 par sa chute de la veille, \u00e7a ne se d\u00e9passe pas. Superbe GP mais \u00e0 deux, Alex Marquez, troisi\u00e8me, est presque \u00e0 huit secondes ! <strong>Grosse r\u00e9compense pour Bezzecchi, comme Bagnaia s&rsquo;est encore perdu dans le Triangle des Bermudes, il est maintenant \u00e0 huit points de la troisi\u00e8me place au g\u00e9n\u00e9ral,<\/strong> ce qui serait tellement m\u00e9rit\u00e9 ! Bravo ragazzo ! Au fait, la veille, en sprint, autre affrontement Marquez\/Bezzecchi, Marquez s&rsquo;est mis au tas. En combattant, pas en dilettante comme \u00e0 Austin ou Jerez&#8230; Ils sont combien \u00e0 avoir forc\u00e9 Marquez \u00e0 se mettre par terre ? Dommage d&rsquo;ailleurs parce que la baston de ce sprint a \u00e9t\u00e9 courte.<\/p>\n","protected":false},"excerpt":{"rendered":"Certes, j&rsquo;aurais d\u00fb ajouter Alex Marquez \u00e0 cet arc de triomphe, mais un arc \u00e7a repose sur seulement&hellip;\n","protected":false},"author":2,"featured_media":391297,"comment_status":"","ping_status":"","sticky":false,"template":"","format":"standard","meta":{"footnotes":""},"categories":[1413],"tags":[17,5828,1462,40409,36846,4266,1011,27,1466,52344,26128,52345,22586,47980,1457,1456,1458,60],"class_list":{"0":"post-391296","1":"post","2":"type-post","3":"status-publish","4":"format-standard","5":"has-post-thumbnail","7":"category-moto","8":"tag-17","9":"tag-aprilia","10":"tag-bagnaia","11":"tag-bezzecchi","12":"tag-dalligna","13":"tag-ducati","14":"tag-fr","15":"tag-france","16":"tag-jorge-martin","17":"tag-la-brute","18":"tag-le-bon","19":"tag-les-truands","20":"tag-marquez","21":"tag-misano","22":"tag-moto","23":"tag-motocycle","24":"tag-motogp","25":"tag-sports"},"share_on_mastodon":{"url":"https:\/\/pubeurope.com\/@fr\/115205261464808032","error":""},"_links":{"self":[{"href":"https:\/\/www.europesays.com\/fr\/wp-json\/wp\/v2\/posts\/391296","targetHints":{"allow":["GET"]}}],"collection":[{"href":"https:\/\/www.europesays.com\/fr\/wp-json\/wp\/v2\/posts"}],"about":[{"href":"https:\/\/www.europesays.com\/fr\/wp-json\/wp\/v2\/types\/post"}],"author":[{"embeddable":true,"href":"https:\/\/www.europesays.com\/fr\/wp-json\/wp\/v2\/users\/2"}],"replies":[{"embeddable":true,"href":"https:\/\/www.europesays.com\/fr\/wp-json\/wp\/v2\/comments?post=391296"}],"version-history":[{"count":0,"href":"https:\/\/www.europesays.com\/fr\/wp-json\/wp\/v2\/posts\/391296\/revisions"}],"wp:featuredmedia":[{"embeddable":true,"href":"https:\/\/www.europesays.com\/fr\/wp-json\/wp\/v2\/media\/391297"}],"wp:attachment":[{"href":"https:\/\/www.europesays.com\/fr\/wp-json\/wp\/v2\/media?parent=391296"}],"wp:term":[{"taxonomy":"category","embeddable":true,"href":"https:\/\/www.europesays.com\/fr\/wp-json\/wp\/v2\/categories?post=391296"},{"taxonomy":"post_tag","embeddable":true,"href":"https:\/\/www.europesays.com\/fr\/wp-json\/wp\/v2\/tags?post=391296"}],"curies":[{"name":"wp","href":"https:\/\/api.w.org\/{rel}","templated":true}]}}