{"id":391298,"date":"2025-09-14T23:32:17","date_gmt":"2025-09-14T23:32:17","guid":{"rendered":"https:\/\/www.europesays.com\/fr\/391298\/"},"modified":"2025-09-14T23:32:17","modified_gmt":"2025-09-14T23:32:17","slug":"f1-un-francais-avec-verstappen-red-bull-vend-la-meche","status":"publish","type":"post","link":"https:\/\/www.europesays.com\/fr\/391298\/","title":{"rendered":"F1 : Un Fran\u00e7ais avec Verstappen, Red Bull vend la m\u00e8che !"},"content":{"rendered":"<p>                    Hugo Chirossel<br \/>\n                        &#8211;<\/p>\n<p>Journaliste<\/p>\n<p>Passionn\u00e9 de football depuis le plus jeune \u00e2ge, devenir journaliste sportif est rapidement devenu une \u00e9vidence pour Hugo. Il se d\u00e9couvrira plus tard un amour pour la NBA, avant d\u2019explorer d\u2019autres horizons comme ceux de la Formule 1 et de la NFL.<\/p>\n<p class=\"heading\">Alors qu\u2019il impressionne pour sa premi\u00e8re saison en Formule 1, Isack Hadjar pourrait d\u00e9j\u00e0 \u00eatre promu chez Red Bull en 2026. Cela se jouera certainement entre le Fran\u00e7ais et Yuki Tsunoda et Laurent Mekies a justement \u00e9t\u00e9 interrog\u00e9 sur les crit\u00e8res qu\u2019il prendra en compte pour choisir le prochain co\u00e9quipier de Max Verstappen.<\/p>\n<p>Apr\u00e8s son premier podium \u00e0 <strong>Zandvoort<\/strong>,<strong> Isack Hadjar<\/strong> a de nouveau impressionn\u00e9 le week-end dernier \u00e0 <strong>Monza<\/strong>. Alors qu\u2019il partait des stands, le Fran\u00e7ais a r\u00e9ussi \u00e0 se hisser jusqu\u2019\u00e0 la 10e place avec sa <strong>Racing Bull <\/strong>et donc terminer dans les points. De quoi le mettre en bonne position dans l\u2019optique d\u2019\u00eatre le co\u00e9quipier de <strong>Max Verstappen<\/strong> la saison prochaine. Comme l\u2019a confi\u00e9 <a href=\"https:\/\/le10sport.com\/formule1\/f1-un-nouveau-pilote-avec-verstappen-red-bull-valide-757729\" target=\"_blank\" rel=\"noopener\">Helmut Marko<\/a>, <strong>Red Bull<\/strong> puisera certainement dans son \u00ab vivier de pilotes pour 2026. \u00bb<\/p>\n<p>                                            \u00ab Tout comptera au moment de nos \u00e9valuations \u00bb<\/p>\n<p>\u00ab Le rythme en qualifications et le rythme en course. C\u2019est aussi simple que \u00e7a \u00bb, a r\u00e9pondu <strong>Laurent Mekies<\/strong> quand on lui a demand\u00e9 quels seront les crit\u00e8res qui d\u00e9partageront<strong> Yuki Tsunoda<\/strong> et <strong>Isack Hadjar<\/strong>, dans des propos relay\u00e9s par Nextgen-Auto. \u00ab La course de Yuki \u00e9tait difficile \u00e0 lire en raison du trafic lors du premier relais et des d\u00e9g\u00e2ts lors du deuxi\u00e8me. Dans son cas, je regarde les qualifications et je les consid\u00e8re toujours comme un \u00e9l\u00e9ment d\u2019un bon week-end. Il \u00e9tait \u00e0 deux dixi\u00e8mes de Max en Q1, et Max n\u2019\u00e9tait pas vraiment lent d\u00e9j\u00e0 car le rythme \u00e9tait d\u00e9j\u00e0 tr\u00e8s \u00e9lev\u00e9 et comp\u00e9titif dans le peloton. Puis, il \u00e9tait \u00e0 deux dixi\u00e8mes de Max en Q2, et il ne fait aucun doute que tout le monde attaque \u00e0 100 % de nos jours en Q2. Oui, l\u2019\u00e9cart \u00e9tait plus grand en Q3, mais d\u2019abord, il a plac\u00e9 la voiture en Q3, ce qui est une tr\u00e8s bonne performance. Et ensuite, il a \u00e9t\u00e9 premier sur la piste en Q3, ce qui n\u2019a pas aid\u00e9 (pour les aspirations). \u00bb<\/p>\n<p>                                            \u00ab Il est clair qu\u2019Isack a sorti une performance exceptionnelle en course \u00bb<\/p>\n<p>\u00ab Le rythme sur les courts relais \u00e9tait un tr\u00e8s bon \u00e9l\u00e9ment pour Yuki. Malheureusement, pour son rythme de course, c\u2019est frustrant de ne pas avoir de donn\u00e9es de course propres. Mais tout comptera au moment de nos \u00e9valuations \u00bb, a ajout\u00e9 le directeur de <strong>Red Bull<\/strong>, avant de saluer la performance d\u2019<strong>Isack Hadjar<\/strong> \u00e0 <strong>Monza<\/strong>. \u00ab Il est clair qu\u2019Isack a sorti une performance exceptionnelle en course. \u00bb<\/p>\n","protected":false},"excerpt":{"rendered":"Hugo Chirossel &#8211; Journaliste Passionn\u00e9 de football depuis le plus jeune \u00e2ge, devenir journaliste sportif est rapidement devenu&hellip;\n","protected":false},"author":2,"featured_media":391299,"comment_status":"","ping_status":"","sticky":false,"template":"","format":"standard","meta":{"footnotes":""},"categories":[1412],"tags":[1451,1452,1453,1454,1455,1011,27,60],"class_list":{"0":"post-391298","1":"post","2":"type-post","3":"status-publish","4":"format-standard","5":"has-post-thumbnail","7":"category-f1","8":"tag-f1","9":"tag-formula-1","10":"tag-formula1","11":"tag-formule-1","12":"tag-formule1","13":"tag-fr","14":"tag-france","15":"tag-sports"},"share_on_mastodon":{"url":"https:\/\/pubeurope.com\/@fr\/115205265321894203","error":""},"_links":{"self":[{"href":"https:\/\/www.europesays.com\/fr\/wp-json\/wp\/v2\/posts\/391298","targetHints":{"allow":["GET"]}}],"collection":[{"href":"https:\/\/www.europesays.com\/fr\/wp-json\/wp\/v2\/posts"}],"about":[{"href":"https:\/\/www.europesays.com\/fr\/wp-json\/wp\/v2\/types\/post"}],"author":[{"embeddable":true,"href":"https:\/\/www.europesays.com\/fr\/wp-json\/wp\/v2\/users\/2"}],"replies":[{"embeddable":true,"href":"https:\/\/www.europesays.com\/fr\/wp-json\/wp\/v2\/comments?post=391298"}],"version-history":[{"count":0,"href":"https:\/\/www.europesays.com\/fr\/wp-json\/wp\/v2\/posts\/391298\/revisions"}],"wp:featuredmedia":[{"embeddable":true,"href":"https:\/\/www.europesays.com\/fr\/wp-json\/wp\/v2\/media\/391299"}],"wp:attachment":[{"href":"https:\/\/www.europesays.com\/fr\/wp-json\/wp\/v2\/media?parent=391298"}],"wp:term":[{"taxonomy":"category","embeddable":true,"href":"https:\/\/www.europesays.com\/fr\/wp-json\/wp\/v2\/categories?post=391298"},{"taxonomy":"post_tag","embeddable":true,"href":"https:\/\/www.europesays.com\/fr\/wp-json\/wp\/v2\/tags?post=391298"}],"curies":[{"name":"wp","href":"https:\/\/api.w.org\/{rel}","templated":true}]}}