{"id":391334,"date":"2025-09-14T23:54:11","date_gmt":"2025-09-14T23:54:11","guid":{"rendered":"https:\/\/www.europesays.com\/fr\/391334\/"},"modified":"2025-09-14T23:54:11","modified_gmt":"2025-09-14T23:54:11","slug":"la-maire-de-toulon-josee-massi-sera-candidate-a-sa-succession","status":"publish","type":"post","link":"https:\/\/www.europesays.com\/fr\/391334\/","title":{"rendered":"La maire de Toulon Jos\u00e9e Massi sera candidate \u00e0 sa succession"},"content":{"rendered":"\n<p>Dommage pour ceux qui annon\u00e7aient vendredi dans la presse que tout \u00e9tait pli\u00e9. Dans un communiqu\u00e9 titr\u00e9 \u00ab\u00a0Mon parti c\u2019est Toulon\u00a0\u00bb, la maire de Toulon sans \u00e9tiquette Jos\u00e9e Massi remet les pendules \u00e0 l\u2019heure, apr\u00e8s avoir act\u00e9 que la r\u00e9union avec la majorit\u00e9 qui s\u2019est tenue jeudi soir en pr\u00e9sence d\u2019Hubert Falco et le s\u00e9nateur LR Michel Bonnus, \u00ab\u00a0n\u2019a pas \u00e9t\u00e9 conclusive\u00a0\u00bb. Comme ne l\u2019a pas \u00e9t\u00e9 non plus l\u2019\u00e9change qu\u2019elle a eu avec ce dernier ce dimanche.<\/p>\n<p>\u00ab\u00a0Je me consid\u00e8re l\u00e9gitime pour conduire la liste de la majorit\u00e9 aux prochaines \u00e9lections municipales\u00a0\u00bb, affirme-t-elle donc \u00e0 nouveau. Une l\u00e9gitimit\u00e9 qu\u2019elle tire de l\u2019action conduite depuis 2020 aux c\u00f4t\u00e9s d\u2019Hubert Falco et avec la majorit\u00e9, en tant que premi\u00e8re adjointe, puis depuis 2023 en tant que maire. Avec une priorit\u00e9, insiste Jos\u00e9e Massi, \u00ab\u00a0celle de la transformation visible de Toulon et celle de l\u2019am\u00e9lioration du cadre de vie des Toulonnais\u00a0\u00bb. C\u2019est pourquoi, elle d\u00e9sire se concentrer aujourd\u2019hui avant tout pleinement sur son action de maire.<\/p>\n<p>Et de poursuivre \u00e0 l\u2019attention d\u2019Hubert Falco\u00a0: \u00ab\u00a0Je crois que je n\u2019ai plus \u00e0 prouver et rappeler ma loyaut\u00e9, mon honn\u00eatet\u00e9 et mon sens de l\u2019int\u00e9r\u00eat g\u00e9n\u00e9ral.\u00a0\u00bb Lui laissant le soin de d\u00e9cider ce qu\u2019il souhaite faire. En rappelant au passage qu\u2019il l\u2019a d\u00e9sign\u00e9e lorsqu\u2019il a \u00e9t\u00e9 emp\u00each\u00e9 en 2023 pour prendre les r\u00eanes de la ville et avait soutenu sa candidature dans un communiqu\u00e9 le 23\u00a0juin dernier.<\/p>\n<p>Et de poursuivre\u00a0: \u00ab\u00a0Je crois toutefois que les Toulonnais m\u00e9ritent mieux que des jeux de personnes, de places et de partis.\u00a0\u00bb C\u2019est dit. Elle estime pour sa part avoir tout fait pour que la majorit\u00e9 municipale reste unie. Il est temps donc de refermer la s\u00e9quence des pourparlers st\u00e9riles dont la finalit\u00e9 n\u2019\u00e9tait au fond que de lui faire mettre genou \u00e0 terre. \u00ab\u00a0Je continuerai \u00e0 prendre mes responsabilit\u00e9s comme je les ai toujours prises\u00a0\u00bb , ajoute-t-elle. Aux autres d\u2019en faire autant.<\/p>\n<p>Cela \u00e9tant dit, en tant que maire sortante, elle n\u2019est pas press\u00e9e d\u2019officialiser sa candidature\u00a0trop pr\u00e9cocement\u00a0: \u00ab\u00a0Je poursuis le travail et je dirai ce que je ferai en temps voulu. Ce qui est certain c\u2019est que beaucoup de Toulonnais me demandent de continuer et m\u2019encouragent. C\u2019est \u00e0 eux que je pense.\u00a0\u00bb<\/p>\n<p>Tant pis pour ceux qui la consid\u00e8rent \u00ab\u00a0trop \u00e0 gauche pour \u00eatre \u00e0 droite\u00a0\u00bb. \u00ab\u00a0Les Toulonnais attendent de l\u2019action, de l\u2019\u00e9coute et de la proximit\u00e9. Pas des promesses et des conciliabules en cercle ferm\u00e9\u00a0\u00bb, assure la premi\u00e8re magistrate du Port-du-Levant. Et de conclure\u00a0: \u00ab\u00a0J\u2019ouvre ma porte \u00e0 toutes et \u00e0 tous pour continuer \u00e0 agir pour Toulon maintenant et pour l\u2019avenir.\u00a0\u00bb<\/p>\n","protected":false},"excerpt":{"rendered":"Dommage pour ceux qui annon\u00e7aient vendredi dans la presse que tout \u00e9tait pli\u00e9. Dans un communiqu\u00e9 titr\u00e9 \u00ab\u00a0Mon&hellip;\n","protected":false},"author":2,"featured_media":391335,"comment_status":"","ping_status":"","sticky":false,"template":"","format":"standard","meta":{"footnotes":""},"categories":[9619],"tags":[1111,11,2761,1777,674,1011,27,12,882,25,2310],"class_list":{"0":"post-391334","1":"post","2":"type-post","3":"status-publish","4":"format-standard","5":"has-post-thumbnail","7":"category-toulon","8":"tag-actu","9":"tag-actualites","10":"tag-elections-municipales-2026","11":"tag-eu","12":"tag-europe","13":"tag-fr","14":"tag-france","15":"tag-news","16":"tag-provence-alpes-cote-dazur","17":"tag-republique-francaise","18":"tag-toulon"},"share_on_mastodon":{"url":"https:\/\/pubeurope.com\/@fr\/115205351909662205","error":""},"_links":{"self":[{"href":"https:\/\/www.europesays.com\/fr\/wp-json\/wp\/v2\/posts\/391334","targetHints":{"allow":["GET"]}}],"collection":[{"href":"https:\/\/www.europesays.com\/fr\/wp-json\/wp\/v2\/posts"}],"about":[{"href":"https:\/\/www.europesays.com\/fr\/wp-json\/wp\/v2\/types\/post"}],"author":[{"embeddable":true,"href":"https:\/\/www.europesays.com\/fr\/wp-json\/wp\/v2\/users\/2"}],"replies":[{"embeddable":true,"href":"https:\/\/www.europesays.com\/fr\/wp-json\/wp\/v2\/comments?post=391334"}],"version-history":[{"count":0,"href":"https:\/\/www.europesays.com\/fr\/wp-json\/wp\/v2\/posts\/391334\/revisions"}],"wp:featuredmedia":[{"embeddable":true,"href":"https:\/\/www.europesays.com\/fr\/wp-json\/wp\/v2\/media\/391335"}],"wp:attachment":[{"href":"https:\/\/www.europesays.com\/fr\/wp-json\/wp\/v2\/media?parent=391334"}],"wp:term":[{"taxonomy":"category","embeddable":true,"href":"https:\/\/www.europesays.com\/fr\/wp-json\/wp\/v2\/categories?post=391334"},{"taxonomy":"post_tag","embeddable":true,"href":"https:\/\/www.europesays.com\/fr\/wp-json\/wp\/v2\/tags?post=391334"}],"curies":[{"name":"wp","href":"https:\/\/api.w.org\/{rel}","templated":true}]}}