{"id":391354,"date":"2025-09-15T00:08:11","date_gmt":"2025-09-15T00:08:11","guid":{"rendered":"https:\/\/www.europesays.com\/fr\/391354\/"},"modified":"2025-09-15T00:08:11","modified_gmt":"2025-09-15T00:08:11","slug":"previsions-du-lundi-15-septembre-2025-4","status":"publish","type":"post","link":"https:\/\/www.europesays.com\/fr\/391354\/","title":{"rendered":"pr\u00e9visions du lundi 15 septembre 2025"},"content":{"rendered":"<p>Aujourd&rsquo;hui, toujours des nuages dans le ciel qui emp\u00eachent le soleil d&rsquo;appara\u00eetre \u00e0 Nantes. Des pluies \u00e9parses sont attendues. Il va faire 17\u00b0C en moyenne. Un vent d&rsquo;ouest, atteignant 24 km\/h, soufflera. L&rsquo;apr\u00e8s-midi, le soleil sera dissimul\u00e9 derri\u00e8re des nuages. Les temp\u00e9ratures afficheront entre 18 et 20\u00b0C. Le soir, on pr\u00e9voit des valeurs d&rsquo;environ 15\u00b0C. Durant la nuit de lundi \u00e0 mardi, le ciel sera pluvieux.<\/p>\n<p>Demain, des nuages feront leur apparition sur Nantes. Des pluies \u00e9parses vont tomber sur la ville. Le mercure va descendre de quelques degr\u00e9s. Il fera environ 16\u00b0C. Un modeste vent de sud-ouest sera ressenti par les habitants. L&rsquo;apr\u00e8s-midi va rester maussade \u00e0 cause de nuages qui persistent dans le ciel. Les temp\u00e9ratures seront de 18\u00b0C au plus bas et de 20\u00b0C au maximum. Le ciel va quelque peu se d\u00e9gager dans la soir\u00e9e avec des \u00e9claircies. Les valeurs avoisineront les 15\u00b0C.<\/p>\n<p>Une am\u00e9lioration est \u00e0 pr\u00e9voir pour les jours \u00e0 venir. Le temps sera ensoleill\u00e9 avec des temp\u00e9ratures autour de 24\u00b0C.<\/p>\n<p><\/p>\n","protected":false},"excerpt":{"rendered":"Aujourd&rsquo;hui, toujours des nuages dans le ciel qui emp\u00eachent le soleil d&rsquo;appara\u00eetre \u00e0 Nantes. Des pluies \u00e9parses sont&hellip;\n","protected":false},"author":2,"featured_media":391355,"comment_status":"","ping_status":"","sticky":false,"template":"","format":"standard","meta":{"footnotes":""},"categories":[2818],"tags":[1111,11,1777,674,1011,27,3047,766,12,2636,2119,25],"class_list":{"0":"post-391354","1":"post","2":"type-post","3":"status-publish","4":"format-standard","5":"has-post-thumbnail","7":"category-nantes","8":"tag-actu","9":"tag-actualites","10":"tag-eu","11":"tag-europe","12":"tag-fr","13":"tag-france","14":"tag-loire-atlantique","15":"tag-nantes","16":"tag-news","17":"tag-pays-de-la-loire","18":"tag-previsions-meteo","19":"tag-republique-francaise"},"share_on_mastodon":{"url":"https:\/\/pubeurope.com\/@fr\/115205406980083816","error":""},"_links":{"self":[{"href":"https:\/\/www.europesays.com\/fr\/wp-json\/wp\/v2\/posts\/391354","targetHints":{"allow":["GET"]}}],"collection":[{"href":"https:\/\/www.europesays.com\/fr\/wp-json\/wp\/v2\/posts"}],"about":[{"href":"https:\/\/www.europesays.com\/fr\/wp-json\/wp\/v2\/types\/post"}],"author":[{"embeddable":true,"href":"https:\/\/www.europesays.com\/fr\/wp-json\/wp\/v2\/users\/2"}],"replies":[{"embeddable":true,"href":"https:\/\/www.europesays.com\/fr\/wp-json\/wp\/v2\/comments?post=391354"}],"version-history":[{"count":0,"href":"https:\/\/www.europesays.com\/fr\/wp-json\/wp\/v2\/posts\/391354\/revisions"}],"wp:featuredmedia":[{"embeddable":true,"href":"https:\/\/www.europesays.com\/fr\/wp-json\/wp\/v2\/media\/391355"}],"wp:attachment":[{"href":"https:\/\/www.europesays.com\/fr\/wp-json\/wp\/v2\/media?parent=391354"}],"wp:term":[{"taxonomy":"category","embeddable":true,"href":"https:\/\/www.europesays.com\/fr\/wp-json\/wp\/v2\/categories?post=391354"},{"taxonomy":"post_tag","embeddable":true,"href":"https:\/\/www.europesays.com\/fr\/wp-json\/wp\/v2\/tags?post=391354"}],"curies":[{"name":"wp","href":"https:\/\/api.w.org\/{rel}","templated":true}]}}