{"id":391382,"date":"2025-09-15T00:24:15","date_gmt":"2025-09-15T00:24:15","guid":{"rendered":"https:\/\/www.europesays.com\/fr\/391382\/"},"modified":"2025-09-15T00:24:15","modified_gmt":"2025-09-15T00:24:15","slug":"jean-paul-rouve-a-achete-un-bien-dans-un-quartier-unique-de-paris-il-ne-cache-pas-son-bonheur","status":"publish","type":"post","link":"https:\/\/www.europesays.com\/fr\/391382\/","title":{"rendered":"Jean-Paul Rouve a achet\u00e9 un bien dans un quartier unique de Paris, il ne cache pas son bonheur"},"content":{"rendered":"<p class=\"mb-4 text-lg md:leading-8 break-words\">Moniteur d\u2019une colonie de vacances dans le film de 2006 \u00ab\u00a0Nos jours heureux\u00a0\u00bb, diffus\u00e9 \u00e0 21h10 sur W9 ce dimanche 14 septembre 2025, l&rsquo;acteur Jean-Paul Rouve aime passer ses \u00e9t\u00e9s dans le sud de la France mais vit au quotidien dans un quartier tr\u00e8s pris\u00e9 de Paris qu\u2019il affectionne tout particuli\u00e8rement. La star des \u00ab\u00a0Tuche\u00a0\u00bb a expliqu\u00e9 ce qu&rsquo;il appr\u00e9ciait tant dans ce lieu unique.<\/p>\n<p class=\"mb-4 text-lg md:leading-8 break-words\">L\u2019acteur <a href=\"https:\/\/www.purepeople.com\/people\/jean-paul-rouve_p119\" rel=\"nofollow noopener\" target=\"_blank\" data-ylk=\"slk:Jean-Paul Rouve;elm:context_link;itc:0;sec:content-canvas\" class=\"link \">Jean-Paul Rouve<\/a> est particuli\u00e8rement connu pour son r\u00f4le de Jeff Tuche dans la saga \u00e0 succ\u00e8s Les Tuche, n\u00e9e en 2010. Mais quatre ans avant d\u2019endosser ce personnage qui lui collera \u00e0 la peau, <a href=\"https:\/\/fr.news.yahoo.com\/jean-paul-rouve-photo-fils-203800940.html\" data-ylk=\"slk:le p\u00e8re de Clotaire;elm:context_link;itc:0;sec:content-canvas;outcm:mb_qualified_link;_E:mb_qualified_link;ct:story;\" class=\"link  yahoo-link\" target=\"_blank\" rel=\"noopener\">le p\u00e8re de Clotaire<\/a> figurait d\u00e9j\u00e0 \u00e0 l\u2019affiche de Nos jours heureux aux c\u00f4t\u00e9s d\u2019<a href=\"https:\/\/www.purepeople.com\/people\/omar-sy_p202\" rel=\"nofollow noopener\" target=\"_blank\" data-ylk=\"slk:Omar Sy;elm:context_link;itc:0;sec:content-canvas\" class=\"link \">Omar Sy<\/a> et <a href=\"https:\/\/www.purepeople.com\/people\/marilou-berry_p494\" rel=\"nofollow noopener\" target=\"_blank\" data-ylk=\"slk:Marilou Berry;elm:context_link;itc:0;sec:content-canvas\" class=\"link \">Marilou Berry<\/a>. Dans cette com\u00e9die, \u00e0 (re)d\u00e9couvrir ce dimanche soir sur W9, il incarne Vincent Rousseau, un jeune homme de 25 ans qui se retrouve<strong> \u00e0 la t\u00eate de sa toute premi\u00e8re colonie de vacances durant l\u2019\u00e9t\u00e9 1992<\/strong>. Entre la gestion d\u2019un groupe d\u2019adolescents et celle de son \u00e9quipe, l\u2019exp\u00e9rience ne sera pas de tout repos pour le personnage de Jean-Paul Rouve.<\/p>\n<p class=\"mb-4 text-lg md:leading-8 break-words\">Dans sa vie personnelle, l\u2019acteur de 58 ans a, quant \u00e0 lui, su trouver son havre de paix. C\u2019est dans<strong> un quartier embl\u00e9matique de Paris <\/strong>qu\u2019il a acquis un bien d\u2019exception.<\/p>\n<p class=\"mb-4 text-lg md:leading-8 break-words\">Jean-Paul Rouve heureux de son appartement \u00e0 Montmartre : \u00ab\u00a0C&rsquo;est mon coin !\u00a0\u00bb<\/p>\n<p class=\"mb-4 text-lg md:leading-8 break-words\">C\u2019est \u00e0 <strong>Montmartre <\/strong>que Jean-Paul Rouve a trouv\u00e9 un pied-\u00e0-terre dans lequel il se sent pleinement chez lui. Attach\u00e9 \u00e0 <a href=\"https:\/\/fr.news.yahoo.com\/jean-paul-rouve-demeure-parisienne-164900554.html\" data-ylk=\"slk:ce quartier mythique de la capitale;elm:context_link;itc:0;sec:content-canvas;outcm:mb_qualified_link;_E:mb_qualified_link;ct:story;\" class=\"link  yahoo-link\" target=\"_blank\" rel=\"noopener\">ce quartier mythique de la capitale<\/a>, il avait confi\u00e9 en octobre 2017 \u00e0 <a href=\"https:\/\/www.purepeople.com\/people\/nikos-aliagas_p314\" rel=\"nofollow noopener\" target=\"_blank\" data-ylk=\"slk:Nikos Aliagas;elm:context_link;itc:0;sec:content-canvas\" class=\"link \">Nikos Aliagas<\/a> sur Europe 1 : \u00ab\u00a0C&rsquo;est mon coin !\u00a0\u00bb. \u00c0 l\u2019occasion du tournage de l\u2019\u00e9mission En balade avec, il avait emmen\u00e9 l\u2019animateur fl\u00e2ner dans les rues de ce quartier parisien.<\/p>\n<p class=\"mb-4 text-lg md:leading-8 break-words\">\u00ab\u00a0\u00c7a a toujours \u00e9t\u00e9 un m\u00e9lange d&rsquo;h\u00f4tels particuliers, d&rsquo;endroits tr\u00e8s chics et d&rsquo;endroits de d\u00e9bauche avec des cabarets, avec Pigalle en bas. On n&rsquo;est plus \u00e0 Paris, c&rsquo;est un village\u00a0\u00bb, expliquait-il alors, avant de poursuivre sur<strong> l\u2019une des raisons de son attachement \u00e0 Montmartre <\/strong>: \u00ab\u00a0Comme en province, on se balade et dix fois par jour, on salue quelqu&rsquo;un. C&rsquo;est tr\u00e8s rare \u00e0 Paris !\u00a0\u00bb.<\/p>\n<p class=\"mb-4 text-lg md:leading-8 break-words\">L\u2019acteur et r\u00e9alisateur fran\u00e7ais ch\u00e9rit ce quartier o\u00f9 <strong>\u00ab\u00a0\u00e7a ne se prend pas au s\u00e9rieux\u00a0\u00bb<\/strong><strong>,<\/strong> malgr\u00e9 l\u2019image que certains peuvent en avoir. Il y retrouve<strong> une touche d\u2019humour qui lui est ch\u00e8re<\/strong> : \u00ab\u00a0Il y a un c\u00f4t\u00e9 un peu d\u00e9cal\u00e9, avec humour. Il y a une R\u00e9publique de Montmartre, il y a un pr\u00e9sident, il y a tout\u00a0\u00bb, avait-il d\u00e9clar\u00e9, amus\u00e9. Entre la basilique du Sacr\u00e9-C\u0153ur et la place du Tertre o\u00f9 se r\u00e9unissent les artistes, Jean-Paul Rouve a trouv\u00e9<strong> l\u2019endroit de la capitale qui lui correspond le mieux.<\/strong><\/p>\n<p class=\"mb-4 text-lg md:leading-8 break-words\">Cependant, le c\u00e9l\u00e8bre acteur, <a href=\"https:\/\/www.purepeople.com\/article\/jean-paul-rouve-l-acteur-victime-d-un-cambriolage-50-000-euros-derobes_a241723\/1\" rel=\"nofollow noopener\" target=\"_blank\" data-ylk=\"slk:victime d\u2019un cambriolage en juin 2017;elm:context_link;itc:0;sec:content-canvas\" class=\"link \">victime d\u2019un cambriolage en juin 2017<\/a>, aime aussi se ressourcer loin de l\u2019effervescence parisienne. Il est en effet propri\u00e9taire d\u2019<a href=\"https:\/\/fr.news.yahoo.com\/jean-paul-rouve-vie-paisible-072900042.html\" data-ylk=\"slk:une maison de vacances dans le Luberon;elm:context_link;itc:0;sec:content-canvas;outcm:mb_qualified_link;_E:mb_qualified_link;ct:story;\" class=\"link  yahoo-link\" target=\"_blank\" rel=\"noopener\">une maison de vacances dans le Luberon<\/a>, \u00e0 Bonnieux, \u00e0 une heure d\u2019Avignon. Ce lieu, tr\u00e8s pris\u00e9 des stars, il l\u2019a d\u00e9couvert gr\u00e2ce \u00e0 <a href=\"https:\/\/www.purepeople.com\/people\/dominique-farrugia_p172\" rel=\"nofollow noopener\" target=\"_blank\" data-ylk=\"slk:Dominique Farrugia;elm:context_link;itc:0;sec:content-canvas\" class=\"link \">Dominique Farrugia<\/a>. Depuis, l\u2019ex-membre des Robins des bois<strong> s\u2019y rend chaque \u00e9t\u00e9.<\/strong><\/p>\n<p class=\"mb-4 text-lg md:leading-8 break-words\">Cette demeure lui permet \u00e9galement de partager de pr\u00e9cieux moments avec d\u2019autres c\u00e9l\u00e9brit\u00e9s profitant du soleil du sud de la France. Dans une interview accord\u00e9e \u00e0 France Bleu en octobre 2018, <strong>il avait par ailleurs confi\u00e9 que la Normandie l\u2019attirait aussi<\/strong>. Y a-t-il trouv\u00e9 depuis un pied-\u00e0-terre ? En attendant la r\u00e9ponse, Jean-Paul Rouve profite pleinement de ses deux belles acquisitions.<\/p>\n<p class=\"mb-4 text-lg md:leading-8 break-words\"><a href=\"https:\/\/www.purepeople.com\/article\/c-est-tres-rare-jean-paul-rouve-a-achete-un-bien-dans-un-quartier-unique-de-paris-il-ne-cache-pas-son-bonheur_a542485\/1\" rel=\"nofollow noopener\" target=\"_blank\" data-ylk=\"slk:Article original sur Purepeople;elm:context_link;itc:0;sec:content-canvas\" class=\"link \">Article original sur Purepeople<\/a><\/p>\n","protected":false},"excerpt":{"rendered":"Moniteur d\u2019une colonie de vacances dans le film de 2006 \u00ab\u00a0Nos jours heureux\u00a0\u00bb, diffus\u00e9 \u00e0 21h10 sur W9&hellip;\n","protected":false},"author":2,"featured_media":391383,"comment_status":"","ping_status":"","sticky":false,"template":"","format":"standard","meta":{"footnotes":""},"categories":[1888],"tags":[1111,1928,11,1927,52347,1777,674,1011,27,1629,12,1926,52349,626,1925,52348,25,1966],"class_list":{"0":"post-391382","1":"post","2":"type-post","3":"status-publish","4":"format-standard","5":"has-post-thumbnail","7":"category-paris","8":"tag-actu","9":"tag-actu-paris","10":"tag-actualites","11":"tag-actualites-paris","12":"tag-colonie-de-vacances","13":"tag-eu","14":"tag-europe","15":"tag-fr","16":"tag-france","17":"tag-jean-paul-rouve","18":"tag-news","19":"tag-news-paris","20":"tag-nos-jours-heureux","21":"tag-paris","22":"tag-paris-news","23":"tag-quartier-parisien","24":"tag-republique-francaise","25":"tag-sud-de-la-france"},"share_on_mastodon":{"url":"https:\/\/pubeurope.com\/@fr\/115205470031532349","error":""},"_links":{"self":[{"href":"https:\/\/www.europesays.com\/fr\/wp-json\/wp\/v2\/posts\/391382","targetHints":{"allow":["GET"]}}],"collection":[{"href":"https:\/\/www.europesays.com\/fr\/wp-json\/wp\/v2\/posts"}],"about":[{"href":"https:\/\/www.europesays.com\/fr\/wp-json\/wp\/v2\/types\/post"}],"author":[{"embeddable":true,"href":"https:\/\/www.europesays.com\/fr\/wp-json\/wp\/v2\/users\/2"}],"replies":[{"embeddable":true,"href":"https:\/\/www.europesays.com\/fr\/wp-json\/wp\/v2\/comments?post=391382"}],"version-history":[{"count":0,"href":"https:\/\/www.europesays.com\/fr\/wp-json\/wp\/v2\/posts\/391382\/revisions"}],"wp:featuredmedia":[{"embeddable":true,"href":"https:\/\/www.europesays.com\/fr\/wp-json\/wp\/v2\/media\/391383"}],"wp:attachment":[{"href":"https:\/\/www.europesays.com\/fr\/wp-json\/wp\/v2\/media?parent=391382"}],"wp:term":[{"taxonomy":"category","embeddable":true,"href":"https:\/\/www.europesays.com\/fr\/wp-json\/wp\/v2\/categories?post=391382"},{"taxonomy":"post_tag","embeddable":true,"href":"https:\/\/www.europesays.com\/fr\/wp-json\/wp\/v2\/tags?post=391382"}],"curies":[{"name":"wp","href":"https:\/\/api.w.org\/{rel}","templated":true}]}}