{"id":391411,"date":"2025-09-15T00:42:16","date_gmt":"2025-09-15T00:42:16","guid":{"rendered":"https:\/\/www.europesays.com\/fr\/391411\/"},"modified":"2025-09-15T00:42:16","modified_gmt":"2025-09-15T00:42:16","slug":"motogp-misano-j3-je-perds-patience-moi-aussi-gigi-dalligna-sexprime-sur-la-crise-de-pecco-bagnaia","status":"publish","type":"post","link":"https:\/\/www.europesays.com\/fr\/391411\/","title":{"rendered":"MotoGP, Misano J3, \u00ab\u00a0je perds patience moi aussi\u00a0\u00bb : Gigi Dall&rsquo;Igna s&rsquo;exprime sur la crise de Pecco Bagnaia"},"content":{"rendered":"<p><strong>\u00c0 Misano, le contraste \u00e9tait saisissant. Pendant que<br \/>\nMarc Marquez filait vers une nouvelle victoire et se rapprochait<br \/>\nd\u2019un titre avec la Ducati, son co\u00e9quipier Pecco Bagnaia sombrait<br \/>\nencore un peu plus dans la spirale n\u00e9gative qui plombe sa saison.<br \/>\nLe double champion du monde, visiblement d\u00e9sempar\u00e9, s\u2019est enferm\u00e9<br \/>\navec ses ing\u00e9nieurs, incapable d\u2019expliquer ses difficult\u00e9s. C\u2019est<br \/>\nfinalement Gigi Dall\u2019Igna, directeur g\u00e9n\u00e9ral de Ducati Corse, qui a<br \/>\nd\u00fb r\u00e9pondre aux questions de Sky Italia.<\/strong><\/p>\n<p>\u00ab <strong>La situation est vraiment d\u00e9licate avec<br \/>\nPecco<\/strong> ; il est en difficult\u00e9. Comme je l\u2019ai d\u00e9j\u00e0<br \/>\ndit \u00e0 maintes reprises, il va falloir trouver une solution \u00bb,<br \/>\na reconnu l\u2019ing\u00e9nieur v\u00e9nitien. Et d\u2019ajouter :<\/p>\n<p>\u00ab Demain, nous avons un test, une journ\u00e9e importante o\u00f9 nous<br \/>\naurons l\u2019occasion de tester plein de choses. <strong>Esp\u00e9rons donc<br \/>\nque ce soit un test fructueux<\/strong>. \u00bb<\/p>\n<p>Interrog\u00e9 sur la d\u00e9claration de <strong>Bagnaia<\/strong>, qui a<br \/>\nconfess\u00e9 \u00ab perdre patience \u00bb, <strong>Dall\u2019Igna<\/strong> n\u2019a pas<br \/>\ncherch\u00e9 \u00e0 minimiser :<\/p>\n<p>\u00ab Je perds patience moi aussi, et les fans de Pecco aussi.<br \/>\nIl me semble tout \u00e0 fait normal que quelqu\u2019un puisse dire de telles<br \/>\nchoses alors que les r\u00e9sultats ne sont pas au rendez-vous. Je pense<br \/>\nque c\u2019est normal ; <strong>nous sommes tous humains, et nous devons<br \/>\ntoujours partir de ce principe<\/strong><strong>.<\/strong><br \/>\n\u00bb<\/p>\n<p><img loading=\"lazy\" decoding=\"async\" class=\"aligncenter wp-image-1330125\" src=\"https:\/\/www.europesays.com\/fr\/wp-content\/uploads\/2025\/09\/Bagnaia-Pecco.jpg\" alt=\"Gigi Dall'Igna \" width=\"885\" height=\"559\"  \/><\/p>\n<p><strong>Gigi Dall\u2019Igna en a livr\u00e9<br \/>\nson propre diagnostic<\/strong><\/p>\n<p>Les chiffres parlent d\u2019eux-m\u00eames : <strong>cinq<\/strong> Grands<br \/>\nPrix cons\u00e9cutifs sans podium, <strong>dix<\/strong> courses sans<br \/>\nr\u00e9sultats probants et un d\u00e9ficit de <strong>93<\/strong> points sur<br \/>\n<strong>Alex Marquez<\/strong> dans la course \u00e0 la deuxi\u00e8me place du<br \/>\nchampionnat. Plus inqui\u00e9tant encore, <strong>Bagnaia<\/strong> n\u2019a<br \/>\nque huit points d\u2019avance sur <strong>Marco Bezzecchi<\/strong> et<br \/>\npourrait perdre le podium final au classement.<\/p>\n<p>\u00ab C\u2019est tr\u00e8s simple : <strong>une fois la spirale n\u00e9gative<br \/>\nenclench\u00e9e, elle s\u2019enfonce toujours. Il est donc toujours compliqu\u00e9<br \/>\nde trouver un moyen de l\u2019inverser<\/strong>. Je dis toujours que la<br \/>\npositivit\u00e9 est tr\u00e8s utile dans ce domaine. \u00bb<\/p>\n<p>L\u2019\u00e9chec du week-end met une pression \u00e9norme sur la journ\u00e9e<br \/>\nd\u2019essais officiels pr\u00e9vue lundi \u00e0 <strong>Misano<\/strong>. Ce sera<br \/>\nla derni\u00e8re opportunit\u00e9 pour <strong>Ducati<\/strong> et<br \/>\n<strong>Bagnaia<\/strong> d\u2019exp\u00e9rimenter des r\u00e9glages et de<br \/>\nnouvelles pi\u00e8ces en dehors d\u2019un week-end de Grand Prix.<\/p>\n<p>Si <a href=\"https:\/\/www.paddock-gp.com\/motogp-misano-championnat-marc-marquez-signe-sa-11e-victoire-et-file-vers-son-9e-titre-mondial\/\" target=\"_blank\" rel=\"noopener\"><br \/>\n<strong>Marc Marquez<\/strong><\/a> semble rouler sur un boulevard<br \/>\nvers le titre, <a href=\"https:\/\/www.paddock-gp.com\/motogp-misano-j3-pecco-bagnaia-ducati-ab-fuit-la-presse-et-senferme-avec-les-ingenieurs-silence-radio-apres-un-week-end-cauchemardesque\/\" target=\"_blank\" rel=\"noopener\"><br \/>\n<strong>Bagnaia<\/strong><\/a>, lui, se bat contre son propre mur. La<br \/>\nGP25 qu\u2019il devait dompter est devenue son pire cauchemar, et<br \/>\n<a href=\"https:\/\/www.paddock-gp.com\/motogp-ramon-forcada-les-ingenieurs-ducati-connaissent-le-probleme-de-bagnaia-mais-ce-sont-des-elements-scelles-et-impossibles-a-modifier\/\" target=\"_blank\" rel=\"noopener\"><br \/>\n<strong>Ducati<\/strong><\/a> n\u2019a plus le luxe d\u2019attendre : soit<br \/>\n<strong>Misano<\/strong> relance <strong>Pecco<\/strong>, soit la<br \/>\nsaison s\u2019ach\u00e8vera sur un \u00e9chec amer.<\/p>\n<p><img decoding=\"async\" class=\"aligncenter\" src=\"https:\/\/www.europesays.com\/fr\/wp-content\/uploads\/2025\/09\/GigiDalligna-M34546_compressed.jpg\" alt=\"Gigi Dalligna\"\/><\/p>\n<p><strong><a href=\"https:\/\/www.motogp.com\/en\" target=\"_blank\" rel=\"noopener\">MotoGP<\/a>, Misano<br \/>\nJ3\u00a0: classement<\/strong><\/p>\n<p><img decoding=\"async\" class=\"aligncenter\" src=\"https:\/\/www.europesays.com\/fr\/wp-content\/uploads\/2025\/09\/CarreraMGP-434_compressed.jpg\" alt=\"carrera\"\/><\/p>\n<p><strong>Classement General MotoGP<\/strong><\/p>\n<p><img loading=\"lazy\" decoding=\"async\" class=\"aligncenter\" src=\"https:\/\/www.europesays.com\/fr\/wp-content\/uploads\/2025\/09\/MgpGENERAL_compressed.jpg\" alt=\"gene\" width=\"1052\" height=\"1199\"\/><\/p>\n","protected":false},"excerpt":{"rendered":"\u00c0 Misano, le contraste \u00e9tait saisissant. Pendant que Marc Marquez filait vers une nouvelle victoire et se rapprochait&hellip;\n","protected":false},"author":2,"featured_media":391412,"comment_status":"","ping_status":"","sticky":false,"template":"","format":"standard","meta":{"footnotes":""},"categories":[1413],"tags":[1011,27,1457,1456,60],"class_list":{"0":"post-391411","1":"post","2":"type-post","3":"status-publish","4":"format-standard","5":"has-post-thumbnail","7":"category-moto","8":"tag-fr","9":"tag-france","10":"tag-moto","11":"tag-motocycle","12":"tag-sports"},"share_on_mastodon":{"url":"https:\/\/pubeurope.com\/@fr\/115205540933791518","error":""},"_links":{"self":[{"href":"https:\/\/www.europesays.com\/fr\/wp-json\/wp\/v2\/posts\/391411","targetHints":{"allow":["GET"]}}],"collection":[{"href":"https:\/\/www.europesays.com\/fr\/wp-json\/wp\/v2\/posts"}],"about":[{"href":"https:\/\/www.europesays.com\/fr\/wp-json\/wp\/v2\/types\/post"}],"author":[{"embeddable":true,"href":"https:\/\/www.europesays.com\/fr\/wp-json\/wp\/v2\/users\/2"}],"replies":[{"embeddable":true,"href":"https:\/\/www.europesays.com\/fr\/wp-json\/wp\/v2\/comments?post=391411"}],"version-history":[{"count":0,"href":"https:\/\/www.europesays.com\/fr\/wp-json\/wp\/v2\/posts\/391411\/revisions"}],"wp:featuredmedia":[{"embeddable":true,"href":"https:\/\/www.europesays.com\/fr\/wp-json\/wp\/v2\/media\/391412"}],"wp:attachment":[{"href":"https:\/\/www.europesays.com\/fr\/wp-json\/wp\/v2\/media?parent=391411"}],"wp:term":[{"taxonomy":"category","embeddable":true,"href":"https:\/\/www.europesays.com\/fr\/wp-json\/wp\/v2\/categories?post=391411"},{"taxonomy":"post_tag","embeddable":true,"href":"https:\/\/www.europesays.com\/fr\/wp-json\/wp\/v2\/tags?post=391411"}],"curies":[{"name":"wp","href":"https:\/\/api.w.org\/{rel}","templated":true}]}}