{"id":391423,"date":"2025-09-15T00:48:15","date_gmt":"2025-09-15T00:48:15","guid":{"rendered":"https:\/\/www.europesays.com\/fr\/391423\/"},"modified":"2025-09-15T00:48:15","modified_gmt":"2025-09-15T00:48:15","slug":"nouvelles-plumes-et-valeurs-sures-litteraires-distinguees","status":"publish","type":"post","link":"https:\/\/www.europesays.com\/fr\/391423\/","title":{"rendered":"nouvelles plumes et valeurs s\u00fbres litt\u00e9raires distingu\u00e9es"},"content":{"rendered":"<p>Le jury du Prix du livre corse, r\u00e9uni ce samedi 13 septembre \u00e0 Corte, sous la pr\u00e9sidence de Jocelyne Casta, a d\u00e9sign\u00e9 ses laur\u00e9ats pour l&rsquo;ann\u00e9e 2025, valorisant ainsi de nouvelles plumes aux c\u00f4t\u00e9s des valeurs s\u00fbres de la litt\u00e9rature insulaire. L&rsquo;histoire de la Corse et sa langue restent des th\u00e8mes privil\u00e9gi\u00e9s d&rsquo;inspiration, s&rsquo;affirmant comme des piliers de l&rsquo;identit\u00e9 culturelle. En cr\u00e9ant un nouveau prix pour les Beaux livres, le jury tient \u00e0 distinguer une cat\u00e9gorie magnifiant la Corse \u00e0 travers l&rsquo;expertise d&rsquo;un savoir alli\u00e9 \u00e0 une riche iconographie. Les d\u00e9lib\u00e9rations se sont d\u00e9roul\u00e9es dans le cadre de l&rsquo;H\u00f4tel du Nord lors d&rsquo;un \u00e9change convivial dans le respect des sensibilit\u00e9s de chacun*.<\/p>\n<p>Du premier roman aux \u00e9crits des plumes confirm\u00e9es<\/p>\n<p><strong>Le palmar\u00e8s est le suivant.<\/strong><\/p>\n<p>&#8211; Ouvrages de fiction\u00a0<strong>: \u00a0\u00bb Ceux que la nuit choisit \u00ab\u00a0<\/strong> de <strong>Joris Giovannetti, <\/strong>aux \u00c9ditions Deno\u00ebl.<\/p>\n<p>L&rsquo;\u00e9crivain J\u00e9r\u00f4me Ferrari voit \u00a0\u00bb un roman d&rsquo;une profonde humanit\u00e9 \u00a0\u00bb dans ce portrait d&rsquo;une jeunesse \u00e9tudiante qui se cherche un avenir entre les amphis de Corte et ceux de Nice, sans perdre le lien vital avec le village, un refuge bienvenu si le mal-\u00eatre survient.<\/p>\n<p>&#8211; Cat\u00e9gorie essais\u00a0:<strong> \u00a0\u00bb La geste du peuple \u00ab\u00a0<\/strong>. La soci\u00e9t\u00e9 rurale dans la documentation criminelle g\u00e9noise (XVIe-XVIIIe si\u00e8cle) d&rsquo;<strong>Antoine-Marie Graziani,<\/strong> aux \u00c9ditions Piazzola.<\/p>\n<p>Document\u00e9 \u00e0 bonne source, l&rsquo;Archivio di stato de G\u00eanes, l&rsquo;historien livre une analyse de la soci\u00e9t\u00e9 corse en proie au banditisme au travers d\u2019affaires judiciaires r\u00e9v\u00e9latrices de drames familiaux, \u00e0 une \u00e9poque o\u00f9 tout un chacun porte une arme.<\/p>\n<p>&#8211; Langue corse\u00a0:<strong> \u00a0\u00bb\u00a0A marghjina\u00a0\u00ab\u00a0<\/strong> de <strong>Paul Desanti<\/strong>, aux \u00c9ditions Albiana.<\/p>\n<p>Une troupe de saltimbanques italiens aux noms d&#8217;emprunt s&#8217;emploie \u00e0 monter un spectacle lyrique au th\u00e9\u00e2tre Saint-Gabriel \u00e0 Ajaccio. Par leur conduite d\u00e9lur\u00e9e, ils s\u00e8ment un vent de libertinage sur la bonne soci\u00e9t\u00e9 de la cit\u00e9 imp\u00e9riale. Des situations amusantes, un style percutant et un vocabulaire d&rsquo;une grande richesse.<\/p>\n<p>&#8211; Litt\u00e9rature jeunesse\u00a0:<strong> \u00a0\u00bb\u00a0Chi po f\u00e0\u00a0\u00ab\u00a0<\/strong> de <strong>Claire Le Goff et Charles Caplette<\/strong>. Traduit en corse par Paula Bussi et Ghjermana de Zerbi, aux \u00c9ditions \u00c9olienne. Les aventures de Cocc\u00f2 Ghjallu qui prend un matin le car de l&rsquo;\u00e9cole en pyjama sans s&rsquo;en apercevoir. Ses petits camarades se moquent de lui. Une fable sur le qu\u2019en-dira-t-on.<\/p>\n<p>&#8211; Beaux livres\u00a0: <strong>\u00a0\u00bb\u00a0Isula Corsica\u00a0\u00ab\u00a0<\/strong>. Au c\u0153ur de la collection cartographique du Mus\u00e9e de la Corse, un <strong>ouvrage collectif<\/strong> aux \u00c9ditions Albiana. Un panorama historique de la Corse \u00e0 travers 120 cartes comment\u00e9es dont quatre de tr\u00e8s grand format. De Ptol\u00e9m\u00e9e \u00e0 Braudel, les regards crois\u00e9s de sp\u00e9cialistes.<\/p>\n<p>La remise des prix 2025 aura lieu le samedi 11\u00a0octobre, \u00e0 Bonifacio, dans le cadre d&rsquo;une c\u00e9r\u00e9monie officielle pr\u00e9sid\u00e9e par le maire Jean-Charles Orsucci, mettant \u00e0 l&rsquo;honneur le 41e Prix du Livre Corse et Bonifacio, premi\u00e8re ville de Corse qui, fond\u00e9e en 1195 par les G\u00e9nois, a su garder au fil des si\u00e8cles une identit\u00e9 originale dans son cadre m\u00e9di\u00e9val.<\/p>\n<p>(1) Ont particip\u00e9 aux d\u00e9bats\u00a0: Pascale Antonetti, Maria Canonici, Jocelyne Casta, Jean-Pierre Girolami, Alain di Meglio, Marie-Pierre Marchini, Dominique Orsoni, Marie-Eug\u00e9nie Poli Mordiconi, Janine Vittori&#13;<br \/>\nOnt communiqu\u00e9 leurs choix\u00a0: Pierre-Louis Alessandri, Francis Beretti, Namaria Luciani, Marie-Lou Volpei, Ghjermana de Zerbi<\/p>\n","protected":false},"excerpt":{"rendered":"Le jury du Prix du livre corse, r\u00e9uni ce samedi 13 septembre \u00e0 Corte, sous la pr\u00e9sidence de&hellip;\n","protected":false},"author":2,"featured_media":391424,"comment_status":"","ping_status":"","sticky":false,"template":"","format":"standard","meta":{"footnotes":""},"categories":[1357],"tags":[17,1379,2517,1687,58,59,1011,27,2003,1380,1113,39930,2141,17938],"class_list":{"0":"post-391423","1":"post","2":"type-post","3":"status-publish","4":"format-standard","5":"has-post-thumbnail","7":"category-livres","8":"tag-17","9":"tag-books","10":"tag-corse","11":"tag-culture-loisirs","12":"tag-divertissement","13":"tag-entertainment","14":"tag-fr","15":"tag-france","16":"tag-livre","17":"tag-livres","18":"tag-nouvelles","19":"tag-plumes","20":"tag-prix","21":"tag-valeurs"},"share_on_mastodon":{"url":"https:\/\/pubeurope.com\/@fr\/115205564264546143","error":""},"_links":{"self":[{"href":"https:\/\/www.europesays.com\/fr\/wp-json\/wp\/v2\/posts\/391423","targetHints":{"allow":["GET"]}}],"collection":[{"href":"https:\/\/www.europesays.com\/fr\/wp-json\/wp\/v2\/posts"}],"about":[{"href":"https:\/\/www.europesays.com\/fr\/wp-json\/wp\/v2\/types\/post"}],"author":[{"embeddable":true,"href":"https:\/\/www.europesays.com\/fr\/wp-json\/wp\/v2\/users\/2"}],"replies":[{"embeddable":true,"href":"https:\/\/www.europesays.com\/fr\/wp-json\/wp\/v2\/comments?post=391423"}],"version-history":[{"count":0,"href":"https:\/\/www.europesays.com\/fr\/wp-json\/wp\/v2\/posts\/391423\/revisions"}],"wp:featuredmedia":[{"embeddable":true,"href":"https:\/\/www.europesays.com\/fr\/wp-json\/wp\/v2\/media\/391424"}],"wp:attachment":[{"href":"https:\/\/www.europesays.com\/fr\/wp-json\/wp\/v2\/media?parent=391423"}],"wp:term":[{"taxonomy":"category","embeddable":true,"href":"https:\/\/www.europesays.com\/fr\/wp-json\/wp\/v2\/categories?post=391423"},{"taxonomy":"post_tag","embeddable":true,"href":"https:\/\/www.europesays.com\/fr\/wp-json\/wp\/v2\/tags?post=391423"}],"curies":[{"name":"wp","href":"https:\/\/api.w.org\/{rel}","templated":true}]}}