{"id":391427,"date":"2025-09-15T00:50:14","date_gmt":"2025-09-15T00:50:14","guid":{"rendered":"https:\/\/www.europesays.com\/fr\/391427\/"},"modified":"2025-09-15T00:50:14","modified_gmt":"2025-09-15T00:50:14","slug":"jeanne-cherhal-sur-la-chanson-quelle-a-dediee-a-jean-dujardin-il-ma-fait-savoir-quil-sest-bien-marre-en-lecoutant","status":"publish","type":"post","link":"https:\/\/www.europesays.com\/fr\/391427\/","title":{"rendered":"Jeanne Cherhal sur la chanson qu&rsquo;elle a d\u00e9di\u00e9e \u00e0 Jean Dujardin: \u00ab\u00a0Il m&rsquo;a fait savoir qu&rsquo;il s&rsquo;est bien marr\u00e9 en l&rsquo;\u00e9coutant\u00a0\u00bb"},"content":{"rendered":"<p class=\"ap-StoryElement ap-StoryElement--mb ap-StoryText\"><b>Avez-vous conscience de la fid\u00e9lit\u00e9 du public, surtout en concert ? <\/b><\/p>\n<p class=\"ap-StoryElement ap-StoryElement--mb ap-StoryText\">Je consid\u00e8re la sc\u00e8ne comme un espace de jeu, je m&rsquo;amuse comme une enfant. Bien s\u00fbr je profite un maximum de l&rsquo;accueil de l&rsquo;album et de la joie pr\u00e9sente depuis le d\u00e9but de la tourn\u00e9e mais je reste vigilante et concentr\u00e9e. Cet album a joui d&rsquo;une grande fluidit\u00e9, je n&rsquo;avais \u00e0 convaincre personne si ce n&rsquo;est moi sous le regard bienveillant de Benjamin, nous avons enregistr\u00e9 dans un manoir en pleine nature au fond des Landes. Quand j&rsquo;ai \u00e9crit le titre \u00ab\u00a0Jean\u00a0\u00bb, je me suis dit que je tenais mon album, le ton \u00e9tait donn\u00e9.<\/p>\n<p><a href=\"https:\/\/www.parismatch.be\/actualites\/societe\/2025\/09\/13\/jean-dujardin-de-nouveau-a-bruxelles-dans-mon-metier-etre-elu-le-meilleur-ne-signifie-rien-7CQBKB64TVCDTFKSETWZ5KG7UQ\/\" target=\"_blank\" rel=\"noopener noreferrer\" class=\"ap-StoryInterstitialLink ap-StoryElement ap-StoryElement--mb\">Jean Dujardin de nouveau \u00e0 bruxelles: \u00ab\u00a0Dans mon m\u00e9tier, \u00eatre \u00e9lu le meilleur ne signifie rien\u00a0\u00bb<\/a><\/p>\n<p class=\"ap-StoryElement ap-StoryElement--mb ap-StoryText\"><b>Une chanson que vous reconnaissez adresser \u00e0 Jean Dujardin. Mais on peut projeter le Jean qu&rsquo;on veut ! Pour ma part, j&rsquo;ai pens\u00e9 \u00e0 Jean Rochefort. <\/b><\/p>\n<p class=\"ap-StoryElement ap-StoryElement--mb ap-StoryText\">\u00c7a aurait pu \u00eatre lui. Nous avons tous notre Jean, il est de l&rsquo;ordre du fantasme, de l&rsquo;inaccessible ou de l&rsquo;admiration totale. J&rsquo;avais envie de d\u00e9clarer ma flamme \u00e0 Jean Dujardin \u00e0 travers une chanson. Il fallait aussi que ce soit un personnage chaleureux et je le sentais en mesure d&rsquo;accueillir un tel texte. Il m&rsquo;a fait savoir qu&rsquo;il s&rsquo;est bien marr\u00e9 en l&rsquo;\u00e9coutant.<\/p>\n<blockquote class=\"ap-StoryQuote ap-StoryQuote--pullquote\"><p>guillement<\/p>\n<p class=\"ap-StoryQuote-text\">Le moment \u00e9tait venu de vivre une introspection heureuse.<\/p>\n<\/blockquote>\n<p class=\"ap-StoryElement ap-StoryElement--mb ap-StoryText\"><b>La douceur que l&rsquo;on ressent chez vous depuis vos d\u00e9buts vous constitue-t-elle ? <\/b><\/p>\n<p class=\"ap-StoryElement ap-StoryElement--mb ap-StoryText\">Je pense en effet que \u00e7a me ressemble, je ne suis pas du genre \u00e0 crier poing lev\u00e9. J&rsquo;aborde volontiers des sujets de soci\u00e9t\u00e9, parfois lourds, mais avec pudeur, notamment en privil\u00e9giant des musiques plus l\u00e9g\u00e8res. Dans \u00ab\u00a0La vie est trop courte\u00a0\u00bb, le texte peut para\u00eetre brutal mais il m&rsquo;\u00e9tait impossible de le proposer aux gens avec une musique trop cash. J&rsquo;aborde aussi la femme dans tous ses \u00e9tats, sans mettre les hommes de c\u00f4t\u00e9, ils se posent aujourd&rsquo;hui des questions comme jamais auparavant et \u00e7a fait un bien fou.<\/p>\n<p><a href=\"https:\/\/www.parismatch.be\/actualites\/people\/2025\/06\/19\/le-jour-ou-jean-dujardin-sest-confie-sur-lorigine-de-son-humour-cest-la-que-sont-nes-mes-premiers-sketches-D7VBB73DKVDV7PMOEWLQ6MDSKQ\/\" target=\"_blank\" rel=\"noopener noreferrer\" class=\"ap-StoryInterstitialLink ap-StoryElement ap-StoryElement--mb\">Le jour o\u00f9 Jean Dujardin s&rsquo;est confi\u00e9 sur l&rsquo;origine de son humour : \u00ab\u00a0C&rsquo;est l\u00e0 que sont n\u00e9s mes premiers sketches\u00a0\u00bb<\/a><\/p>\n<p class=\"ap-StoryElement ap-StoryElement--mb ap-StoryText\"><b>Le titre \u00ab\u00a0Foutue\u00a0\u00bb pourrait \u00eatre d\u00e9fini, chez nous, comme \u00e9tant un slow crapuleux !<\/b><\/p>\n<p class=\"ap-StoryElement ap-StoryElement--mb ap-StoryText\">Oh, c&rsquo;est beau, \u00e7a veut tout dire, j&rsquo;adore cette expression. On manque de slows non ? Il s&rsquo;agit d&rsquo;une chanson d&rsquo;amour tr\u00e8s classique dans des codes tr\u00e8s pr\u00e9cis, j&rsquo;aime beaucoup cr\u00e9er dans la contrainte. Je d\u00e9teste qu&rsquo;on me laisse carte blanche. De la contrainte na\u00eet la libert\u00e9.<\/p>\n<p class=\"text-left ap-StoryElement ap-StoryElement--mb ap-StoryText\"><b>Mais \u00e0 qui vous adressez-vous ?<\/b><\/p>\n<p class=\"ap-StoryElement ap-StoryElement--mb ap-StoryText\">Votre fils ou votre amoureux ? Moi-m\u00eame, je ne suis pas s\u00fbre d&rsquo;avoir la cl\u00e9, \u00e7a d\u00e9pend des jours. Une dame a pens\u00e9 que je parlais de mon chien !<\/p>\n<p class=\"ap-StoryElement ap-StoryElement--mb ap-StoryText\"><b>Vous venez d&rsquo;une famille de musiciens mais d&rsquo;o\u00f9 est venue l&rsquo;\u00e9tincelle quant au piano ? <\/b><\/p>\n<p class=\"ap-StoryElement ap-StoryElement--mb ap-StoryText\">De l&rsquo;album \u00ab\u00a0Sheller en solitaire\u00a0\u00bb de William Sheller, je devais avoir 12 ou 13 ans. L&rsquo;association piano-voix m&rsquo;a transport\u00e9e. J&rsquo;ai un rapport \u00e0 l&rsquo;instrument tr\u00e8s fort mais il m&rsquo;a fallu du temps pour que je consid\u00e8re \u00e9galement ma voix comme un instrument, non seulement porteuse de sens mais aussi de sensations.<\/p>\n<p class=\"ap-StoryElement ap-StoryElement--mb ap-StoryText\"><b>Si transmission il y a, avez-vous communiqu\u00e9 le go\u00fbt de la musique comme de l&rsquo;humour ? <\/b><\/p>\n<p class=\"ap-StoryElement ap-StoryElement--mb ap-StoryText\">L&rsquo;un comme l&rsquo;autre d\u00e9finissent une mani\u00e8re d&rsquo;\u00eatre au monde. J&rsquo;ai un fils de 10 ans. Il n&rsquo;est pas attir\u00e9 par la pratique musicale mais il est pr\u00e9sent \u00e0 beaucoup de mes concerts. Je l&rsquo;ai emmen\u00e9 en tourn\u00e9e alors qu&rsquo;il n&rsquo;avait que quatre mois, pour lui c&rsquo;est la norme. Je ne le force \u00e0 rien mais je sens qu&rsquo;il est musicien dans l&rsquo;\u00e2me.<\/p>\n<p class=\"ap-StoryElement ap-StoryElement--mb ap-StoryText\"><b>Cet album correspond-il \u00e0 une p\u00e9riode heureuse ? <\/b><\/p>\n<p class=\"ap-StoryElement ap-StoryElement--mb ap-StoryText\">Je n&rsquo;\u00e9cris jamais au fond du trou, m\u00eame si je peux \u00e9crire \u00e0 son propos. Je ne crois pas \u00e0 la cr\u00e9ation dans la douleur. Et aujourd&rsquo;hui plus que jamais, je veux m&rsquo;amuser et amuser le public.<\/p>\n<p class=\"ap-StoryElement ap-StoryElement--mb ap-StoryText\"><b>Disque : Jeanne Cherhal, Jeanne, Les \u00c9ditions Tibia \/ D\u00e9cibels Productions. En concert au WHALLL \u00e0 Bruxelles le 8 avril 2026.<\/b><\/p>\n","protected":false},"excerpt":{"rendered":"Avez-vous conscience de la fid\u00e9lit\u00e9 du public, surtout en concert ? Je consid\u00e8re la sc\u00e8ne comme un espace&hellip;\n","protected":false},"author":2,"featured_media":391428,"comment_status":"","ping_status":"","sticky":false,"template":"","format":"standard","meta":{"footnotes":""},"categories":[1355],"tags":[52352,52356,7036,5551,52357,58,59,1011,27,52353,7038,1361,873,10598,52351,52354,52355],"class_list":{"0":"post-391427","1":"post","2":"type-post","3":"status-publish","4":"format-standard","5":"has-post-thumbnail","7":"category-musique","8":"tag-album-jeanne","9":"tag-artiste-francaise","10":"tag-benjamin-biolay","11":"tag-chanson-francaise","12":"tag-compositeur-interprete","13":"tag-divertissement","14":"tag-entertainment","15":"tag-fr","16":"tag-france","17":"tag-interview-jeanne-cherhal","18":"tag-jeanne-cherhal","19":"tag-music","20":"tag-musique","21":"tag-musique-francaise","22":"tag-nouvel-album-jeanne-cherhal","23":"tag-tournee-jeanne-cherhal","24":"tag-whalll-bruxelles"},"share_on_mastodon":{"url":"https:\/\/pubeurope.com\/@fr\/115205572375491256","error":""},"_links":{"self":[{"href":"https:\/\/www.europesays.com\/fr\/wp-json\/wp\/v2\/posts\/391427","targetHints":{"allow":["GET"]}}],"collection":[{"href":"https:\/\/www.europesays.com\/fr\/wp-json\/wp\/v2\/posts"}],"about":[{"href":"https:\/\/www.europesays.com\/fr\/wp-json\/wp\/v2\/types\/post"}],"author":[{"embeddable":true,"href":"https:\/\/www.europesays.com\/fr\/wp-json\/wp\/v2\/users\/2"}],"replies":[{"embeddable":true,"href":"https:\/\/www.europesays.com\/fr\/wp-json\/wp\/v2\/comments?post=391427"}],"version-history":[{"count":0,"href":"https:\/\/www.europesays.com\/fr\/wp-json\/wp\/v2\/posts\/391427\/revisions"}],"wp:featuredmedia":[{"embeddable":true,"href":"https:\/\/www.europesays.com\/fr\/wp-json\/wp\/v2\/media\/391428"}],"wp:attachment":[{"href":"https:\/\/www.europesays.com\/fr\/wp-json\/wp\/v2\/media?parent=391427"}],"wp:term":[{"taxonomy":"category","embeddable":true,"href":"https:\/\/www.europesays.com\/fr\/wp-json\/wp\/v2\/categories?post=391427"},{"taxonomy":"post_tag","embeddable":true,"href":"https:\/\/www.europesays.com\/fr\/wp-json\/wp\/v2\/tags?post=391427"}],"curies":[{"name":"wp","href":"https:\/\/api.w.org\/{rel}","templated":true}]}}