{"id":391431,"date":"2025-09-15T00:53:14","date_gmt":"2025-09-15T00:53:14","guid":{"rendered":"https:\/\/www.europesays.com\/fr\/391431\/"},"modified":"2025-09-15T00:53:14","modified_gmt":"2025-09-15T00:53:14","slug":"lhecatombe-se-poursuit-pour-les-joueurs-parisiens-a-trois-jours-de-la-ligue-des-champions","status":"publish","type":"post","link":"https:\/\/www.europesays.com\/fr\/391431\/","title":{"rendered":"l\u2019h\u00e9catombe se poursuit pour les joueurs parisiens \u00e0 trois jours de la Ligue des champions"},"content":{"rendered":"<p>        <img decoding=\"async\" loading=\"lazy\" src=\"https:\/\/www.europesays.com\/fr\/wp-content\/uploads\/2025\/09\/4251bf6_upload-1-hso3oy7a3tt7-afp-20250914-74g7822-v1-highres-fblfraligue1psglens.jpg\"  width=\"728\" height=\"409\" alt=\"L\u2019attaquant g\u00e9orgien Khvicha Kvaratskhelia bless\u00e9 lors du match de Ligue 1\u00a0PSG-Lens, au Parc des Princes, le 14\u00a0septembre 2025.\"\/>  <\/p>\n<p>FRANCK FIFE \/ AFP<\/p>\n<p>L\u2019attaquant g\u00e9orgien Khvicha Kvaratskhelia bless\u00e9 lors du match de Ligue 1\u00a0PSG-Lens, au Parc des Princes, le 14\u00a0septembre 2025.<\/p>\n<p class=\"asset asset-text\">FOOTBALL &#8211; D\u00e9cid\u00e9ment, le PSG n\u2019en finit plus de perdre des joueurs, juste avant <a href=\"https:\/\/www.huffingtonpost.fr\/sport\/article\/le-tirage-au-sort-de-la-ligue-des-champions-effectue-le-psg-l-om-et-monaco-connaissent-leurs-adversaires_254119.html\" rel=\"nofollow noopener\" target=\"_blank\">le retour de la Ligue des champions la semaine prochaine<\/a>.<\/p>\n<p class=\"asset asset-text\">\u00c0 trois jours de l\u2019entr\u00e9e en lice des champions d\u2019Europe contre l\u2019Atalanta Bergame, la liste s\u2019est allong\u00e9e ce dimanche 14\u00a0septembre du c\u00f4t\u00e9 de l\u2019infirmerie parisienne, o\u00f9 figurent d\u00e9j\u00e0 D\u00e9sir\u00e9 Dou\u00e9 et <a href=\"https:\/\/www.huffingtonpost.fr\/sport\/article\/apres-la-blessure-de-dembele-en-bleu-le-communique-courrouce-du-psg-a-la-fff_254519.html\" rel=\"nofollow noopener\" target=\"_blank\">Ousmane Demb\u00e9l\u00e9<\/a>.<\/p>\n<p class=\"asset asset-text\">Lors de son match de Ligue 1\u00a0remport\u00e9 2-0\u00a0face \u00e0 Lens, l\u2019\u00e9quipe entra\u00een\u00e9e par Luis Enrique a notamment perdu son troisi\u00e8me attaquant Khvicha Kvaratskhelia, sur blessure. Quelques minutes apr\u00e8s avoir manqu\u00e9 une occasion \u00e0 la 26e minute, le G\u00e9orgien a demand\u00e9 le changement, visiblement touch\u00e9 au mollet gauche \u00e0 la suite d\u2019une semelle d\u2019un Lensois qui a laiss\u00e9 des traces sur sa peau. Sans rythme en club depuis le d\u00e9but de la saison, il avait eu du temps de jeu avec sa s\u00e9lection lors de la tr\u00eave internationale, marquant deux buts contre la Bulgarie et la Turquie.<\/p>\n<p>    Luis Enrique n\u2019est pas inquiet    <\/p>\n<p class=\"asset asset-text\">Mais les mauvaises nouvelles \u00e9taient loin d\u2019\u00eatre termin\u00e9es pour le PSG ce dimanche apr\u00e8s-midi. En seconde p\u00e9riode, Lee Kang-In, qui avait \u00e9t\u00e9 titularis\u00e9 dans l\u2019entre-jeu, est rest\u00e9 au sol apr\u00e8s une douleur sur un appui. Il a \u00e9t\u00e9 remplac\u00e9 par Luis Enrique dans la foul\u00e9e (57e minute). Une dizaine de minutes plus tard, c\u2019\u00e9tait au tour du d\u00e9fenseur Lucas Beraldo, bless\u00e9 \u00e0 une cheville sur un contact, d\u2019\u00eatre \u00e9vacu\u00e9 sur civi\u00e8re.<\/p>\n<p> La lecture de ce contenu est susceptible d\u2019entra\u00eener un d\u00e9p\u00f4t de cookies de la part de l\u2019op\u00e9rateur tiers qui l\u2019h\u00e9berge. Compte-tenu des choix que vous avez exprim\u00e9s en mati\u00e8re de d\u00e9p\u00f4t de cookies, nous avons bloqu\u00e9 l\u2019affichage de ce contenu. Si vous souhaitez y acc\u00e9der, vous devez accepter la cat\u00e9gorie de cookies \u201cContenus tiers\u201d en cliquant sur le bouton ci-dessous. <\/p>\n<p> Lire la Vid\u00e9o        <\/p>\n<p class=\"asset asset-text\">Ousmane Dembel\u00e9 \u00e9tait lui d\u00e9j\u00e0 indisponible pour six \u00e0 huit semaines, et D\u00e9sir\u00e9 Dou\u00e9 pour environ quatre semaines, apr\u00e8s des blessures survenues le 5\u00a0septembre lors du premier match de qualifications des Bleus pour le Mondial-2026 contre l\u2019Ukraine (2-0).<\/p>\n<p class=\"asset asset-text\">\u00ab\u00a0Cela arrive \u00e0 tout le monde, c\u2019est un moment un peu difficile pour nous car il y a des joueurs bless\u00e9s, il faut attendre les r\u00e9sultats de ces trois joueurs bless\u00e9s\u00a0\u00bb, a comment\u00e9 Luis Enrique apr\u00e8s le match, affirmant que ses joueurs ont \u00ab\u00a0la capacit\u00e9 \u00e0 s\u2019adapter pour r\u00e9pondre en \u00e9quipe\u00a0\u00bb. \u00ab\u00a0Je suis tranquille sur ce c\u00f4t\u00e9-l\u00e0, j\u2019esp\u00e8re qu\u2019on pourra surmonter cela\u00a0\u00bb, a-t-il insist\u00e9. \u00ab\u00a0C\u2019est comme cela, il faut s\u2019adapter\u00a0\u00bb.<\/p>\n","protected":false},"excerpt":{"rendered":"FRANCK FIFE \/ AFP L\u2019attaquant g\u00e9orgien Khvicha Kvaratskhelia bless\u00e9 lors du match de Ligue 1\u00a0PSG-Lens, au Parc des&hellip;\n","protected":false},"author":2,"featured_media":391432,"comment_status":"","ping_status":"","sticky":false,"template":"","format":"standard","meta":{"footnotes":""},"categories":[9],"tags":[1431,63,1011,27,66,2332,517,60],"class_list":{"0":"post-391431","1":"post","2":"type-post","3":"status-publish","4":"format-standard","5":"has-post-thumbnail","7":"category-sports","8":"tag-blessure","9":"tag-football","10":"tag-fr","11":"tag-france","12":"tag-ligue-1","13":"tag-paris-saint-germain-psg","14":"tag-sport","15":"tag-sports"},"share_on_mastodon":{"url":"https:\/\/pubeurope.com\/@fr\/115205583851337422","error":""},"_links":{"self":[{"href":"https:\/\/www.europesays.com\/fr\/wp-json\/wp\/v2\/posts\/391431","targetHints":{"allow":["GET"]}}],"collection":[{"href":"https:\/\/www.europesays.com\/fr\/wp-json\/wp\/v2\/posts"}],"about":[{"href":"https:\/\/www.europesays.com\/fr\/wp-json\/wp\/v2\/types\/post"}],"author":[{"embeddable":true,"href":"https:\/\/www.europesays.com\/fr\/wp-json\/wp\/v2\/users\/2"}],"replies":[{"embeddable":true,"href":"https:\/\/www.europesays.com\/fr\/wp-json\/wp\/v2\/comments?post=391431"}],"version-history":[{"count":0,"href":"https:\/\/www.europesays.com\/fr\/wp-json\/wp\/v2\/posts\/391431\/revisions"}],"wp:featuredmedia":[{"embeddable":true,"href":"https:\/\/www.europesays.com\/fr\/wp-json\/wp\/v2\/media\/391432"}],"wp:attachment":[{"href":"https:\/\/www.europesays.com\/fr\/wp-json\/wp\/v2\/media?parent=391431"}],"wp:term":[{"taxonomy":"category","embeddable":true,"href":"https:\/\/www.europesays.com\/fr\/wp-json\/wp\/v2\/categories?post=391431"},{"taxonomy":"post_tag","embeddable":true,"href":"https:\/\/www.europesays.com\/fr\/wp-json\/wp\/v2\/tags?post=391431"}],"curies":[{"name":"wp","href":"https:\/\/api.w.org\/{rel}","templated":true}]}}