{"id":391441,"date":"2025-09-15T00:58:08","date_gmt":"2025-09-15T00:58:08","guid":{"rendered":"https:\/\/www.europesays.com\/fr\/391441\/"},"modified":"2025-09-15T00:58:08","modified_gmt":"2025-09-15T00:58:08","slug":"reconnaissance-de-letat-palestinien-passe-darmes-entre-olivier-faure-ps-et-yonathan-arfi-crif","status":"publish","type":"post","link":"https:\/\/www.europesays.com\/fr\/391441\/","title":{"rendered":"Reconnaissance De L\u2019\u00c9tat Palestinien : Passe D&rsquo;armes Entre Olivier Faure (PS) Et Yonathan Arfi (CRIF)"},"content":{"rendered":"<p class=\"\" data-is=\"component-paragraph\">Une publication d\u2019Olivier Faure, chef du Parti socialiste, a d\u00e9clench\u00e9 une passe d&rsquo;armes ce dimanche. L\u2019\u00e9lu a appel\u00e9 les mairies fran\u00e7aises \u00e0 faire flotter le drapeau palestinien le 22 septembre, jour o\u00f9 la France doit reconna\u00eetre officiellement l\u2019\u00c9tat palestinien.<\/p>\n<p class=\"\" data-is=\"component-paragraph\">\u00ab Le 22 septembre, quand la France reconna\u00eetra enfin l\u2019\u00c9tat palestinien, faisons flotter le drapeau palestinien sur nos mairies \u00bb, a \u00e9crit Faure sur X (ex-Twitter).<\/p>\n<p class=\"\" data-is=\"component-paragraph\">Une proposition imm\u00e9diatement d\u00e9nonc\u00e9e par Yonathan Arfi, pr\u00e9sident du Crif. Dans une r\u00e9ponse, il a reproch\u00e9 \u00e0 Faure de ne pas avoir eu le m\u00eame \u00e9lan pour les victimes isra\u00e9liennes du Hamas.\u00a0\u00ab Je n&rsquo;ai pas souvenir que vous ayez demand\u00e9 aux mairies d&rsquo;afficher les portraits des otages retenus \u00e0 Gaza. Ni les drapeaux du Sud-Soudan ou du Kosovo quand la France les a reconnus \u00bb, a-t-il r\u00e9torqu\u00e9, ajoutant que \u00ab la France a besoin d&rsquo;apaisement, pas de surench\u00e8re d\u00e9magogique et client\u00e9liste \u00bb.<\/p>\n<p class=\"\" data-is=\"component-paragraph\">Cet \u00e9change intervient dans un climat politique tendu, \u00e0 dix jours de la reconnaissance officielle de l\u2019\u00c9tat palestinien par Paris.<\/p>\n<p class=\"\" data-is=\"component-paragraph\">La d\u00e9cision, salu\u00e9e par une partie de la gauche et des associations pro-palestiniennes, est en revanche critiqu\u00e9e par la communaut\u00e9 juive et de nombreux \u00e9lus qui craignent qu\u2019elle accentue les divisions en France, d\u00e9j\u00e0 marqu\u00e9e par une forte hausse des tensions depuis le d\u00e9but de la guerre \u00e0 Gaza.<\/p>\n","protected":false},"excerpt":{"rendered":"Une publication d\u2019Olivier Faure, chef du Parti socialiste, a d\u00e9clench\u00e9 une passe d&rsquo;armes ce dimanche. L\u2019\u00e9lu a appel\u00e9&hellip;\n","protected":false},"author":2,"featured_media":391442,"comment_status":"","ping_status":"","sticky":false,"template":"","format":"standard","meta":{"footnotes":""},"categories":[4],"tags":[11,1011,27,12,25],"class_list":{"0":"post-391441","1":"post","2":"type-post","3":"status-publish","4":"format-standard","5":"has-post-thumbnail","7":"category-france","8":"tag-actualites","9":"tag-fr","10":"tag-france","11":"tag-news","12":"tag-republique-francaise"},"share_on_mastodon":{"url":"https:\/\/pubeurope.com\/@fr\/115205603594560349","error":""},"_links":{"self":[{"href":"https:\/\/www.europesays.com\/fr\/wp-json\/wp\/v2\/posts\/391441","targetHints":{"allow":["GET"]}}],"collection":[{"href":"https:\/\/www.europesays.com\/fr\/wp-json\/wp\/v2\/posts"}],"about":[{"href":"https:\/\/www.europesays.com\/fr\/wp-json\/wp\/v2\/types\/post"}],"author":[{"embeddable":true,"href":"https:\/\/www.europesays.com\/fr\/wp-json\/wp\/v2\/users\/2"}],"replies":[{"embeddable":true,"href":"https:\/\/www.europesays.com\/fr\/wp-json\/wp\/v2\/comments?post=391441"}],"version-history":[{"count":0,"href":"https:\/\/www.europesays.com\/fr\/wp-json\/wp\/v2\/posts\/391441\/revisions"}],"wp:featuredmedia":[{"embeddable":true,"href":"https:\/\/www.europesays.com\/fr\/wp-json\/wp\/v2\/media\/391442"}],"wp:attachment":[{"href":"https:\/\/www.europesays.com\/fr\/wp-json\/wp\/v2\/media?parent=391441"}],"wp:term":[{"taxonomy":"category","embeddable":true,"href":"https:\/\/www.europesays.com\/fr\/wp-json\/wp\/v2\/categories?post=391441"},{"taxonomy":"post_tag","embeddable":true,"href":"https:\/\/www.europesays.com\/fr\/wp-json\/wp\/v2\/tags?post=391441"}],"curies":[{"name":"wp","href":"https:\/\/api.w.org\/{rel}","templated":true}]}}