{"id":391443,"date":"2025-09-15T00:59:17","date_gmt":"2025-09-15T00:59:17","guid":{"rendered":"https:\/\/www.europesays.com\/fr\/391443\/"},"modified":"2025-09-15T00:59:17","modified_gmt":"2025-09-15T00:59:17","slug":"pour-la-premiere-de-donnarumma-manchester-city-surclasse-manchester-united","status":"publish","type":"post","link":"https:\/\/www.europesays.com\/fr\/391443\/","title":{"rendered":"pour la premi\u00e8re de Donnarumma, Manchester City surclasse Manchester United"},"content":{"rendered":"<p>Ce dimanche, Manchester City a remport\u00e9 le derby face \u00e0 Manchester United, dans le cadre de la 4e journ\u00e9e de Premier League.<\/p>\n<p class=\"fig-paragraph\">Une premi\u00e8re r\u00e9ussie.\u00a0<a href=\"https:\/\/www.lefigaro.fr\/sports\/football\/live\/premier-league\/2025\/2561932\/man-city-man-united\" target=\"_blank\" data-fig-type=\"Live\" rel=\"noopener\" data-gtm-custom-categorie=\"navigation\" data-gtm-custom-action=\"crossclick\" data-gtm-custom-label=\"Contextuel\" data-gtm-event=\"customEventSPE\" data-fig-domain=\"LEFIGARO\">Manchester City<\/a>\u00a0n&rsquo;a fait qu&rsquo;une bouch\u00e9e de son rival Manchester United (3-0) dimanche en Premier League pour la premi\u00e8re de\u00a0<a href=\"http:\/\/www.lefigaro.fr\/sports\/football\/foot-je-veux-marquer-l-histoire-du-club-donnarumma-pret-a-relever-le-defi-du-meilleur-championnat-du-monde-avec-manchester-city-20250911\" target=\"_blank\" data-fig-type=\"NewsFlash\" rel=\"noopener\" data-gtm-custom-categorie=\"navigation\" data-gtm-custom-action=\"crossclick\" data-gtm-custom-label=\"Contextuel\" data-gtm-event=\"customEventSPE\" data-fig-domain=\"LEFIGARO\">Gianluigi Donnarumma<\/a>, l&rsquo;ancien gardien du PSG, impeccable dans ses interventions avec les Citizens.<\/p>\n<p class=\"fig-paragraph\">Devant son public, l&rsquo;\u00e9quipe de Pep Guardiola s&rsquo;est impos\u00e9e gr\u00e2ce \u00e0 un but de Phil Foden (18e) et un doubl\u00e9 d&rsquo;<a href=\"http:\/\/www.lefigaro.fr\/sports\/football\/foot-erling-haaland-recordman-du-21e-siecle-avec-trois-quintuples-20250910\" target=\"_blank\" data-fig-type=\"NewsFlash\" rel=\"noopener\" data-gtm-custom-categorie=\"navigation\" data-gtm-custom-action=\"crossclick\" data-gtm-custom-label=\"Contextuel\" data-gtm-event=\"customEventSPE\" data-fig-domain=\"LEFIGARO\">Erling Haaland<\/a>\u00a0(53e, 68e), d\u00e9sormais cr\u00e9dit\u00e9 de cinq buts en quatre matches de championnat. Les Citizens, battus deux fois avant la tr\u00eave, remontent \u00e0 la huiti\u00e8me place et pr\u00e9parent id\u00e9alement la semaine prochaine, o\u00f9 ils recevront Naples en Ligue des champions avant d&rsquo;aller \u00e0 Arsenal en Premier League.<\/p>\n<p>                                    <a class=\"fig-a11y-skip a11y-hidden\" href=\"#fig-a11y-skip-main-inarticle\"><br \/>\n        Passer la publicit\u00e9<br \/>\n    <\/a><\/p>\n<p>Donnarumma d\u00e9cisif pour sa premi\u00e8re<\/p>\n<p class=\"fig-paragraph\">\u00c0 l\u2019inverse, Manchester United et son entra\u00eeneur Ruben Amorim rechutent, coinc\u00e9s au 14e rang. Le Portugais a choisi de maintenir sa confiance \u00e0 Altay Bayindir, malgr\u00e9 l&rsquo;arriv\u00e9e r\u00e9cente du gardien belge Senne Lammens. Le Turc a v\u00e9cu une soir\u00e9e p\u00e9nible \u00e0 l&rsquo;Etihad, sans que sa responsabilit\u00e9 ne soit engag\u00e9e.<\/p>\n<p class=\"fig-paragraph\">La d\u00e9fense des Red Devils a \u00e9norm\u00e9ment souffert devant les acc\u00e9l\u00e9rations de J\u00e9r\u00e9my Doku, intenable \u00e0 droite comme \u00e0 gauche. L&rsquo;ailier belge a sem\u00e9 le chaos dans la surface et servi, en deux temps, Phil Foden qui a plac\u00e9 une t\u00eate crois\u00e9e (18e, 1-0), son premier but en Premier League depuis janvier.<\/p>\n<p class=\"fig-paragraph\">Doku \u00e9tait \u00e0 la derni\u00e8re passe \u00e9galement sur le premier but de Haaland (53e, 2-0), un condens\u00e9 de puissance et de technique. L&rsquo;ancien Rennais a fr\u00f4l\u00e9 le tripl\u00e9 \u00abd&rsquo;assists\u00bb sur un tir de Tijjani Reijnders (24e) et un poteau de Haaland (55e). Le Norv\u00e9gien a termin\u00e9 le travail sur un service dans la profondeur de Bernardo Silva, se retrouvant seul face \u00e0 Bayindir (68e, 3-0).<\/p>\n<p class=\"fig-paragraph\">Dans la cage oppos\u00e9e, Donnarumma a r\u00e9ussi des d\u00e9buts parfaits, deux semaines apr\u00e8s la confirmation de son transfert en provenance du PSG. L&rsquo;Italien de 26 ans a fait preuve d&rsquo;autorit\u00e9 avec des sorties aux poings (4e, 45e), et \u00e0 la main sur un corner (85e). Il a bien bloqu\u00e9 l&rsquo;angle de Benjamin Sesko (33e) et s&rsquo;est envol\u00e9 pour d\u00e9tourner une superbe vol\u00e9e de Bryan Mbeumo (61e).<\/p>\n","protected":false},"excerpt":{"rendered":"Ce dimanche, Manchester City a remport\u00e9 le derby face \u00e0 Manchester United, dans le cadre de la 4e&hellip;\n","protected":false},"author":2,"featured_media":391444,"comment_status":"","ping_status":"","sticky":false,"template":"","format":"standard","meta":{"footnotes":""},"categories":[2],"tags":[11,1011,27,10528,16663,3225,12],"class_list":{"0":"post-391443","1":"post","2":"type-post","3":"status-publish","4":"format-standard","5":"has-post-thumbnail","7":"category-actualites","8":"tag-actualites","9":"tag-fr","10":"tag-france","11":"tag-gianluigi-donnarumma","12":"tag-manchester-city","13":"tag-manchester-united","14":"tag-news"},"share_on_mastodon":{"url":"https:\/\/pubeurope.com\/@fr\/115205607414220059","error":""},"_links":{"self":[{"href":"https:\/\/www.europesays.com\/fr\/wp-json\/wp\/v2\/posts\/391443","targetHints":{"allow":["GET"]}}],"collection":[{"href":"https:\/\/www.europesays.com\/fr\/wp-json\/wp\/v2\/posts"}],"about":[{"href":"https:\/\/www.europesays.com\/fr\/wp-json\/wp\/v2\/types\/post"}],"author":[{"embeddable":true,"href":"https:\/\/www.europesays.com\/fr\/wp-json\/wp\/v2\/users\/2"}],"replies":[{"embeddable":true,"href":"https:\/\/www.europesays.com\/fr\/wp-json\/wp\/v2\/comments?post=391443"}],"version-history":[{"count":0,"href":"https:\/\/www.europesays.com\/fr\/wp-json\/wp\/v2\/posts\/391443\/revisions"}],"wp:featuredmedia":[{"embeddable":true,"href":"https:\/\/www.europesays.com\/fr\/wp-json\/wp\/v2\/media\/391444"}],"wp:attachment":[{"href":"https:\/\/www.europesays.com\/fr\/wp-json\/wp\/v2\/media?parent=391443"}],"wp:term":[{"taxonomy":"category","embeddable":true,"href":"https:\/\/www.europesays.com\/fr\/wp-json\/wp\/v2\/categories?post=391443"},{"taxonomy":"post_tag","embeddable":true,"href":"https:\/\/www.europesays.com\/fr\/wp-json\/wp\/v2\/tags?post=391443"}],"curies":[{"name":"wp","href":"https:\/\/api.w.org\/{rel}","templated":true}]}}