{"id":391445,"date":"2025-09-15T01:01:39","date_gmt":"2025-09-15T01:01:39","guid":{"rendered":"https:\/\/www.europesays.com\/fr\/391445\/"},"modified":"2025-09-15T01:01:39","modified_gmt":"2025-09-15T01:01:39","slug":"saint-etienne-renverse-clermont-premier-but-de-la-saison-pour-lucas-stassin","status":"publish","type":"post","link":"https:\/\/www.europesays.com\/fr\/391445\/","title":{"rendered":"Saint-\u00c9tienne renverse Clermont, premier but de la saison pour Lucas Stassin"},"content":{"rendered":"<p>Zapping Foot National Laure Boulleau : \u00ab J\u2019imagine une s\u00e9quence o\u00f9 Mbapp\u00e9 parle d\u2019un match des Bleues \u2026 \u00bb <\/p>\n<p>Les patrons, ce sont les Verts ! Ce samedi 13 septembre, dans le cadre de la <a href=\"https:\/\/www.foot-national.com\/data\/resultat-ligue2.html\" rel=\"nofollow noopener\" target=\"_blank\">cinqui\u00e8me journ\u00e9e de Ligue 2<\/a>, l&rsquo;AS Saint-\u00c9tienne a affirm\u00e9 son statut en s&rsquo;imposant au stade Gabriel-Montpied face \u00e0 Clermont (2-1). Pourtant, ce sont bien les Auvergnats qui ont pris les devants dans les derni\u00e8res minutes d&rsquo;une premi\u00e8re mi-temps cadenass\u00e9e. Pour sa premi\u00e8re apparition sous le maillot clermontois, Axel Camblan a fait mouche. Parti du c\u00f4t\u00e9 droit, le joueur de 22 ans a repiqu\u00e9 dans l&rsquo;axe avant de glisser une frappe crois\u00e9e du gauche \u00e0 ras de terre, sur laquelle Gautier Larsonneur n&rsquo;a rien pu faire (44e).<\/p>\n<p>Premi\u00e8re pour Stassin<\/p>\n<p>Surpris, Saint-\u00c9tienne a alors hauss\u00e9 le ton d\u00e8s le retour des vestiaires. \u00c0 l&rsquo;entr\u00e9e de la surface, Lucas Stassin, entr\u00e9 en jeu \u00e0 la place de Ben Old \u00e0 la pause, a tout d&rsquo;abord fix\u00e9 la d\u00e9fense clermontoise \u00e0 l&rsquo;entr\u00e9e de la surface, avant de servir Augustine Boakye dans l&rsquo;axe. Ce dernier ne s&rsquo;est pas fait prier pour conclure face au portier local Th\u00e9o Guivarch (52e). De plus en plus dangereux et dominateur, le club du Forez a prolong\u00e9 ses efforts jusqu&rsquo;\u00e0 \u00eatre r\u00e9compens\u00e9 dix minutes plus tard. Sur un centre fort et \u00e0 ras de terre d&rsquo;Irvin Cardona depuis le c\u00f4t\u00e9 droit, l&rsquo;attaquant belge a repris \u00e0 bout portant devant un Guivarch impuissant (62e, 1-2).<\/p>\n<p>Tr\u00e8s courtis\u00e9 cet \u00e9t\u00e9, le buteur des Verts a inscrit en Auvergne son premier but de la saison. Une r\u00e9alisation d\u00e9cisive puisque ses co\u00e9quipiers et lui-m\u00eame ont boucl\u00e9 un troisi\u00e8me succ\u00e8s en cinq journ\u00e9es (pour deux nuls) afin de reprendre seuls les commandes du championnat. De son c\u00f4t\u00e9, le Clermont Foot s&rsquo;incline pour la premi\u00e8re fois de la saison et campe au dixi\u00e8me rang. Prochain rendez-vous \u00e0 Rodez dans une semaine (vendredi 19 septembre, 20h) tandis que Saint\u00e9 accueillera Reims le lendemain \u00e0 Geoffroy-Guichard (20h).<\/p>\n<p><a href=\"https:\/\/www.foot-national.com\/data\/classement-ligue2.html\" rel=\"nofollow noopener\" target=\"_blank\">Ligue 2 : le classement<\/a><\/p>\n<p>Partagez cette info avec vos amis et vos proches en cliquant ici<br \/>Pour r\u00e9sumer<\/p>\n<p>Les patrons, ce sont les Verts ! Ce samedi 13 septembre, dans le cadre de la cinqui\u00e8me journ\u00e9e de Ligue 2, l&rsquo;AS Saint-\u00c9tienne a affirm\u00e9 son statut en s&rsquo;imposant du c\u00f4t\u00e9 du stade Gabriel-Montpied face au Clermont Foot 63 (2-1).<\/p>\n<p> <img decoding=\"async\" width=\"76\" height=\"76\" loading=\"lazy\" src=\"https:\/\/www.europesays.com\/fr\/wp-content\/uploads\/2025\/04\/logo-florian-sermaise.jpg\" alt=\"Florian Sermaise\"\/><\/p>\n","protected":false},"excerpt":{"rendered":"Zapping Foot National Laure Boulleau : \u00ab J\u2019imagine une s\u00e9quence o\u00f9 Mbapp\u00e9 parle d\u2019un match des Bleues \u2026&hellip;\n","protected":false},"author":2,"featured_media":391446,"comment_status":"","ping_status":"","sticky":false,"template":"","format":"standard","meta":{"footnotes":""},"categories":[9653],"tags":[1111,11,2430,1777,674,1011,27,12,25,4001],"class_list":{"0":"post-391445","1":"post","2":"type-post","3":"status-publish","4":"format-standard","5":"has-post-thumbnail","7":"category-saint-etienne","8":"tag-actu","9":"tag-actualites","10":"tag-auvergne-rhone-alpes","11":"tag-eu","12":"tag-europe","13":"tag-fr","14":"tag-france","15":"tag-news","16":"tag-republique-francaise","17":"tag-saint-etienne"},"share_on_mastodon":{"url":"https:\/\/pubeurope.com\/@fr\/115205615410771731","error":""},"_links":{"self":[{"href":"https:\/\/www.europesays.com\/fr\/wp-json\/wp\/v2\/posts\/391445","targetHints":{"allow":["GET"]}}],"collection":[{"href":"https:\/\/www.europesays.com\/fr\/wp-json\/wp\/v2\/posts"}],"about":[{"href":"https:\/\/www.europesays.com\/fr\/wp-json\/wp\/v2\/types\/post"}],"author":[{"embeddable":true,"href":"https:\/\/www.europesays.com\/fr\/wp-json\/wp\/v2\/users\/2"}],"replies":[{"embeddable":true,"href":"https:\/\/www.europesays.com\/fr\/wp-json\/wp\/v2\/comments?post=391445"}],"version-history":[{"count":0,"href":"https:\/\/www.europesays.com\/fr\/wp-json\/wp\/v2\/posts\/391445\/revisions"}],"wp:featuredmedia":[{"embeddable":true,"href":"https:\/\/www.europesays.com\/fr\/wp-json\/wp\/v2\/media\/391446"}],"wp:attachment":[{"href":"https:\/\/www.europesays.com\/fr\/wp-json\/wp\/v2\/media?parent=391445"}],"wp:term":[{"taxonomy":"category","embeddable":true,"href":"https:\/\/www.europesays.com\/fr\/wp-json\/wp\/v2\/categories?post=391445"},{"taxonomy":"post_tag","embeddable":true,"href":"https:\/\/www.europesays.com\/fr\/wp-json\/wp\/v2\/tags?post=391445"}],"curies":[{"name":"wp","href":"https:\/\/api.w.org\/{rel}","templated":true}]}}