{"id":391451,"date":"2025-09-15T01:06:11","date_gmt":"2025-09-15T01:06:11","guid":{"rendered":"https:\/\/www.europesays.com\/fr\/391451\/"},"modified":"2025-09-15T01:06:11","modified_gmt":"2025-09-15T01:06:11","slug":"les-toulonnais-enchainent-un-deuxieme-succes-de-rang","status":"publish","type":"post","link":"https:\/\/www.europesays.com\/fr\/391451\/","title":{"rendered":"Les Toulonnais encha\u00eenent un deuxi\u00e8me succ\u00e8s de rang"},"content":{"rendered":"\n<p>Dans la lign\u00e9e des confrontations de la saison pass\u00e9e, Pierre Mignoni, l\u2019entra\u00eeneur du RC\u00a0Toulon, avait pr\u00e9dit \u00ab\u00a0un match compliqu\u00e9\u00a0\u00bb contre les Castrais. Et il faut reconna\u00eetre qu\u2019il a une nouvelle fois vu juste. Ses prot\u00e9g\u00e9s ont d\u00fb s\u2019employer samedi soir, \u00e0 l\u2019occasion de leur retour devant leurs supporters \u00e0 Mayol, pour repartir victorieux (16-12) dans cette deuxi\u00e8me journ\u00e9e de Top\u00a014.<\/p>\n<p>\u00ab\u00a0Castres est une bonne \u00e9quipe qui est difficile \u00e0 jouer, souligne Sergio Parisse, l\u2019entra\u00eeneur de la touche varoise. Ce soir, on s\u2019attendait \u00e0 voir cette \u00e9quipe de Castres r\u00e9agir suite \u00e0 leur d\u00e9faite conc\u00e9d\u00e9e \u00e0 domicile contre Pau. Et ils ont lutt\u00e9 pour la victoire jusqu\u2019\u00e0 la derni\u00e8re minute. Bravo \u00e0 eux. Pour nous, c\u2019est un match gagn\u00e9, on va le prendre. Mais dans le contenu, il y a beaucoup de choses \u00e0 revoir\u00a0\u00bb, ajoute-t-il, en faisant notamment r\u00e9f\u00e9rence \u00e0 un jeu au pied qui manquait de ma\u00eetrise, avec des coups de pied trop souvent mal ajust\u00e9s. \u00ab\u00a0On n\u2019a pas os\u00e9 sur des turnovers, garder le ballon, on s\u2019est d\u00e9barrass\u00e9 trop t\u00f4t du ballon. Puis, nous n\u2019avons jamais eu le contr\u00f4le en premi\u00e8re mi-temps. On a \u00e9t\u00e9 trop f\u00e9briles, m\u00eame en deuxi\u00e8me mi-temps, avec beaucoup d\u2019erreurs. Le match a \u00e9t\u00e9 tr\u00e8s serr\u00e9 jusqu\u2019\u00e0 la fin. On d\u00e9fend tr\u00e8s bien un ballon port\u00e9 \u00e0 cinq\u00a0m\u00e8tres de notre ligne. On a \u00e9t\u00e9 tr\u00e8s solidaires. Donc m\u00eame sans faire un grand match, nous avons \u00e9t\u00e9 solidaires jusqu\u2019\u00e0 la fin\u00a0\u00bb, note l\u2019ancien international italien aux 142\u00a0s\u00e9lections.<\/p>\n<p> Dr\u00e9an (encore) en sauveur\n              <\/p>\n<p>Avec des actions de jeu qui n\u2019ont jamais pu aboutir pour les deux \u00e9quipes en premi\u00e8re p\u00e9riode, o\u00f9 seuls les buteurs ont pu faire parler leur talent au pied, \u00e0 l\u2019image d\u2019un Marius Domon serein dans l\u2019exercice, la diff\u00e9rence dans cette rencontre s\u2019est faite gr\u00e2ce au seul essai inscrit de la partie. Dot\u00e9 d\u2019une vitesse de pointe ph\u00e9nom\u00e9nale, l\u2019ailier toulonnais Ga\u00ebl Dr\u00e9an a une nouvelle fois \u00e9pargn\u00e9 son \u00e9quipe d\u2019une d\u00e9faite am\u00e8re. \u00ab\u00a0C\u2019est un lancement sur m\u00eal\u00e9e. On va chercher l\u2019ext\u00e9rieur car on n\u2019avait pas beaucoup attaqu\u00e9. On a une occasion avant que l\u2019on cafouille et l\u00e0 on arrive \u00e0 aller \u00e0 l\u2019ext\u00e9rieur. C\u2019est bien que l\u2019on marque en premi\u00e8re main, \u00e7a fait plaisir\u00a0\u00bb, se r\u00e9jouit le Breton de 24\u00a0ans, qui a jou\u00e9 les r\u00f4les de sauveur \u00e0 quelques reprises la saison pass\u00e9e. \u00ab\u00a0L\u2019essai de Ga\u00ebl nous fait \u00e9norm\u00e9ment de bien. C\u2019est un essai en premi\u00e8re main apr\u00e8s une m\u00eal\u00e9e. Il bat trois ou quatre d\u00e9fenseurs. Il nous fait \u00e9norm\u00e9ment de bien cet essai\u00a0\u00bb, surench\u00e9rit Sergio Parisse. Mais, aux yeux du h\u00e9ros de la soir\u00e9e, acclam\u00e9 comme il se doit au moment d\u2019aplatir le cuir \u00e0 l\u2019heure de jeu, son exploit individuel n\u2019efface pas la prestation collective mitig\u00e9e.<\/p>\n<p>\u00ab\u00a0On est quand m\u00eame frustr\u00e9s de la copie rendue ce soir, mart\u00e8le Dr\u00e9an. On sait que Castres n\u2019est pas une \u00e9quipe facile \u00e0 man\u0153uvrer. Mais on a beaucoup de choses \u00e0 corriger d\u2019autant plus que l\u2019on va recevoir La\u00a0Rochelle, le soir encore (samedi 20\u00a0septembre, \u00e0 21h). Ce sera pareil, sur un terrain humide. Il va falloir faire mieux.\u00a0\u00bb Tout est dit.<\/p>\n","protected":false},"excerpt":{"rendered":"Dans la lign\u00e9e des confrontations de la saison pass\u00e9e, Pierre Mignoni, l\u2019entra\u00eeneur du RC\u00a0Toulon, avait pr\u00e9dit \u00ab\u00a0un match&hellip;\n","protected":false},"author":2,"featured_media":391452,"comment_status":"","ping_status":"","sticky":false,"template":"","format":"standard","meta":{"footnotes":""},"categories":[9619],"tags":[1111,11,1777,674,1011,27,12,882,25,3242,2310],"class_list":{"0":"post-391451","1":"post","2":"type-post","3":"status-publish","4":"format-standard","5":"has-post-thumbnail","7":"category-toulon","8":"tag-actu","9":"tag-actualites","10":"tag-eu","11":"tag-europe","12":"tag-fr","13":"tag-france","14":"tag-news","15":"tag-provence-alpes-cote-dazur","16":"tag-republique-francaise","17":"tag-saison","18":"tag-toulon"},"share_on_mastodon":{"url":"https:\/\/pubeurope.com\/@fr\/115205634971816889","error":""},"_links":{"self":[{"href":"https:\/\/www.europesays.com\/fr\/wp-json\/wp\/v2\/posts\/391451","targetHints":{"allow":["GET"]}}],"collection":[{"href":"https:\/\/www.europesays.com\/fr\/wp-json\/wp\/v2\/posts"}],"about":[{"href":"https:\/\/www.europesays.com\/fr\/wp-json\/wp\/v2\/types\/post"}],"author":[{"embeddable":true,"href":"https:\/\/www.europesays.com\/fr\/wp-json\/wp\/v2\/users\/2"}],"replies":[{"embeddable":true,"href":"https:\/\/www.europesays.com\/fr\/wp-json\/wp\/v2\/comments?post=391451"}],"version-history":[{"count":0,"href":"https:\/\/www.europesays.com\/fr\/wp-json\/wp\/v2\/posts\/391451\/revisions"}],"wp:featuredmedia":[{"embeddable":true,"href":"https:\/\/www.europesays.com\/fr\/wp-json\/wp\/v2\/media\/391452"}],"wp:attachment":[{"href":"https:\/\/www.europesays.com\/fr\/wp-json\/wp\/v2\/media?parent=391451"}],"wp:term":[{"taxonomy":"category","embeddable":true,"href":"https:\/\/www.europesays.com\/fr\/wp-json\/wp\/v2\/categories?post=391451"},{"taxonomy":"post_tag","embeddable":true,"href":"https:\/\/www.europesays.com\/fr\/wp-json\/wp\/v2\/tags?post=391451"}],"curies":[{"name":"wp","href":"https:\/\/api.w.org\/{rel}","templated":true}]}}