{"id":391457,"date":"2025-09-15T01:15:16","date_gmt":"2025-09-15T01:15:16","guid":{"rendered":"https:\/\/www.europesays.com\/fr\/391457\/"},"modified":"2025-09-15T01:15:16","modified_gmt":"2025-09-15T01:15:16","slug":"pourquoi-la-circulation-est-difficile-sur-une-partie-de-la-rocade-de-rennes","status":"publish","type":"post","link":"https:\/\/www.europesays.com\/fr\/391457\/","title":{"rendered":"Pourquoi la circulation est difficile sur une partie de la rocade de Rennes"},"content":{"rendered":"<p><a href=\"https:\/\/rennes.maville.com\/actu\/actudet_-pourquoi-une-partie-de-la-rocade-sud-de-rennes-sera-fermee-la-nuit-pendant-deux-mois-_7-6965419_actu.Htm?utm_source=troove&amp;utm_medium=site\" target=\"_self\" rel=\"noopener\">On fait le point sur les travaux<\/a> programm\u00e9s du 15 au 21\u00a0septembre 2025 \u00e0 Rennes (Ille-et-Vilaine).<\/p>\n<p>Route nationale 137<\/p>\n<p>Jusqu\u2019\u00e0 nouvel ordre, <strong>\u00ab\u00a0la circulation est interdite dans le sens Nantes &#8211; Rennes, au niveau du pont franchissant la rocade de Rennes\u00a0\u00bb,<\/strong> rappelle la ville de Rennes. Lors du <a href=\"https:\/\/rennes.maville.com\/actu\/actudet_-mouvement-du-10-septembre.-un-bus-incendie-sur-la-rocade-de-rennes-le-conducteur-est-choque-_7-6968896_actu.Htm?utm_source=troove&amp;utm_medium=site\" target=\"_self\" rel=\"noopener\">mouvement \u00ab\u00a0Bloquons tout\u00a0\u00bb<\/a> du 10\u00a0septembre, <a href=\"https:\/\/rennes.maville.com\/actu\/actudet_-bus-incendie-sur-la-rocade-a-rennes-le-pont-endommage-la-circulation-perturbee-plusieurs-semaines-_7-6972618_actu.Htm?utm_source=troove&amp;utm_medium=site\" target=\"_self\" rel=\"noopener\">un bus a \u00e9t\u00e9 incendi\u00e9 sur la rocade sud, au niveau du pont de l\u2019Alma, endommageant ce dernier.<\/a> <strong>\u00ab\u00a0Les v\u00e9hicules arrivant de Nantes et souhaitant rejoindre l\u2019avenue Henri-Fr\u00e9ville ou la rocade ouest doivent emprunter la rocade sud sens ext\u00e9rieur, la porte d\u2019Angers puis la rocade sud sens int\u00e9rieur.\u00a0\u00bb<\/strong><\/p>\n<p>Avenue du Canada<\/p>\n<p>Circulation interdite, mardi 16\u00a0septembre, entre la rue de Su\u00e8de et la rue des Loriettes, afin de permettre la r\u00e9alisation de travaux de maintenance sur la voirie. Une d\u00e9viation sera mise en place par l\u2019avenue du Canada, le boulevard Albert-1er\u00a0et l\u2019avenue Henri-Fr\u00e9ville.<\/p>\n<p>Rue de Ch\u00e2tillon<\/p>\n<p>D\u2019autres travaux de maintenance sur voirie rendront la circulation interdite, ce lundi 15\u00a0septembre, entre les boulevards de l\u2019Yser et Clemenceau. Une d\u00e9viation sera mise en place par le boulevard de l\u2019Yser, l\u2019avenue Henri-Fr\u00e9ville et le boulevard Clemenceau.<\/p>\n<p>Rue de la Monnaie<\/p>\n<p>Du mardi\u00a016 au mercredi 17\u00a0septembre, la circulation sera interdite entre la rue de Juillet et la place de la Trinit\u00e9, afin de permettre \u00e0 la collectivit\u00e9 Eau du bassin rennais d\u2019intervenir sur le r\u00e9seau d\u2019eau potable. Une d\u00e9viation sera mise en place par la rue de Juillet, la place des Lices et la place de la Trinit\u00e9.<\/p>\n<p>\u00a0<\/p>\n","protected":false},"excerpt":{"rendered":"On fait le point sur les travaux programm\u00e9s du 15 au 21\u00a0septembre 2025 \u00e0 Rennes (Ille-et-Vilaine). Route nationale&hellip;\n","protected":false},"author":2,"featured_media":391458,"comment_status":"","ping_status":"","sticky":false,"template":"","format":"standard","meta":{"footnotes":""},"categories":[2821],"tags":[1111,11,829,3542,1448,1777,674,1011,27,12,11695,584,25,4797],"class_list":{"0":"post-391457","1":"post","2":"type-post","3":"status-publish","4":"format-standard","5":"has-post-thumbnail","7":"category-rennes","8":"tag-actu","9":"tag-actualites","10":"tag-bretagne","11":"tag-circulation","12":"tag-difficile","13":"tag-eu","14":"tag-europe","15":"tag-fr","16":"tag-france","17":"tag-news","18":"tag-partie","19":"tag-rennes","20":"tag-republique-francaise","21":"tag-rocade"},"share_on_mastodon":{"url":"https:\/\/pubeurope.com\/@fr\/115205670407920464","error":""},"_links":{"self":[{"href":"https:\/\/www.europesays.com\/fr\/wp-json\/wp\/v2\/posts\/391457","targetHints":{"allow":["GET"]}}],"collection":[{"href":"https:\/\/www.europesays.com\/fr\/wp-json\/wp\/v2\/posts"}],"about":[{"href":"https:\/\/www.europesays.com\/fr\/wp-json\/wp\/v2\/types\/post"}],"author":[{"embeddable":true,"href":"https:\/\/www.europesays.com\/fr\/wp-json\/wp\/v2\/users\/2"}],"replies":[{"embeddable":true,"href":"https:\/\/www.europesays.com\/fr\/wp-json\/wp\/v2\/comments?post=391457"}],"version-history":[{"count":0,"href":"https:\/\/www.europesays.com\/fr\/wp-json\/wp\/v2\/posts\/391457\/revisions"}],"wp:featuredmedia":[{"embeddable":true,"href":"https:\/\/www.europesays.com\/fr\/wp-json\/wp\/v2\/media\/391458"}],"wp:attachment":[{"href":"https:\/\/www.europesays.com\/fr\/wp-json\/wp\/v2\/media?parent=391457"}],"wp:term":[{"taxonomy":"category","embeddable":true,"href":"https:\/\/www.europesays.com\/fr\/wp-json\/wp\/v2\/categories?post=391457"},{"taxonomy":"post_tag","embeddable":true,"href":"https:\/\/www.europesays.com\/fr\/wp-json\/wp\/v2\/tags?post=391457"}],"curies":[{"name":"wp","href":"https:\/\/api.w.org\/{rel}","templated":true}]}}