{"id":391466,"date":"2025-09-15T01:20:12","date_gmt":"2025-09-15T01:20:12","guid":{"rendered":"https:\/\/www.europesays.com\/fr\/391466\/"},"modified":"2025-09-15T01:20:12","modified_gmt":"2025-09-15T01:20:12","slug":"previsions-du-lundi-15-septembre-2025-7","status":"publish","type":"post","link":"https:\/\/www.europesays.com\/fr\/391466\/","title":{"rendered":"pr\u00e9visions du lundi 15 septembre 2025"},"content":{"rendered":"<p>Aujourd&rsquo;hui, les Ni\u00e7ois vont pouvoir b\u00e9n\u00e9ficier d&rsquo;un soleil magnifique. Les temp\u00e9ratures s&rsquo;\u00e9chelonneront entre 19 et 23\u00b0C. Un vent de sud soufflera un peu, avec 7 km\/h. Il va faire environ 22\u00b0C, le matin. Les valeurs seront de 21\u00b0C au plus bas et de 23\u00b0C au plus haut l&rsquo;apr\u00e8s-midi. On pr\u00e9voit une embellie pour cette soir\u00e9e. Le thermom\u00e8tre affichera 21\u00b0C en moyenne. On pr\u00e9voit une nuit claire entre lundi et mardi.<\/p>\n<p>Demain, un important soleil brillera sur Nice. Les temp\u00e9ratures afficheront entre 19 et 23\u00b0C. Un vent de nord-est rafra\u00eechira sensiblement l&rsquo;atmosph\u00e8re. Le matin, on anticipe des valeurs d&rsquo;environ 21\u00b0C. Demain apr\u00e8s-midi, les temp\u00e9ratures seront comprises entre 22 et 23\u00b0C. Des \u00e9claircies sont attendues : on passera une soir\u00e9e cl\u00e9mente. Les valeurs avoisineront les 21\u00b0C.<\/p>\n<p>Peu d&rsquo;\u00e9volutions au fil des jours. Il fera 24\u00b0C en moyenne pour des journ\u00e9es avec une m\u00e9t\u00e9o ensoleill\u00e9e.<\/p>\n<p><\/p>\n","protected":false},"excerpt":{"rendered":"Aujourd&rsquo;hui, les Ni\u00e7ois vont pouvoir b\u00e9n\u00e9ficier d&rsquo;un soleil magnifique. Les temp\u00e9ratures s&rsquo;\u00e9chelonneront entre 19 et 23\u00b0C. Un vent&hellip;\n","protected":false},"author":2,"featured_media":391467,"comment_status":"","ping_status":"","sticky":false,"template":"","format":"standard","meta":{"footnotes":""},"categories":[2819],"tags":[1111,11,2898,1777,674,1011,27,12,2401,883,2119,882,25],"class_list":{"0":"post-391466","1":"post","2":"type-post","3":"status-publish","4":"format-standard","5":"has-post-thumbnail","7":"category-nice","8":"tag-actu","9":"tag-actualites","10":"tag-alpes-maritimes","11":"tag-eu","12":"tag-europe","13":"tag-fr","14":"tag-france","15":"tag-news","16":"tag-nice","17":"tag-paca","18":"tag-previsions-meteo","19":"tag-provence-alpes-cote-dazur","20":"tag-republique-francaise"},"share_on_mastodon":{"url":"https:\/\/pubeurope.com\/@fr\/115205691495738756","error":""},"_links":{"self":[{"href":"https:\/\/www.europesays.com\/fr\/wp-json\/wp\/v2\/posts\/391466","targetHints":{"allow":["GET"]}}],"collection":[{"href":"https:\/\/www.europesays.com\/fr\/wp-json\/wp\/v2\/posts"}],"about":[{"href":"https:\/\/www.europesays.com\/fr\/wp-json\/wp\/v2\/types\/post"}],"author":[{"embeddable":true,"href":"https:\/\/www.europesays.com\/fr\/wp-json\/wp\/v2\/users\/2"}],"replies":[{"embeddable":true,"href":"https:\/\/www.europesays.com\/fr\/wp-json\/wp\/v2\/comments?post=391466"}],"version-history":[{"count":0,"href":"https:\/\/www.europesays.com\/fr\/wp-json\/wp\/v2\/posts\/391466\/revisions"}],"wp:featuredmedia":[{"embeddable":true,"href":"https:\/\/www.europesays.com\/fr\/wp-json\/wp\/v2\/media\/391467"}],"wp:attachment":[{"href":"https:\/\/www.europesays.com\/fr\/wp-json\/wp\/v2\/media?parent=391466"}],"wp:term":[{"taxonomy":"category","embeddable":true,"href":"https:\/\/www.europesays.com\/fr\/wp-json\/wp\/v2\/categories?post=391466"},{"taxonomy":"post_tag","embeddable":true,"href":"https:\/\/www.europesays.com\/fr\/wp-json\/wp\/v2\/tags?post=391466"}],"curies":[{"name":"wp","href":"https:\/\/api.w.org\/{rel}","templated":true}]}}