{"id":391479,"date":"2025-09-15T01:28:13","date_gmt":"2025-09-15T01:28:13","guid":{"rendered":"https:\/\/www.europesays.com\/fr\/391479\/"},"modified":"2025-09-15T01:28:13","modified_gmt":"2025-09-15T01:28:13","slug":"lille-ia-emi-management-formez-vous-avec-lesj-lille","status":"publish","type":"post","link":"https:\/\/www.europesays.com\/fr\/391479\/","title":{"rendered":"LILLE : IA, EMI, management, formez-vous avec l&rsquo;ESJ Lille"},"content":{"rendered":"<p>L\u2019intelligence artificielle (IA) est devenue un enjeu dont il faut se saisir dans nos m\u00e9tiers.<br \/>\nUTILISER L\u2019IA AU QUOTIDIEN (1 JOUR).<\/p>\n<ul style=\"font-weight: 400;\">\n<li><strong>Le 26 septembre 2025 en distanciel.<\/strong><\/li>\n<li><strong>Le 10 octobre 2025 \u00e0 Lille.<\/strong><\/li>\n<\/ul>\n<p>\u00a0Bien au-del\u00e0 de l\u2019effet de mode, les r\u00e9dactions peuvent tirer le meilleur parti des outils de l\u2019intelligence artificielle pour aider le travail des journalistes. Encore faut-il le faire avec prudence, m\u00e9thode et\u2026 intelligence !\u00a0<\/p>\n<p style=\"font-weight: 400;\"><strong>Objectifs.<\/strong><\/p>\n<ul style=\"font-weight: 400;\">\n<li>Prendre en main les outils d\u2019IA<\/li>\n<li>R\u00e9diger des prompts efficaces<\/li>\n<li>Utiliser l\u2019IA dans sa production \u00e9ditoriale \u00e0 bon escient<\/li>\n<\/ul>\n<p><img fetchpriority=\"high\" decoding=\"async\" class=\"\" src=\"https:\/\/www.europesays.com\/fr\/wp-content\/uploads\/2025\/09\/YbpKrbnn4wEI.png\" width=\"345\" height=\"345\"\/><\/p>\n<p><strong>Une journ\u00e9e pour repartir avec des m\u00e9thodes concr\u00e8tes et un prompt adapt\u00e9 \u00e0 vos besoins.<\/strong><\/p>\n<p><strong>Tarif distanciel : 400 \u20ac\u00a0<\/strong><\/p>\n<p><strong>Tarif sp\u00e9cial dipl\u00f4m\u00e9(e)s de l\u2019ESJ Lille (distanciel) : 300 \u20ac\u00a0<\/strong><\/p>\n<p><strong>Tarif pr\u00e9sentiel : 500 \u20ac<\/strong><\/p>\n<p><strong>Tarif sp\u00e9cial dipl\u00f4m\u00e9(e)s de l\u2019ESJ Lille (pr\u00e9sentiel) : 400 \u20ac<\/strong><\/p>\n<p><a href=\"https:\/\/7ytmw.r.ah.d.sendibm5.com\/mk\/cl\/f\/sh\/1t6Af4OiGsDg0dtdGDLfBQ8yDGM9xM\/HFi6isHVGTTT\" target=\"_blank\" rel=\"noopener nofollow\" data-saferedirecturl=\"https:\/\/www.google.com\/url?q=https:\/\/7ytmw.r.ah.d.sendibm5.com\/mk\/cl\/f\/sh\/1t6Af4OiGsDg0dtdGDLfBQ8yDGM9xM\/HFi6isHVGTTT&amp;source=gmail&amp;ust=1757865218428000&amp;usg=AOvVaw1XNSO215UoI3rQIXs7SYcM\"><b>En savoir plus<\/b><\/a><\/p>\n<p>MANAGER DES M\u00c9DIAS : R\u00c9USSIR L\u2019ENTRETIEN ANNUEL (2 JOURS).<\/p>\n<ul style=\"font-weight: 400;\">\n<li><strong>Le 22 septembre 2025 \u00e0 Lille.<\/strong><\/li>\n<\/ul>\n<p>Dans un contexte o\u00f9 la gestion des talents et la motivation des collaborateurs sont des enjeux strat\u00e9giques, l\u2019entretien annuel d\u2019\u00e9valuation est un levier essentiel pour les managers.\u00a0<\/p>\n<p style=\"font-weight: 400;\"><strong>Objectifs.<\/strong><\/p>\n<ul style=\"font-weight: 400;\">\n<li>Comprendre les enjeux de l\u2019entretien annuel et son impact sur la performance<\/li>\n<li>Acqu\u00e9rir une posture manag\u00e9riale adapt\u00e9e<\/li>\n<li>Ma\u00eetriser les techniques de communication pour favoriser un dialogue constructif<\/li>\n<li>\u00c9valuer objectivement les comp\u00e9tences et fixer des objectifs pertinents<\/li>\n<li>Int\u00e9grer la dimension qualitative (QVCT, motivations, pr\u00e9vention des risques)<\/li>\n<\/ul>\n<p><a href=\"https:\/\/7ytmw.r.ah.d.sendibm5.com\/mk\/cl\/f\/sh\/1t6Af4OiGsE8LM63eZRaLgCnb5KtfQ\/El1r7NHmN3fp\" target=\"_blank\" rel=\"noopener nofollow\" data-saferedirecturl=\"https:\/\/www.google.com\/url?q=https:\/\/7ytmw.r.ah.d.sendibm5.com\/mk\/cl\/f\/sh\/1t6Af4OiGsE8LM63eZRaLgCnb5KtfQ\/El1r7NHmN3fp&amp;source=gmail&amp;ust=1757865218428000&amp;usg=AOvVaw2NQZXYD8OEvnNKXnJWXyu8\"><b>En savoir plus<\/b><\/a><\/p>\n<p>CCPI \u00c9DUQUER AUX M\u00c9DIAS ET \u00c0 L\u2019INFORMATION (10 JOURS).<\/p>\n<p style=\"font-weight: 400;\"><strong>(1 place restante)<\/strong><\/p>\n<ul style=\"font-weight: 400;\">\n<li><strong>Du 1er octobre 2025 au 30 janvier 2026.<\/strong><\/li>\n<\/ul>\n<p>\u00c0 l\u2019issue des 70 heures de formation, vous saurez concevoir des interventions en \u00e9ducation aux m\u00e9dias en respectant les contraintes et attentes de votre public, en fixant des objectifs p\u00e9dagogiques progressifs et engageants et en mobilisant des techniques d\u2019animation dynamiques et adapt\u00e9es \u00e0 votre audience.\u00a0<\/p>\n<p style=\"font-weight: 400;\"><strong>Objectifs.<\/strong><\/p>\n<ul style=\"font-weight: 400;\">\n<li>Construire avec un partenaire une action d\u2019\u00e9ducation aux m\u00e9dias et \u00e0 l\u2019information (identification des besoins des publics cibles, montage financier, faisabilit\u00e9)<\/li>\n<li>Ma\u00eetriser les fondamentaux de l\u2019information (\u00e9thique, d\u00e9ontologie, techniques journalistiques)<\/li>\n<li>Mettre en \u0153uvre une d\u00e9marche p\u00e9dagogique adapt\u00e9e en collaboration avec un bin\u00f4me<\/li>\n<li>Rep\u00e9rer dans un discours les savoirs, les faits, les croyances et les jugements pour adapter son argumentation<\/li>\n<li>Identifier les m\u00e9canismes de la d\u00e9sinformation<\/li>\n<li>Utiliser les outils qui permettent d\u2019identifier le parcours de circulation d\u2019une fausse information<\/li>\n<li>Interpr\u00e9ter les donn\u00e9es d\u2019une image<\/li>\n<li>Comprendre l\u2019\u00e9cosyst\u00e8me num\u00e9rique<\/li>\n<\/ul>\n<p><a href=\"https:\/\/7ytmw.r.ah.d.sendibm5.com\/mk\/cl\/f\/sh\/1t6Af4OiGsEag4IU2vXVVwGcyuJdNU\/x5ByKEKmb0yR\" target=\"_blank\" rel=\"noopener nofollow\" data-saferedirecturl=\"https:\/\/www.google.com\/url?q=https:\/\/7ytmw.r.ah.d.sendibm5.com\/mk\/cl\/f\/sh\/1t6Af4OiGsEag4IU2vXVVwGcyuJdNU\/x5ByKEKmb0yR&amp;source=gmail&amp;ust=1757865218428000&amp;usg=AOvVaw1uPowt6sMm6D8Flt7EhJok\"><b>En savoir plus<\/b><\/a><\/p>\n<p>DIPL\u00d4ME INTER-\u00c9TABLISSEMENTS \u00c9DUCATION AUX M\u00c9DIAS.<\/p>\n<p>Les inscriptions au Dipl\u00f4me inter-\u00e9tablissement d\u2019\u00c9ducation aux M\u00e9dias et \u00e0 l\u2019Information (EMI), port\u00e9 conjointement par l\u2019ESJ Lille et l\u2019ENS Paris-Saclay, sont ouvertes du 1\u1d49\u02b3 septembre au 1\u1d49\u02b3 d\u00e9cembre 2025 pour une rentr\u00e9e pr\u00e9vue le 26 janvier 2026.<\/p>\n<p>Pour en savoir plus sur la formation, rendez-vous le\u00a0<strong>14 octobre \u00e0 18h00<\/strong>, sur zoom, pour le webinaire de pr\u00e9sentation en vous inscrivant ici\u00a0:\u00a0<a href=\"https:\/\/7ytmw.r.ah.d.sendibm5.com\/mk\/cl\/f\/sh\/1t6Af4OiGsF30mUuRHdQgCKSMjIN5Y\/Jm3eVmE_2nm0\" target=\"_blank\" rel=\"noopener nofollow\" data-saferedirecturl=\"https:\/\/www.google.com\/url?q=https:\/\/7ytmw.r.ah.d.sendibm5.com\/mk\/cl\/f\/sh\/1t6Af4OiGsF30mUuRHdQgCKSMjIN5Y\/Jm3eVmE_2nm0&amp;source=gmail&amp;ust=1757865218428000&amp;usg=AOvVaw0dGzsPiDmZQ_yTeYfwbkCZ\">https:\/\/forms.gle\/EFLsb5teK56Ta4LL8<\/a><\/p>\n<p>Ce programme de formation approfondit les connaissances et comp\u00e9tences en \u00e9ducation aux m\u00e9dias et \u00e0 l\u2019information, destin\u00e9 aux journalistes et professionnels des m\u00e9dias ayant valid\u00e9 le CCPI. Il se compose de 104 heures de formation continue en distanciel, dispens\u00e9es par l\u2019ENS Paris-Saclay et l\u2019ESJ Lille, avec des modules couvrant l\u2019histoire des m\u00e9dias, la m\u00e9thodologie de projet, la d\u00e9fiance envers les m\u00e9dias, les r\u00e9seaux sociaux, l\u2019intelligence artificielle, et les enjeux num\u00e9riques contemporains. Il est finan\u00e7able par CPF \u00e0 hauteur de 50 % maximum de la somme. D\u2019autres financements sont possibles via OPCO, employeur ou aides \u00e0 l\u2019emploi.<\/p>\n<p style=\"font-weight: 400;\">Objectifs de la formation.<\/p>\n<ul style=\"font-weight: 400;\">\n<li>Approfondir les connaissances en histoire des m\u00e9dias et du journalisme<\/li>\n<li>Acqu\u00e9rir des m\u00e9thodes concr\u00e8tes pour concevoir et \u00e9valuer des actions de formation EMI<\/li>\n<li>Comprendre les m\u00e9canismes de la d\u00e9fiance envers les m\u00e9dias<\/li>\n<li>Ma\u00eetriser les codes des r\u00e9seaux sociaux et produire des vid\u00e9os p\u00e9dagogiques<\/li>\n<li>Explorer les usages des IA dans le journalisme et l\u2019EMI<\/li>\n<li>Comprendre les logiques \u00e9conomiques de la formation EMI<\/li>\n<li>Apprendre \u00e0 utiliser la p\u00e9dagogie active pour transmettre des savoirs<\/li>\n<\/ul>\n<p><a href=\"https:\/\/7ytmw.r.ah.d.sendibm5.com\/mk\/cl\/f\/sh\/1t6Af4OiGsFVLUhKpdjLqSOHkYH6nc\/tXlCQ66ko-Ct\" target=\"_blank\" rel=\"noopener nofollow\" data-saferedirecturl=\"https:\/\/www.google.com\/url?q=https:\/\/7ytmw.r.ah.d.sendibm5.com\/mk\/cl\/f\/sh\/1t6Af4OiGsFVLUhKpdjLqSOHkYH6nc\/tXlCQ66ko-Ct&amp;source=gmail&amp;ust=1757865218428000&amp;usg=AOvVaw2mZ0qzgH56DdQPUw6O_qUJ\"><b>En savoir plus<\/b><\/a><\/p>\n<p><a href=\"https:\/\/7ytmw.r.ah.d.sendibm5.com\/mk\/cl\/f\/sh\/1t6Af4OiGsFxgCtlDzpH0iS78NFqVg\/on19z-iTBgSA\" target=\"_blank\" rel=\"noopener nofollow\" data-saferedirecturl=\"https:\/\/www.google.com\/url?q=https:\/\/7ytmw.r.ah.d.sendibm5.com\/mk\/cl\/f\/sh\/1t6Af4OiGsFxgCtlDzpH0iS78NFqVg\/on19z-iTBgSA&amp;source=gmail&amp;ust=1757865218428000&amp;usg=AOvVaw0Uvqq0W0DPHFRtjyAAV-Iy\"><b>S\u2019inscrire<\/b><\/a><\/p>\n<p>D\u00c9COUVREZ LES ATELIERS TH\u00c9MA\u2019.<\/p>\n<p>Des formations sous forme d\u2019ateliers gratuits, en pr\u00e9sentiel ou distanciel pour explorer et mieux comprendre les grands enjeux de demain.<\/p>\n<p>L\u2019ESJ Lille, fid\u00e8le au journalisme de faits et de fond, vous offre l\u2019opportunit\u00e9 de participer aux prochains\u00a0<strong>Ateliers Th\u00e9ma\u2019<\/strong>, en partenariat avec\u00a0<strong>Focus 2030<\/strong>, pour vous former sur des th\u00e9matiques complexes mais incontournables.<\/p>\n<p><a href=\"https:\/\/7ytmw.r.ah.d.sendibm5.com\/mk\/cl\/f\/sh\/1t6Af4OiGsGQ0v6BcLvCAyVwWCEaDk\/JEs_q2ulFopn\" target=\"_blank\" rel=\"noopener nofollow\" data-saferedirecturl=\"https:\/\/www.google.com\/url?q=https:\/\/7ytmw.r.ah.d.sendibm5.com\/mk\/cl\/f\/sh\/1t6Af4OiGsGQ0v6BcLvCAyVwWCEaDk\/JEs_q2ulFopn&amp;source=gmail&amp;ust=1757865218428000&amp;usg=AOvVaw3qpkfqmggSKWw4LVgzTVdC\"><b>Consulter les prochaines dates<\/b><\/a><\/p>\n<p><a href=\"https:\/\/7ytmw.r.ah.d.sendibm5.com\/mk\/cl\/f\/sh\/1t6Af4OiGsHKgLV2P472VUdbHqC3ds\/u6hinVChThq3\" target=\"_blank\" rel=\"noopener nofollow\" data-saferedirecturl=\"https:\/\/www.google.com\/url?q=https:\/\/7ytmw.r.ah.d.sendibm5.com\/mk\/cl\/f\/sh\/1t6Af4OiGsHKgLV2P472VUdbHqC3ds\/u6hinVChThq3&amp;source=gmail&amp;ust=1757865218428000&amp;usg=AOvVaw0XUJO-bkySeHqWWjE5QpRy\"><b>Consulter le catalogue ESJ Lille<\/b><\/a><\/p>\n","protected":false},"excerpt":{"rendered":"L\u2019intelligence artificielle (IA) est devenue un enjeu dont il faut se saisir dans nos m\u00e9tiers. UTILISER L\u2019IA AU&hellip;\n","protected":false},"author":2,"featured_media":391480,"comment_status":"","ping_status":"","sticky":false,"template":"","format":"standard","meta":{"footnotes":""},"categories":[2815],"tags":[1111,11,1777,674,1011,27,811,1307,12,25],"class_list":{"0":"post-391479","1":"post","2":"type-post","3":"status-publish","4":"format-standard","5":"has-post-thumbnail","7":"category-lille","8":"tag-actu","9":"tag-actualites","10":"tag-eu","11":"tag-europe","12":"tag-fr","13":"tag-france","14":"tag-hauts-de-france","15":"tag-lille","16":"tag-news","17":"tag-republique-francaise"},"share_on_mastodon":{"url":"https:\/\/pubeurope.com\/@fr\/115205721606872195","error":""},"_links":{"self":[{"href":"https:\/\/www.europesays.com\/fr\/wp-json\/wp\/v2\/posts\/391479","targetHints":{"allow":["GET"]}}],"collection":[{"href":"https:\/\/www.europesays.com\/fr\/wp-json\/wp\/v2\/posts"}],"about":[{"href":"https:\/\/www.europesays.com\/fr\/wp-json\/wp\/v2\/types\/post"}],"author":[{"embeddable":true,"href":"https:\/\/www.europesays.com\/fr\/wp-json\/wp\/v2\/users\/2"}],"replies":[{"embeddable":true,"href":"https:\/\/www.europesays.com\/fr\/wp-json\/wp\/v2\/comments?post=391479"}],"version-history":[{"count":0,"href":"https:\/\/www.europesays.com\/fr\/wp-json\/wp\/v2\/posts\/391479\/revisions"}],"wp:featuredmedia":[{"embeddable":true,"href":"https:\/\/www.europesays.com\/fr\/wp-json\/wp\/v2\/media\/391480"}],"wp:attachment":[{"href":"https:\/\/www.europesays.com\/fr\/wp-json\/wp\/v2\/media?parent=391479"}],"wp:term":[{"taxonomy":"category","embeddable":true,"href":"https:\/\/www.europesays.com\/fr\/wp-json\/wp\/v2\/categories?post=391479"},{"taxonomy":"post_tag","embeddable":true,"href":"https:\/\/www.europesays.com\/fr\/wp-json\/wp\/v2\/tags?post=391479"}],"curies":[{"name":"wp","href":"https:\/\/api.w.org\/{rel}","templated":true}]}}