{"id":391481,"date":"2025-09-15T01:29:14","date_gmt":"2025-09-15T01:29:14","guid":{"rendered":"https:\/\/www.europesays.com\/fr\/391481\/"},"modified":"2025-09-15T01:29:14","modified_gmt":"2025-09-15T01:29:14","slug":"lado-arme-libere-et-il-sera-juge-a-marseille","status":"publish","type":"post","link":"https:\/\/www.europesays.com\/fr\/391481\/","title":{"rendered":"l\u2019ado arm\u00e9 lib\u00e9r\u00e9 et il sera jug\u00e9 \u00e0 Marseille"},"content":{"rendered":"<p>Libre jusqu\u2019\u00e0 son passage en justice \u00e0 Marseille pour r\u00e9pondre de ses actes dans le cadre d\u2019une composition p\u00e9nale.<\/p>\n<p>Le gar\u00e7on de 15 ans, arr\u00eat\u00e9 par la police le 12\u00a0septembre, dans le quartier des Amandiers est donc reparti. <\/p>\n<p>Le mineur s\u2019est fait prendre avec un pistolet automatique et des munitions. <\/p>\n<p>Lors de son audition, il explique qu\u2019il est venu dans ce quartier sensible de la ville pour <a href=\"https:\/\/www.ledauphine.com\/faits-divers-justice\/2025\/09\/13\/un-marseillais-15-ans-arme-se-dit-soldat-des-amandiers\" target=\"_blank\" rel=\"noopener\">jouer les\u00a0\u2018\u2018soldats\u2019\u2019<\/a> pour le compte d\u2019un r\u00e9seau de trafiquants de drogue.<\/p>\n","protected":false},"excerpt":{"rendered":"Libre jusqu\u2019\u00e0 son passage en justice \u00e0 Marseille pour r\u00e9pondre de ses actes dans le cadre d\u2019une composition&hellip;\n","protected":false},"author":2,"featured_media":391482,"comment_status":"","ping_status":"","sticky":false,"template":"","format":"standard","meta":{"footnotes":""},"categories":[2814],"tags":[1111,11,23542,33427,271,272,3859,1777,674,274,1011,27,884,12,882,25,4520],"class_list":{"0":"post-391481","1":"post","2":"type-post","3":"status-publish","4":"format-standard","5":"has-post-thumbnail","7":"category-marseille","8":"tag-actu","9":"tag-actualites","10":"tag-carpentras","11":"tag-carpentras-bassin","12":"tag-crime","13":"tag-delit-et-contravention","14":"tag-edition-provencale","15":"tag-eu","16":"tag-europe","17":"tag-faits-divers-justice","18":"tag-fr","19":"tag-france","20":"tag-marseille","21":"tag-news","22":"tag-provence-alpes-cote-dazur","23":"tag-republique-francaise","24":"tag-vaucluse"},"share_on_mastodon":{"url":"https:\/\/pubeurope.com\/@fr\/115205725444714437","error":""},"_links":{"self":[{"href":"https:\/\/www.europesays.com\/fr\/wp-json\/wp\/v2\/posts\/391481","targetHints":{"allow":["GET"]}}],"collection":[{"href":"https:\/\/www.europesays.com\/fr\/wp-json\/wp\/v2\/posts"}],"about":[{"href":"https:\/\/www.europesays.com\/fr\/wp-json\/wp\/v2\/types\/post"}],"author":[{"embeddable":true,"href":"https:\/\/www.europesays.com\/fr\/wp-json\/wp\/v2\/users\/2"}],"replies":[{"embeddable":true,"href":"https:\/\/www.europesays.com\/fr\/wp-json\/wp\/v2\/comments?post=391481"}],"version-history":[{"count":0,"href":"https:\/\/www.europesays.com\/fr\/wp-json\/wp\/v2\/posts\/391481\/revisions"}],"wp:featuredmedia":[{"embeddable":true,"href":"https:\/\/www.europesays.com\/fr\/wp-json\/wp\/v2\/media\/391482"}],"wp:attachment":[{"href":"https:\/\/www.europesays.com\/fr\/wp-json\/wp\/v2\/media?parent=391481"}],"wp:term":[{"taxonomy":"category","embeddable":true,"href":"https:\/\/www.europesays.com\/fr\/wp-json\/wp\/v2\/categories?post=391481"},{"taxonomy":"post_tag","embeddable":true,"href":"https:\/\/www.europesays.com\/fr\/wp-json\/wp\/v2\/tags?post=391481"}],"curies":[{"name":"wp","href":"https:\/\/api.w.org\/{rel}","templated":true}]}}