{"id":391485,"date":"2025-09-15T01:31:14","date_gmt":"2025-09-15T01:31:14","guid":{"rendered":"https:\/\/www.europesays.com\/fr\/391485\/"},"modified":"2025-09-15T01:31:14","modified_gmt":"2025-09-15T01:31:14","slug":"cetait-un-acte-damour-de-sa-part","status":"publish","type":"post","link":"https:\/\/www.europesays.com\/fr\/391485\/","title":{"rendered":"C\u2019\u00e9tait un acte d\u2019amour de sa part"},"content":{"rendered":"<p lang=\"FR-FR\">L\u2019affaire remonte au 5 f\u00e9vrier 2022, \u00e0 Ruy Montceau (Is\u00e8re). Ce jour-l\u00e0, les gendarmes interviennent au domicile de Paulette G., 95 ans, et d\u00e9couvrent son corps sans vie, assise dans son fauteuil. Son fils, Alain C., est sur place et avoue avoir tir\u00e9 trois balles dans le c\u0153ur de sa m\u00e8re, avec son arme de tireur sportif. Un geste qu&rsquo;il qualifie d&rsquo;acte d&rsquo;amour, motiv\u00e9 par la d\u00e9tresse de sa m\u00e8re et son d\u00e9sir de ne plus vivre.<\/p>\n<p lang=\"FR-FR\">Alain C. vivait seul avec sa m\u00e8re depuis le d\u00e9c\u00e8s de son p\u00e8re en 1995. Une relation ultra fusionnelle presque \u00ab\u00a0incestueuse\u00a0\u00bb selon les experts. Il avait d\u00e9vou\u00e9 sa vie \u00e0 Paulette G., renon\u00e7ant m\u00eame \u00e0 fonder une famille. La sant\u00e9 d\u00e9clinante de sa m\u00e8re, notamment depuis un infarctus en 2017 et une fracture du f\u00e9mur en 2021, l&rsquo;avait plong\u00e9 dans un \u00e9tat d\u00e9pressif s\u00e9v\u00e8re. Sans aide \u00e0 domicile, il portait seul le poids de la prise en charge quotidienne de sa m\u00e8re, devenue incontinente et tr\u00e8s affaiblie.<\/p>\n<p lang=\"FR-FR\">Le jour du drame, apr\u00e8s une \u00e9ni\u00e8me discussion o\u00f9 Paulette G. lui r\u00e9p\u00e8te son d\u00e9sir de mourir, il d\u00e9cide de \u00ab\u00a0l&rsquo;aider\u00a0\u00bb. Il tente d&rsquo;abord de la surdoser avec des anxiolytiques et des antid\u00e9presseurs, puis, face \u00e0 l&rsquo;\u00e9chec, essaie de l&rsquo;\u00e9touffer, sans y parvenir, le geste \u00e9tant \u00ab\u00a0trop dur\u00a0\u00bb. Finalement, il prend une de ses armes et lui tire 3 balles dans le c\u0153ur. Le projet initial d&rsquo;Alain C. \u00e9tait de mourir apr\u00e8s sa m\u00e8re, mais celle-ci lui fit promettre de vivre. Il a tenu sa promesse.\u00a0<\/p>\n<p lang=\"FR-FR\">Alain C. attend les gendarmes, il est incarc\u00e9r\u00e9. \u00ab\u00a0Sa m\u00e8re, c\u2019est ce qu\u2019il avait de plus cher au monde, et c\u2019est lui qui est l\u2019auteur de \u00e7a\u00a0\u00bb, explique Me\u00a0Boh\u00e9. Alain C. restera plus d&rsquo;un an en d\u00e9tention provisoire, un d\u00e9tenu mod\u00e8le, compatissant au malheur que sa m\u00e8re et lui-m\u00eame ont v\u00e9cu.<\/p>\n<p>La question de la fin de vie<\/p>\n<p lang=\"FR-FR\">Pour ma\u00eetre Laurent Boh\u00e9, ce dossier est une premi\u00e8re. \u00ab\u00a0C\u2019est le premier meurtre sur ascendant que j\u2019ai eu\u00a0\u00bb, confie l&rsquo;avocat, qui d\u00e9fend habituellement les forces de l&rsquo;ordre. Ce sont d\u2019ailleurs ses \u00ab\u00a0clients habituels\u00a0\u00bb qui l\u2019ont orient\u00e9 vers cette affaire. Cette singularit\u00e9 l&rsquo;a profond\u00e9ment interrog\u00e9 sur la question de la fin de vie.\u00a0\u00ab\u00a0G\u00e9n\u00e9ralement, j\u2019essaie de ne pas \u00eatre un avocat militant, j\u2019essaie de rester \u00e0 ma place, si j\u2019ai des id\u00e9es, je les garde pour moi, mais j\u2019essaie aussi de voir ce que dans mon travail, peut faire avancer la soci\u00e9t\u00e9 et ou la loi\u00a0\u00bb, explique-t-il.\u00a0<\/p>\n<p lang=\"FR-FR\">La loi sur la fin de vie, actuellement en discussion en France, ne pr\u00e9voit pas de cas comme celui de Paulette G. : une personne \u00e2g\u00e9e qui, sans pathologie terminale, souhaite mourir par \u00e9puisement et pour ne plus \u00eatre une charge. \u00ab\u00a0On est dans un cas qui n\u2019est pas encore pr\u00e9vu. On est sur le cas d\u2019une personne \u00e2g\u00e9e qui n\u2019a pas v\u00e9ritablement une pathologie dont l\u2019issue est fatale, donc qui peut vivre si elle est aid\u00e9e, mais une personne qui ne souhaite plus vivre parce qu\u2019elle en a marre d\u2019\u00eatre une charge pour les autres, particuli\u00e8rement pour son fils. Elle ne veut pas se voir se d\u00e9grader comme elle se d\u00e9grade\u00a0\u00bb, souligne Me Boh\u00e9.<\/p>\n<p lang=\"FR-FR\">Pour l&rsquo;avocat, c&rsquo;est un\u00a0\u00ab\u00a0trou dans la raquette\u00a0\u00bb l\u00e9gislative.\u00a0<\/p>\n<p lang=\"FR-FR\">L&rsquo;objectif du p\u00e9nalis\u00e9 lyonnais sera de provoquer une r\u00e9flexion profonde lors du proc\u00e8s. \u00ab\u00a0Je n\u2019imagine pas que cet homme-l\u00e0 soit condamn\u00e9. Mais c\u2019est compliqu\u00e9 parce que cet homme a donn\u00e9 la mort \u00e0 quelqu\u2019un qui souhaitait la mort. Ce n\u2019est ni contest\u00e9, ni contestable. C\u2019\u00e9tait un acte d\u2019amour de sa part. Que vont faire les magistrats et les jur\u00e9s face \u00e0 \u00e7a. \u00c7a va \u00eatre la vraie question.\u00a0\u00bb<\/p>\n<p lang=\"FR-FR\">L&rsquo;avocat compte s&rsquo;appuyer sur le t\u00e9moignage des proches d&rsquo;Alain C., qui d\u00e9crivent tous un homme d\u00e9vou\u00e9 \u00e0 sa m\u00e8re, agissant sur sa demande. \u00ab\u00a0Il n\u2019a rien \u00e0 cacher, il va se livrer je pense que ce sera assez magique en termes d\u2019audience\u00a0\u00bb, pr\u00e9dit-il. Il fera \u00e9galement intervenir des experts sur la question de la fin de vie, pour \u00e9clairer le d\u00e9bat.\u00a0<\/p>\n<p lang=\"FR-FR\">Laurent Boh\u00e9, inspir\u00e9 par son pr\u00e9d\u00e9cesseur Ma\u00eetre Jean-Loup Cacheux qui avait fait \u00e9voluer la loi sur le pourvoi en cassation des personnes en fuite, esp\u00e8re que ce proc\u00e8s sera une nouvelle occasion de faire progresser le droit. \u00ab\u00a0Dans ce dossier, je me suis dit il y a un vrai probl\u00e8me car on est dans une situation que la loi ne pr\u00e9voit pas v\u00e9ritablement. Donc c\u2019est une situation qui va nous amener \u00e0 prendre une d\u00e9cision, soit en tordant un peu la loi, en lui faisant dire autre chose soit en \u00e9tant plus radical. C\u2019est ce vers quoi je vais aller, je vais demander une d\u00e9cision radicale pour amener \u00e0 une r\u00e9flexion afin de faire changer la loi.\u00a0\u00bb<\/p>\n<p lang=\"FR-FR\">Malgr\u00e9 la gravit\u00e9 des faits, l&rsquo;absence d&rsquo;adversit\u00e9 dans ce dossier le marque particuli\u00e8rement. \u00ab\u00a0L\u00e0 pour le coup, tout le monde peut y aller de mani\u00e8re lib\u00e9r\u00e9e et \u00e7a, \u00e7a peut \u00eatre vraiment quelque chose de diff\u00e9rent qui nous sort des combats du quotidien,\u00a0\u00bb conclut Ma\u00eetre Boh\u00e9, convaincu que ce proc\u00e8s, dont la date n&rsquo;est pas encore fix\u00e9e, sera un moment fort pour la justice et la soci\u00e9t\u00e9.<\/p>\n<p lang=\"FR-FR\">Une audience o\u00f9 il faudra se battre pour Alain C., qui lui,\u00a0\u00ab\u00a0assumera tout peu importe la d\u00e9cision, s\u2019il doit retourner en prison il y retournera sans rien dire.\u00a0\u00bb<\/p>\n","protected":false},"excerpt":{"rendered":"L\u2019affaire remonte au 5 f\u00e9vrier 2022, \u00e0 Ruy Montceau (Is\u00e8re). Ce jour-l\u00e0, les gendarmes interviennent au domicile de&hellip;\n","protected":false},"author":2,"featured_media":391486,"comment_status":"","ping_status":"","sticky":false,"template":"","format":"standard","meta":{"footnotes":""},"categories":[1889],"tags":[1111,11,2813,2190,2430,1109,251,1112,2811,1777,674,118,1011,27,1922,1110,1114,2428,2810,12,241,316,25,2812,517,800],"class_list":{"0":"post-391485","1":"post","2":"type-post","3":"status-publish","4":"format-standard","5":"has-post-thumbnail","7":"category-lyon","8":"tag-actu","9":"tag-actualites","10":"tag-article","11":"tag-asvel","12":"tag-auvergne-rhone-alpes","13":"tag-breves","14":"tag-culture","15":"tag-depeches","16":"tag-economique","17":"tag-eu","18":"tag-europe","19":"tag-faits-divers","20":"tag-fr","21":"tag-france","22":"tag-info","23":"tag-informations","24":"tag-infos","25":"tag-lyon","26":"tag-lyonmag","27":"tag-news","28":"tag-ol","29":"tag-politique","30":"tag-republique-francaise","31":"tag-sociale","32":"tag-sport","33":"tag-transports"},"share_on_mastodon":{"url":"https:\/\/pubeurope.com\/@fr\/115205733303975124","error":""},"_links":{"self":[{"href":"https:\/\/www.europesays.com\/fr\/wp-json\/wp\/v2\/posts\/391485","targetHints":{"allow":["GET"]}}],"collection":[{"href":"https:\/\/www.europesays.com\/fr\/wp-json\/wp\/v2\/posts"}],"about":[{"href":"https:\/\/www.europesays.com\/fr\/wp-json\/wp\/v2\/types\/post"}],"author":[{"embeddable":true,"href":"https:\/\/www.europesays.com\/fr\/wp-json\/wp\/v2\/users\/2"}],"replies":[{"embeddable":true,"href":"https:\/\/www.europesays.com\/fr\/wp-json\/wp\/v2\/comments?post=391485"}],"version-history":[{"count":0,"href":"https:\/\/www.europesays.com\/fr\/wp-json\/wp\/v2\/posts\/391485\/revisions"}],"wp:featuredmedia":[{"embeddable":true,"href":"https:\/\/www.europesays.com\/fr\/wp-json\/wp\/v2\/media\/391486"}],"wp:attachment":[{"href":"https:\/\/www.europesays.com\/fr\/wp-json\/wp\/v2\/media?parent=391485"}],"wp:term":[{"taxonomy":"category","embeddable":true,"href":"https:\/\/www.europesays.com\/fr\/wp-json\/wp\/v2\/categories?post=391485"},{"taxonomy":"post_tag","embeddable":true,"href":"https:\/\/www.europesays.com\/fr\/wp-json\/wp\/v2\/tags?post=391485"}],"curies":[{"name":"wp","href":"https:\/\/api.w.org\/{rel}","templated":true}]}}