{"id":391488,"date":"2025-09-15T01:34:12","date_gmt":"2025-09-15T01:34:12","guid":{"rendered":"https:\/\/www.europesays.com\/fr\/391488\/"},"modified":"2025-09-15T01:34:12","modified_gmt":"2025-09-15T01:34:12","slug":"quelles-perturbations-prevoir-pour-la-ratp-et-la-sncf-cette-semaine-41","status":"publish","type":"post","link":"https:\/\/www.europesays.com\/fr\/391488\/","title":{"rendered":"Quelles perturbations pr\u00e9voir pour la RATP et la SNCF cette semaine ?"},"content":{"rendered":"<p class=\"mb-4 text-lg md:leading-8 break-words\"><strong>TRANSPORTS &#8211; Du lundi 15 au dimanche 21 septembre, plusieurs changements seront \u00e0 prendre en compte sur les lignes parisiennes et franciliennes<\/strong><\/p>\n<p class=\"mb-4 text-lg md:leading-8 break-words\">Une nouvelle semaine commence et plusieurs changements devront \u00eatre appr\u00e9hend\u00e9s avant d\u2019emprunter les lignes de transport <a href=\"https:\/\/www.20minutes.fr\/dossier\/sncf?at_medium=RSS%20feed&amp;at_campaign=ynews&amp;utm_source=yahoo&amp;utm_medium=rss&amp;utm_campaign=news_feed&amp;utm_content=in_article_link\" rel=\"nofollow noopener\" target=\"_blank\" data-ylk=\"slk:SNCF;elm:context_link;itc:0;sec:content-canvas\" class=\"link \">SNCF<\/a> et RATP. Du lundi 15 au dimanche 21 septembre, voici les principales perturbations \u00e0 prendre en compte. \u00c0 noter que le 18 septembre devrait \u00eatre marqu\u00e9 par une gr\u00e8ve massive en France selon les syndicats de la RATP-la <a href=\"https:\/\/www.20minutes.fr\/dossier\/cgt?at_medium=RSS%20feed&amp;at_campaign=ynews&amp;utm_source=yahoo&amp;utm_medium=rss&amp;utm_campaign=news_feed&amp;utm_content=in_article_link\" rel=\"nofollow noopener\" target=\"_blank\" data-ylk=\"slk:CGT;elm:context_link;itc:0;sec:content-canvas\" class=\"link \">CGT<\/a>, FO, Unsa Mobilit\u00e9 et la CFE-CGC. Attention donc \u00e0 bien anticiper vos d\u00e9placements en m\u00e9tro, RER et m\u00eame en tramway dans la capitale et sa r\u00e9gion.<\/p>\n<p>M\u00e9tro<\/p>\n<ul class=\"mb-4\">\n<li class=\"ml-4 list-disc\">\n<p class=\"mb-4 text-lg md:leading-8 break-words\">Ligne 6 : jusqu\u2019au 28 septembre, l\u2019arr\u00eat ne sera pas desservi \u00e0 Cambronne (travaux).<\/p>\n<\/li>\n<li class=\"ml-4 list-disc\">\n<p class=\"mb-4 text-lg md:leading-8 break-words\">Ligne 10 : jusqu\u2019au mardi 16 septembre, d\u00e8s 22h30, le trafic sera interrompu (travaux).<\/p>\n<\/li>\n<\/ul>\n<p>RER<\/p>\n<ul class=\"mb-4\">\n<li class=\"ml-4 list-disc\">\n<p class=\"mb-4 text-lg md:leading-8 break-words\">RER B : du lundi 15 au vendredi 19 septembre, \u00e0 partir de 22h45, le trafic sera interrompu entre Gare du Nord et A\u00e9roport Charles de Gaulle 2 \u2013 TGV via Mitry \u2013 Claye (travaux). Le dimanche 21 septembre, le trafic est interrompu entre Gare du Nord et Aulnay-sous-Bois. Des bus de remplacement directs iront \u00e0 <a href=\"https:\/\/www.20minutes.fr\/economie\/aulnay\/?at_medium=RSS%20feed&amp;at_campaign=ynews&amp;utm_source=yahoo&amp;utm_medium=rss&amp;utm_campaign=news_feed&amp;utm_content=in_article_link\" rel=\"nofollow noopener\" target=\"_blank\" data-ylk=\"slk:Aulnay-sous-Bois;elm:context_link;itc:0;sec:content-canvas\" class=\"link \">Aulnay-sous-Bois<\/a> et \u00e0 l\u2019A\u00e9roport Roissy Charles de Gaulle au d\u00e9part de Stade de France Saint-Denis ligne RER D.<\/p>\n<\/li>\n<\/ul>\n<p>Publicit\u00e9<\/p>\n<p>Publicit\u00e9<\/p>\n<p>Publicit\u00e9<\/p>\n<p>Publicit\u00e9<\/p>\n<p class=\"mb-4 text-lg md:leading-8 break-words\">RER C : samedi 20 septembre, le trafic sera interrompu entre Gare d\u2019Austerlitz et Dourdan la For\u00eat d\u00e8s 23h55. Des bus de remplacement seront mis en place. Dimanche 21 septembre, le trafic est interrompu entre Dourdan et Paris Austerlitz d\u00e8s 23h45. Jusqu\u2019au 30 septembre, le trafic sera interrompu de Javel \u00e0 St-Quentin en Yvelines \u00e0 partir de 23h30 en cause de travaux, sauf les samedis et dimanches. (&#8230;)<\/p>\n<p class=\"mb-4 text-lg md:leading-8 break-words\"><a href=\"https:\/\/www.20minutes.fr\/paris\/4173000-20250915-paris-ile-france-perturbations-prevoir-ratp-sncf-semaine?at_medium=RSS%20feed&amp;at_campaign=ynews&amp;utm_source=yahoo&amp;utm_medium=rss&amp;utm_campaign=news_feed&amp;utm_content=read_more_link&quot;\" rel=\"nofollow noopener\" target=\"_blank\" data-ylk=\"slk:Lire la suite sur 20minutes;elm:context_link;itc:0;sec:content-canvas\" class=\"link \">Lire la suite sur 20minutes<\/a><\/p>\n<p>\u00c0 lire aussi :<br \/><a href=\"https:\/\/www.20minutes.fr\/societe\/4172703-20250912-sncf-trafic-tres-perturbe-entre-paris-lyon-apres-vol-cables?at_medium=RSS%20feed&amp;at_campaign=ynews&amp;utm_source=yahoo&amp;utm_medium=rss&amp;utm_campaign=news_feed&amp;utm_content=related_content_link\" rel=\"nofollow noopener\" target=\"_blank\" data-ylk=\"slk:SNCF : Le trafic tr\u00e8s perturb\u00e9 entre Paris et Lyon apr\u00e8s un vol de c\u00e2bles;elm:context_link;itc:0;sec:content-canvas\" class=\"link \">SNCF : Le trafic tr\u00e8s perturb\u00e9 entre Paris et Lyon apr\u00e8s un vol de c\u00e2bles<\/a><br \/><a href=\"https:\/\/www.20minutes.fr\/faits_divers\/faits-divers-lyon\/4172669-20250912-lyon-ter-percute-personne-trafic-perturbe-ligne-vers-grenoble?at_medium=RSS%20feed&amp;at_campaign=ynews&amp;utm_source=yahoo&amp;utm_medium=rss&amp;utm_campaign=news_feed&amp;utm_content=related_content_link\" rel=\"nofollow noopener\" target=\"_blank\" data-ylk=\"slk:Lyon : Un TER percute une personne, le trafic perturb\u00e9 sur la ligne vers Grenoble;elm:context_link;itc:0;sec:content-canvas\" class=\"link \">Lyon : Un TER percute une personne, le trafic perturb\u00e9 sur la ligne vers Grenoble<\/a><\/p>\n","protected":false},"excerpt":{"rendered":"TRANSPORTS &#8211; Du lundi 15 au dimanche 21 septembre, plusieurs changements seront \u00e0 prendre en compte sur les&hellip;\n","protected":false},"author":2,"featured_media":391489,"comment_status":"","ping_status":"","sticky":false,"template":"","format":"standard","meta":{"footnotes":""},"categories":[1592],"tags":[1111,11,4191,1777,674,1011,27,14904,662,12,626,25,2215,25157],"class_list":{"0":"post-391488","1":"post","2":"type-post","3":"status-publish","4":"format-standard","5":"has-post-thumbnail","7":"category-ile-de-france","8":"tag-actu","9":"tag-actualites","10":"tag-aeroport-charles-de-gaulle","11":"tag-eu","12":"tag-europe","13":"tag-fr","14":"tag-france","15":"tag-gare-du-nord","16":"tag-ile-de-france","17":"tag-news","18":"tag-paris","19":"tag-republique-francaise","20":"tag-sncf","21":"tag-st-quentin-en-yvelines"},"share_on_mastodon":{"url":"https:\/\/pubeurope.com\/@fr\/115205745145127749","error":""},"_links":{"self":[{"href":"https:\/\/www.europesays.com\/fr\/wp-json\/wp\/v2\/posts\/391488","targetHints":{"allow":["GET"]}}],"collection":[{"href":"https:\/\/www.europesays.com\/fr\/wp-json\/wp\/v2\/posts"}],"about":[{"href":"https:\/\/www.europesays.com\/fr\/wp-json\/wp\/v2\/types\/post"}],"author":[{"embeddable":true,"href":"https:\/\/www.europesays.com\/fr\/wp-json\/wp\/v2\/users\/2"}],"replies":[{"embeddable":true,"href":"https:\/\/www.europesays.com\/fr\/wp-json\/wp\/v2\/comments?post=391488"}],"version-history":[{"count":0,"href":"https:\/\/www.europesays.com\/fr\/wp-json\/wp\/v2\/posts\/391488\/revisions"}],"wp:featuredmedia":[{"embeddable":true,"href":"https:\/\/www.europesays.com\/fr\/wp-json\/wp\/v2\/media\/391489"}],"wp:attachment":[{"href":"https:\/\/www.europesays.com\/fr\/wp-json\/wp\/v2\/media?parent=391488"}],"wp:term":[{"taxonomy":"category","embeddable":true,"href":"https:\/\/www.europesays.com\/fr\/wp-json\/wp\/v2\/categories?post=391488"},{"taxonomy":"post_tag","embeddable":true,"href":"https:\/\/www.europesays.com\/fr\/wp-json\/wp\/v2\/tags?post=391488"}],"curies":[{"name":"wp","href":"https:\/\/api.w.org\/{rel}","templated":true}]}}