{"id":391494,"date":"2025-09-15T01:37:25","date_gmt":"2025-09-15T01:37:25","guid":{"rendered":"https:\/\/www.europesays.com\/fr\/391494\/"},"modified":"2025-09-15T01:37:25","modified_gmt":"2025-09-15T01:37:25","slug":"paris-devient-elle-enfin-dog-friendly-lexperimentation-inedite-du-parc-monceau-paris-select","status":"publish","type":"post","link":"https:\/\/www.europesays.com\/fr\/391494\/","title":{"rendered":"Paris devient-elle enfin Dog Friendly ? L\u2019exp\u00e9rimentation in\u00e9dite du parc Monceau \u2013 Paris Select"},"content":{"rendered":"<p>                                        <img fetchpriority=\"high\" width=\"829\" height=\"466\" src=\"https:\/\/www.europesays.com\/fr\/wp-content\/uploads\/2025\/09\/spitz-libre--829x466.jpg\" class=\"attachment-single-desktop size-single-desktop wp-post-image\" alt=\"\"   decoding=\"async\"\/>                                    <\/p>\n<p><strong>Depuis septembre 2025, les chiens peuvent courir sans laisse au parc Monceau de 7h \u00e0 9h.<\/strong> Une initiative in\u00e9dite \u00e0 Paris, qui marque un tournant dans la prise en compte du bien-\u00eatre canin.<\/p>\n<p>Des pelouses ouvertes aux chiens<\/p>\n<p><img loading=\"lazy\" decoding=\"async\" width=\"955\" height=\"537\" src=\"https:\/\/www.europesays.com\/fr\/wp-content\/uploads\/2025\/09\/caniche_9_506680104-edited.jpg\" alt=\"\" class=\"wp-image-187543\"  \/><\/p>\n<p>Jusqu\u2019ici, les chiens devaient rester en laisse et se contenter de rares zones. Entrer sur une pelouse exposait leurs ma\u00eetres \u00e0 une amende de 135 euros. Pour la premi\u00e8re fois, une tol\u00e9rance encadr\u00e9e leur permet de gambader librement, cr\u00e9er du lien et se d\u00e9penser. Apr\u00e8s une premi\u00e8re phase test au printemps, l\u2019exp\u00e9rimentation a \u00e9t\u00e9 reconduite de septembre \u00e0 mi-octobre, juste avant la fermeture annuelle des pelouses pour repos v\u00e9g\u00e9tal.<\/p>\n<p>Le r\u00f4le cl\u00e9 du Monceau Dog Club<\/p>\n<p>\u00c0 l\u2019origine du projet, le <strong>Monceau Dog Club<\/strong>, collectif citoyen fort de plus de 1 000 membres et 4 000 abonn\u00e9s sur Instagram. N\u00e9 en 2024, ce groupe milite pour plus d\u2019espaces et de libert\u00e9s pour les chiens. Son fondateur Vincent rappelle : \u00ab Les chiens, comme leurs propri\u00e9taires, ont besoin de sociabiliser et de se d\u00e9penser pour leur bien-\u00eatre. \u00bb<\/p>\n<p>Le club d\u00e9fend des valeurs fortes : inclusion, respect de la nature, s\u00e9curit\u00e9, propret\u00e9, et surtout un vrai vivre-ensemble au c\u0153ur du parc.<\/p>\n<p>Pourquoi c\u2019est important<\/p>\n<p>Paris compte plus de 100 000 chiens. Pourtant, elle reste loin derri\u00e8re d\u2019autres villes europ\u00e9ennes en mati\u00e8re de politique \u201cdog friendly\u201d. L\u2019exp\u00e9rimentation du parc Monceau est donc un laboratoire, d\u00e9j\u00e0 observ\u00e9 par d\u2019autres mairies et associations en France. Elle r\u00e9pond \u00e0 une demande sociale grandissante, notamment chez les jeunes g\u00e9n\u00e9rations qui voient souvent leurs chiens comme de vrais membres de la famille.<\/p>\n<p>Au-del\u00e0 du bien-\u00eatre animal, c\u2019est aussi une question de sant\u00e9 publique. Les \u00e9tudes montrent que les chiens aident \u00e0 r\u00e9duire le stress, l\u2019anxi\u00e9t\u00e9, l\u2019isolement. Ils cr\u00e9ent du lien social, rassemblent et apportent une \u00e9nergie positive.<\/p>\n<p>Infos pratiques<\/p>\n<ul class=\"wp-block-list\">\n<li><strong>Lieu<\/strong> : Parc Monceau, 8\u1d49 arrondissement de Paris<\/li>\n<li><strong>Horaires d\u2019acc\u00e8s sans laisse<\/strong> : tous les jours de <strong>7h \u00e0 9h<\/strong>, jusqu\u2019\u00e0 mi-octobre 2025<\/li>\n<li><strong>Conditions<\/strong> : uniquement sur les pelouses ; respect du r\u00e8glement (s\u00e9curit\u00e9, propret\u00e9, convivialit\u00e9)<\/li>\n<li><strong>Suivre le projet<\/strong> : <a href=\"https:\/\/www.instagram.com\/monceau.dog.club\/?hl=fr\" target=\"_blank\" rel=\"noreferrer noopener nofollow\">@monceau.dog.club<\/a> sur Instagram<\/li>\n<\/ul>\n<p>Vous aimerez aussi l\u2019article : <a href=\"https:\/\/www.parisselectbook.com\/2025\/08\/22\/nos-spots-pet-friendly-a-paris-des-adresses-elegantes-ou-votre-chien-est-le-bienvenu\/\" rel=\"nofollow noopener\" target=\"_blank\">Les adresses parisiennes Dog Friendly <\/a><\/p>\n<p>                            <script async src=\"\/\/www.instagram.com\/embed.js\"><\/script><\/p>\n","protected":false},"excerpt":{"rendered":"Depuis septembre 2025, les chiens peuvent courir sans laisse au parc Monceau de 7h \u00e0 9h. Une initiative&hellip;\n","protected":false},"author":2,"featured_media":391495,"comment_status":"","ping_status":"","sticky":false,"template":"","format":"standard","meta":{"footnotes":""},"categories":[1888],"tags":[11,1777,674,1011,27,12,626,25],"class_list":{"0":"post-391494","1":"post","2":"type-post","3":"status-publish","4":"format-standard","5":"has-post-thumbnail","7":"category-paris","8":"tag-actualites","9":"tag-eu","10":"tag-europe","11":"tag-fr","12":"tag-france","13":"tag-news","14":"tag-paris","15":"tag-republique-francaise"},"share_on_mastodon":{"url":"https:\/\/pubeurope.com\/@fr\/115205757607573434","error":""},"_links":{"self":[{"href":"https:\/\/www.europesays.com\/fr\/wp-json\/wp\/v2\/posts\/391494","targetHints":{"allow":["GET"]}}],"collection":[{"href":"https:\/\/www.europesays.com\/fr\/wp-json\/wp\/v2\/posts"}],"about":[{"href":"https:\/\/www.europesays.com\/fr\/wp-json\/wp\/v2\/types\/post"}],"author":[{"embeddable":true,"href":"https:\/\/www.europesays.com\/fr\/wp-json\/wp\/v2\/users\/2"}],"replies":[{"embeddable":true,"href":"https:\/\/www.europesays.com\/fr\/wp-json\/wp\/v2\/comments?post=391494"}],"version-history":[{"count":0,"href":"https:\/\/www.europesays.com\/fr\/wp-json\/wp\/v2\/posts\/391494\/revisions"}],"wp:featuredmedia":[{"embeddable":true,"href":"https:\/\/www.europesays.com\/fr\/wp-json\/wp\/v2\/media\/391495"}],"wp:attachment":[{"href":"https:\/\/www.europesays.com\/fr\/wp-json\/wp\/v2\/media?parent=391494"}],"wp:term":[{"taxonomy":"category","embeddable":true,"href":"https:\/\/www.europesays.com\/fr\/wp-json\/wp\/v2\/categories?post=391494"},{"taxonomy":"post_tag","embeddable":true,"href":"https:\/\/www.europesays.com\/fr\/wp-json\/wp\/v2\/tags?post=391494"}],"curies":[{"name":"wp","href":"https:\/\/api.w.org\/{rel}","templated":true}]}}