{"id":391520,"date":"2025-09-15T01:54:09","date_gmt":"2025-09-15T01:54:09","guid":{"rendered":"https:\/\/www.europesays.com\/fr\/391520\/"},"modified":"2025-09-15T01:54:09","modified_gmt":"2025-09-15T01:54:09","slug":"premier-week-end-de-course-du-v4-yamaha-a-misano-2","status":"publish","type":"post","link":"https:\/\/www.europesays.com\/fr\/391520\/","title":{"rendered":"Premier week-end de course du V4 Yamaha \u00e0 Misano"},"content":{"rendered":"<p class=\"mb-4 text-lg md:leading-8 break-words\"><strong>Yamaha<\/strong> a finalement <strong>d\u00e9voil\u00e9<\/strong>, dans son hospitalit\u00e9 <strong>sur le circuit de Misano<\/strong>, sa nouvelle moto <strong>\u00e9quip\u00e9e du V4<\/strong>. \u00c9v\u00e9nement <strong>tr\u00e8s attendu<\/strong> dans le monde de la <strong>MotoGP<\/strong>, ce fameux V4 a fait ses premiers pas grandeur nature, <a href=\"https:\/\/www.sportauto.fr\/motogp\/motogp-grand-prix-saint-marin-misano-2025-programme-horaires-tv-week-end-438614.html\" rel=\"nofollow noopener\" target=\"_blank\" data-ylk=\"slk:lors du Grand Prix de Saint-Marin;elm:context_link;itc:0;sec:content-canvas\" class=\"link \">lors du <strong>Grand Prix de Saint-Marin<\/strong><\/a> ce week-end\u2026<\/p>\n<p>V4 Yamaha : la nouveaut\u00e9 tr\u00e8s attendue<\/p>\n<p class=\"mb-4 text-lg md:leading-8 break-words\">Yamaha avait fort \u00e0 faire ce week-end, sur le circuit de Misano. Une <strong>nouvelle moto<\/strong> dot\u00e9e d&rsquo;un <strong>V4 1000cm3<\/strong>, pilot\u00e9e par le pilote test <strong>Augusto Fernandez<\/strong>, pour laquelle il fallait<strong> r\u00e9colter un maximum d&rsquo;informations<\/strong>. <strong>Takahiro Sumi<\/strong>, directeur g\u00e9n\u00e9ral de la division du d\u00e9veloppement des sports m\u00e9caniques chez Yamaha, a parl\u00e9 d&rsquo;un \u201c<strong>projet ambitieux<\/strong>\u201d, pr\u00e9cisant qu&rsquo;un \u201ctel d\u00e9fi apporte son <strong>lot d&rsquo;enjeux et de pression<\/strong>, c&rsquo;est le genre de projet qui ne peut \u00eatre r\u00e9ussi que lorsqu&rsquo;il ne s&rsquo;agit pas que d&rsquo;un &lsquo;travail d&rsquo;\u00e9quipe&rsquo;, mais d&rsquo;un &lsquo;<strong>travail d&rsquo;entreprise<\/strong>&lsquo;, et toutes les personnes impliqu\u00e9es ont d\u00fb <strong>donner 100%<\/strong>\u00ab\u00a0.<\/p>\n<p class=\"mb-4 text-lg md:leading-8 break-words\">Des <strong>essais<\/strong> ont lieu <strong>depuis avril<\/strong>, avec principalement au guidon de cette nouvelle moto les <strong>pilotes d&rsquo;essais<\/strong> de la marque: <strong>Augusto Fernandez<\/strong> et <strong>Andrea Dovizioso<\/strong>. Mais en d\u00e9but de semaine, les <strong>pilotes titulaires<\/strong> ont pu se faire une <strong>premi\u00e8re id\u00e9e<\/strong> de leur future monture \u00e0 Barcelone. Ainsi, <strong><a href=\"https:\/\/www.sportauto.fr\/motogp\/quartararo-pedale-dans-le-vide-au-gp-dautriche-437090.html\" rel=\"nofollow noopener\" target=\"_blank\" data-ylk=\"slk:Fabio Quartararo;elm:context_link;itc:0;sec:content-canvas\" class=\"link \">Fabio Quartararo<\/a>,&#8230;<a href=\"https:\/\/www.sportauto.fr\/motogp\/motogp-le-premier-week-end-de-course-du-v4-yamaha-a-misano-438808.html\" rel=\"nofollow noopener\" target=\"_blank\" data-ylk=\"slk:Lire la suite sur Sport Auto;elm:context_link;itc:0;sec:content-canvas\" class=\"link \">Lire la suite sur Sport Auto<\/a><\/strong><\/p>\n","protected":false},"excerpt":{"rendered":"Yamaha a finalement d\u00e9voil\u00e9, dans son hospitalit\u00e9 sur le circuit de Misano, sa nouvelle moto \u00e9quip\u00e9e du V4.&hellip;\n","protected":false},"author":2,"featured_media":391521,"comment_status":"","ping_status":"","sticky":false,"template":"","format":"standard","meta":{"footnotes":""},"categories":[1413],"tags":[31240,52363,52364,1680,1011,27,52069,1457,1456,60,52365,4921],"class_list":{"0":"post-391520","1":"post","2":"type-post","3":"status-publish","4":"format-standard","5":"has-post-thumbnail","7":"category-moto","8":"tag-andrea-dovizioso","9":"tag-augusto-fernandez","10":"tag-circuit-de-misano","11":"tag-fabio-quartararo","12":"tag-fr","13":"tag-france","14":"tag-grand-prix-de-saint-marin","15":"tag-moto","16":"tag-motocycle","17":"tag-sports","18":"tag-takahiro-sumi","19":"tag-yamaha"},"share_on_mastodon":{"url":"https:\/\/pubeurope.com\/@fr\/115205823763481716","error":""},"_links":{"self":[{"href":"https:\/\/www.europesays.com\/fr\/wp-json\/wp\/v2\/posts\/391520","targetHints":{"allow":["GET"]}}],"collection":[{"href":"https:\/\/www.europesays.com\/fr\/wp-json\/wp\/v2\/posts"}],"about":[{"href":"https:\/\/www.europesays.com\/fr\/wp-json\/wp\/v2\/types\/post"}],"author":[{"embeddable":true,"href":"https:\/\/www.europesays.com\/fr\/wp-json\/wp\/v2\/users\/2"}],"replies":[{"embeddable":true,"href":"https:\/\/www.europesays.com\/fr\/wp-json\/wp\/v2\/comments?post=391520"}],"version-history":[{"count":0,"href":"https:\/\/www.europesays.com\/fr\/wp-json\/wp\/v2\/posts\/391520\/revisions"}],"wp:featuredmedia":[{"embeddable":true,"href":"https:\/\/www.europesays.com\/fr\/wp-json\/wp\/v2\/media\/391521"}],"wp:attachment":[{"href":"https:\/\/www.europesays.com\/fr\/wp-json\/wp\/v2\/media?parent=391520"}],"wp:term":[{"taxonomy":"category","embeddable":true,"href":"https:\/\/www.europesays.com\/fr\/wp-json\/wp\/v2\/categories?post=391520"},{"taxonomy":"post_tag","embeddable":true,"href":"https:\/\/www.europesays.com\/fr\/wp-json\/wp\/v2\/tags?post=391520"}],"curies":[{"name":"wp","href":"https:\/\/api.w.org\/{rel}","templated":true}]}}