{"id":391522,"date":"2025-09-15T01:55:10","date_gmt":"2025-09-15T01:55:10","guid":{"rendered":"https:\/\/www.europesays.com\/fr\/391522\/"},"modified":"2025-09-15T01:55:10","modified_gmt":"2025-09-15T01:55:10","slug":"mercato-psg-luis-enrique-dit-non-a-bradley-barcola","status":"publish","type":"post","link":"https:\/\/www.europesays.com\/fr\/391522\/","title":{"rendered":"Mercato &#8211; PSG : Luis Enrique dit non \u00e0 Bradley Barcola !"},"content":{"rendered":"<p>                    Arthur Montagne<br \/>\n                        &#8211;<\/p>\n<p>Journaliste<\/p>\n<p>Affam\u00e9 de sport, il a grandi au son des moteurs de Formule 1 et des exploits de Ronaldinho. Aujourd\u2019hui, diplom\u00e9 d&rsquo;un Master de journalisme de sport, il ne rate plus un Grand Prix de F1 ni un match du PSG, ses deux passions et sp\u00e9cialit\u00e9s<\/p>\n<p class=\"heading\">Recrut\u00e9 en 2023 pour environ 50M\u20ac, Bradley Barcola est un joueur tr\u00e8s appr\u00e9ci\u00e9 par Luis Enrique qui avait r\u00e9clam\u00e9 son transfert. Par cons\u00e9quent, il n\u2019est pas surprenant d\u2019apprendre que l\u2019entra\u00eeneur du PSG s\u2019est fermement oppos\u00e9 au d\u00e9part de l\u2019ailier fran\u00e7ais cet \u00e9t\u00e9 alors que plusieurs grands clubs europ\u00e9ens ont \u00e9t\u00e9 de le recruter durant le pr\u00e9c\u00e9dent mercato.<\/p>\n<p>Un peu moins en vue apr\u00e8s le recrutement de <strong>Khvicha Kvaratskhelia<\/strong> et l&rsquo;\u00e9closion de <strong>D\u00e9sir\u00e9 Dou\u00e9<\/strong>, <strong>Bradley Barcola<\/strong> a suscit\u00e9 l&rsquo;int\u00e9r\u00eat de plusieurs grands clubs europ\u00e9ens. A commencer par le Bayern Munich qui a avait fait sa priorit\u00e9 avant de recruter <strong>Luis Diaz<\/strong>. <strong>Liverpool <\/strong>s&rsquo;est \u00e9galement manifest\u00e9 en fin de mercato. Mais comme l&rsquo;explique le journaliste de RMC <strong>Fabrice Hawkins<\/strong>, <strong>Luis Enrique<\/strong> n&rsquo;a pas voulu entendre parler du d\u00e9part d&rsquo;un joueur dont il avait r\u00e9clam\u00e9 le transfert au <strong>PSG<\/strong>.<\/p>\n<p>                                            Luis Enrique refuse le d\u00e9part de Barcola<\/p>\n<p>\u00ab Des discussions vont commencer. Comme pour tous les joueurs \u00e0 qui il reste trois ans de contrat et qui ont d\u00e9j\u00e0 fait deux ans au club, il y a une possibilit\u00e9 de prolonger. En tout cas, il y a un contrat qui va lui \u00eatre propos\u00e9, comme c&rsquo;\u00e9tait le cas pour Vitinha, Hakimi et Nuno Mendes la saison pass\u00e9e. Maintenant, ce contrat-l\u00e0 n&rsquo;est pas sign\u00e9 \u00bb, pr\u00e9vient-il au micro de l&rsquo;After Paris, le podcast de RMC, avant de rappeler que <strong>Luis Enrique<\/strong> s&rsquo;est oppos\u00e9 au d\u00e9part de son ailier.<\/p>\n<p>                                            \u00abLe PSG a frein\u00e9 des quatre fers\u00bb<\/p>\n<p>\u00ab Plusieurs clubs voulaient Barcola cet \u00e9t\u00e9 : Liverpool, le Bayern Munich et Manchester City aussi s&rsquo;est renseign\u00e9. Le PSG a frein\u00e9 des quatre fers, l&rsquo;a retenu en lui assurant qu&rsquo;il faisait partie du projet et qu&rsquo;il \u00e9tait important. Donc en fonction de ce qu&rsquo;il va se passer dans les prochains mois, je pense que cela va donner des indications sur la prolongation ou non de Bradley Barcola. Mais c&rsquo;est vrai que l&rsquo;objectif absolu du PSG et de le prolonger parce qu&rsquo;ils savent qu&rsquo;ils ont un joueur qui a un profil diff\u00e9rent \u00bb, ajoute <strong>Fabrice Hawkins<\/strong>.<\/p>\n","protected":false},"excerpt":{"rendered":"Arthur Montagne &#8211; Journaliste Affam\u00e9 de sport, il a grandi au son des moteurs de Formule 1 et&hellip;\n","protected":false},"author":2,"featured_media":391523,"comment_status":"","ping_status":"","sticky":false,"template":"","format":"standard","meta":{"footnotes":""},"categories":[1412],"tags":[1451,1452,1453,1454,1455,1011,27,60],"class_list":{"0":"post-391522","1":"post","2":"type-post","3":"status-publish","4":"format-standard","5":"has-post-thumbnail","7":"category-f1","8":"tag-f1","9":"tag-formula-1","10":"tag-formula1","11":"tag-formule-1","12":"tag-formule1","13":"tag-fr","14":"tag-france","15":"tag-sports"},"share_on_mastodon":{"url":"https:\/\/pubeurope.com\/@fr\/115205827739315184","error":""},"_links":{"self":[{"href":"https:\/\/www.europesays.com\/fr\/wp-json\/wp\/v2\/posts\/391522","targetHints":{"allow":["GET"]}}],"collection":[{"href":"https:\/\/www.europesays.com\/fr\/wp-json\/wp\/v2\/posts"}],"about":[{"href":"https:\/\/www.europesays.com\/fr\/wp-json\/wp\/v2\/types\/post"}],"author":[{"embeddable":true,"href":"https:\/\/www.europesays.com\/fr\/wp-json\/wp\/v2\/users\/2"}],"replies":[{"embeddable":true,"href":"https:\/\/www.europesays.com\/fr\/wp-json\/wp\/v2\/comments?post=391522"}],"version-history":[{"count":0,"href":"https:\/\/www.europesays.com\/fr\/wp-json\/wp\/v2\/posts\/391522\/revisions"}],"wp:featuredmedia":[{"embeddable":true,"href":"https:\/\/www.europesays.com\/fr\/wp-json\/wp\/v2\/media\/391523"}],"wp:attachment":[{"href":"https:\/\/www.europesays.com\/fr\/wp-json\/wp\/v2\/media?parent=391522"}],"wp:term":[{"taxonomy":"category","embeddable":true,"href":"https:\/\/www.europesays.com\/fr\/wp-json\/wp\/v2\/categories?post=391522"},{"taxonomy":"post_tag","embeddable":true,"href":"https:\/\/www.europesays.com\/fr\/wp-json\/wp\/v2\/tags?post=391522"}],"curies":[{"name":"wp","href":"https:\/\/api.w.org\/{rel}","templated":true}]}}