{"id":391549,"date":"2025-09-15T02:10:12","date_gmt":"2025-09-15T02:10:12","guid":{"rendered":"https:\/\/www.europesays.com\/fr\/391549\/"},"modified":"2025-09-15T02:10:12","modified_gmt":"2025-09-15T02:10:12","slug":"olivier-faure-appelle-a-faire-flotter-le-drapeau-palestinien-sur-les-mairies-le-22-septembre","status":"publish","type":"post","link":"https:\/\/www.europesays.com\/fr\/391549\/","title":{"rendered":"Olivier Faure appelle \u00e0 faire flotter le drapeau palestinien sur les mairies le 22 septembre"},"content":{"rendered":"<p>\u00abLe 22 septembre, quand la France reconna\u00eetra enfin l\u2019\u00c9tat palestinien, faisons flotter le drapeau palestinien sur nos mairies\u00bb, a \u00e9crit le patron du PS sur le r\u00e9seau social X.<\/p>\n<p class=\"fig-paragraph\">Le premier secr\u00e9taire du Parti socialiste\u00a0<a href=\"http:\/\/www.lefigaro.fr\/politique\/vote-de-confiance-emmanuel-macron-recoit-les-chefs-du-camp-gouvernemental-pour-sortir-de-l-impasse-20250902\" target=\"_blank\" data-fig-type=\"NewsFlash\" rel=\"noopener nofollow\" data-gtm-custom-categorie=\"navigation\" data-gtm-custom-action=\"crossclick\" data-gtm-custom-label=\"Contextuel\" data-gtm-event=\"customEventSPE\" data-fig-domain=\"LEFIGARO\">Olivier Faure<\/a>\u00a0a appel\u00e9 dimanche \u00e0 afficher le drapeau palestinien sur les mairies le 22 septembre prochain,\u00a0<a href=\"http:\/\/www.lefigaro.fr\/international\/reconnaissance-de-la-palestine-nouvelle-crise-diplomatique-entre-emmanuel-macron-et-benyamin-netanyahou-20250820\" target=\"_blank\" data-fig-type=\"Article\" rel=\"noopener nofollow\" data-gtm-custom-categorie=\"navigation\" data-gtm-custom-action=\"crossclick\" data-gtm-custom-label=\"Contextuel\" data-gtm-event=\"customEventSPE\" data-fig-domain=\"LEFIGARO\">jour de la reconnaissance pr\u00e9vue par la France de l&rsquo;\u00c9tat palestinien<\/a>. \u00abLe 22 septembre, quand la France reconna\u00eetra enfin l&rsquo;\u00c9tat palestinien, faisons flotter le drapeau palestinien sur nos mairies\u00bb, a \u00e9crit le patron du PS sur le r\u00e9seau social X, au-dessus d&rsquo;un article relatant les manifestations propalestiniennes qui, en Espagne,\u00a0<a href=\"http:\/\/www.lefigaro.fr\/sports\/cyclisme\/tour-d-espagne-les-coureurs-se-stoppent-a-cause-des-manifestations-propalestiniennes-20250914\" target=\"_blank\" data-fig-type=\"NewsFlash\" rel=\"noopener nofollow\" data-gtm-custom-categorie=\"navigation\" data-gtm-custom-action=\"crossclick\" data-gtm-custom-label=\"Contextuel\" data-gtm-event=\"customEventSPE\" data-fig-domain=\"LEFIGARO\">ont fortement perturb\u00e9 le d\u00e9roulement de l&rsquo;\u00e9preuve cycliste de la Vuelta<\/a>.<\/p>\n<p class=\"fig-paragraph\">Le pr\u00e9sident Emmanuel Macron se rend \u00e0 New York, en d\u00e9but de semaine prochaine, pour participer \u00e0 une conf\u00e9rence copr\u00e9sid\u00e9e par Paris et Ryad, au cours de laquelle il a promis d&rsquo;annoncer la reconnaissance par la France de l&rsquo;\u00c9tat palestinien.<\/p>\n<p>                                    <a class=\"fig-a11y-skip a11y-hidden\" href=\"#fig-a11y-skip-main-inarticle\"><br \/>\n        Passer la publicit\u00e9<br \/>\n    <\/a><\/p>\n<p>Jour de Rosh Hachana<\/p>\n<p class=\"fig-paragraph\">R\u00e9pondant \u00e0 l&rsquo;interpellation d&rsquo;un internaute qui lui faisait remarquer sur X que la date du 22 septembre correspondait aussi cette ann\u00e9e \u00e0 Rosh Hachana, le Nouvel an juif, Olivier Faure a \u00e9galement \u00e9crit: \u00abTant que vous penserez que vous ne pouvez f\u00eater le nouvel an juif et l&rsquo;an 1 d&rsquo;un \u00c9tat palestinien, vous ne s\u00e8merez que la haine, le d\u00e9sespoir et la mort\u00bb.<\/p>\n<p class=\"fig-paragraph\">Le pr\u00e9sident du Conseil repr\u00e9sentatif des institutions juives de France (Crif) Yonathan Arfi a r\u00e9agi sur X aux propos d&rsquo;Olivier Faure. \u00abJe n&rsquo;ai pas souvenir que vous ayez demand\u00e9 aux mairies d&rsquo;afficher les portraits des otages retenus \u00e0 Gaza. Ni les drapeaux du Sud Soudan ou du Kosovo quand la France les a reconnus\u00bb, a-t-il d\u00e9clar\u00e9. \u00abLa France a besoin d&rsquo;apaisement, pas de surench\u00e8re d\u00e9magogique et client\u00e9liste\u00bb, a-t-il ajout\u00e9.<\/p>\n","protected":false},"excerpt":{"rendered":"\u00abLe 22 septembre, quand la France reconna\u00eetra enfin l\u2019\u00c9tat palestinien, faisons flotter le drapeau palestinien sur nos mairies\u00bb,&hellip;\n","protected":false},"author":2,"featured_media":391550,"comment_status":"","ping_status":"","sticky":false,"template":"","format":"standard","meta":{"footnotes":""},"categories":[4],"tags":[11,12159,1011,27,12,4393,3518,25],"class_list":{"0":"post-391549","1":"post","2":"type-post","3":"status-publish","4":"format-standard","5":"has-post-thumbnail","7":"category-france","8":"tag-actualites","9":"tag-drapeau","10":"tag-fr","11":"tag-france","12":"tag-news","13":"tag-olivier-faure","14":"tag-palestine","15":"tag-republique-francaise"},"share_on_mastodon":{"url":"https:\/\/pubeurope.com\/@fr\/115205886709224522","error":""},"_links":{"self":[{"href":"https:\/\/www.europesays.com\/fr\/wp-json\/wp\/v2\/posts\/391549","targetHints":{"allow":["GET"]}}],"collection":[{"href":"https:\/\/www.europesays.com\/fr\/wp-json\/wp\/v2\/posts"}],"about":[{"href":"https:\/\/www.europesays.com\/fr\/wp-json\/wp\/v2\/types\/post"}],"author":[{"embeddable":true,"href":"https:\/\/www.europesays.com\/fr\/wp-json\/wp\/v2\/users\/2"}],"replies":[{"embeddable":true,"href":"https:\/\/www.europesays.com\/fr\/wp-json\/wp\/v2\/comments?post=391549"}],"version-history":[{"count":0,"href":"https:\/\/www.europesays.com\/fr\/wp-json\/wp\/v2\/posts\/391549\/revisions"}],"wp:featuredmedia":[{"embeddable":true,"href":"https:\/\/www.europesays.com\/fr\/wp-json\/wp\/v2\/media\/391550"}],"wp:attachment":[{"href":"https:\/\/www.europesays.com\/fr\/wp-json\/wp\/v2\/media?parent=391549"}],"wp:term":[{"taxonomy":"category","embeddable":true,"href":"https:\/\/www.europesays.com\/fr\/wp-json\/wp\/v2\/categories?post=391549"},{"taxonomy":"post_tag","embeddable":true,"href":"https:\/\/www.europesays.com\/fr\/wp-json\/wp\/v2\/tags?post=391549"}],"curies":[{"name":"wp","href":"https:\/\/api.w.org\/{rel}","templated":true}]}}