{"id":391565,"date":"2025-09-15T02:32:58","date_gmt":"2025-09-15T02:32:58","guid":{"rendered":"https:\/\/www.europesays.com\/fr\/391565\/"},"modified":"2025-09-15T02:32:58","modified_gmt":"2025-09-15T02:32:58","slug":"a-strasbourg-la-carte-gratuite-atout-voir-fait-sa-rentree","status":"publish","type":"post","link":"https:\/\/www.europesays.com\/fr\/391565\/","title":{"rendered":"\u00e0 Strasbourg, la carte gratuite \u00ab Atout Voir \u00bb fait sa rentr\u00e9e !"},"content":{"rendered":"<p>    <img loading=\"lazy\" width=\"1800\" height=\"900\" src=\"https:\/\/www.europesays.com\/fr\/wp-content\/uploads\/2025\/08\/jeanne-callthepolice.jpg\" class=\"attachment-full size-full\" alt=\"\" id=\"imageLove\" decoding=\"async\"  \/><\/p>\n<p id=\"breadcrumbs\"><a href=\"https:\/\/pokaa.fr\/\" rel=\"nofollow noopener\" target=\"_blank\">Accueil<\/a> \/ <a href=\"https:\/\/pokaa.fr\/categories\/bienvenue-a-strasbourg\/\" rel=\"nofollow noopener\" target=\"_blank\">GUIDE \u00c9TUDIANT 2025 \ud83d\ude0e<\/a> \/ Cin\u00e9 ou concerts pour max 6\u20ac : \u00e0 Strasbourg, la carte gratuite \u00ab Atout Voir \u00bb fait sa rentr\u00e9e !<\/p>\n<p>                    GUIDE \u00c9TUDIANT 2025 \ud83d\ude0e<\/p>\n<p>\t\t\t\t<a href=\"https:\/\/pokaa.fr\/author\/fannys\/\" title=\"Fanny Soriano\" class=\"author-avatar\" rel=\"nofollow noopener\" target=\"_blank\"><img loading=\"lazy\" alt=\"\" src=\"https:\/\/www.europesays.com\/fr\/wp-content\/uploads\/2025\/09\/308423108-399308198871979-6227271049868858657-n.jpg\"  class=\"avatar avatar-96 photo avatar-default\" height=\"96\" width=\"96\" decoding=\"async\"\/><\/a><\/p>\n<p>\t\t\t\tpar<\/p>\n<p>\t\t\t\t<a href=\"https:\/\/pokaa.fr\/author\/fannys\/\" title=\"Fanny Soriano\" rel=\"author nofollow noopener\" class=\"author-name\" target=\"_blank\">Fanny Soriano <\/a><\/p>\n<p>publi\u00e9 le 12 Sep 2025 \u00e0 16 h 45 min x Mis \u00e0 jour le 14 Sep 2025 \u00e0 19 h 33 min<\/p>\n<p><b>\u00ab J\u2019ai 31 ans, je m\u2019adresse aux 11-25 ans, et je r\u00e9gale avec des places de th\u00e9\u00e2tre et de cin\u00e9 \u00e0 petits prix, et des mus\u00e9es gratuits\u2026 Je suis, je suis ?! \u00bb La carte Atout Voir, \u00e9videmment ! Le s\u00e9same de ta vie culturelle strasbourgeoise. En plus : elle est gratuite. Tu veux savoir <\/b><b>si<\/b><b> et <\/b><b>comment<\/b><b> tu peux l\u2019avoir\u00a0? D\u00e9roule l\u2019article, on te dit \u00e7a vite.<\/b><\/p>\n<p>Elle a beau avoir 31 ans, elle reste fra\u00eeche\u00a0: <b>depuis 1994, la carte Atout Voir rend la culture accessible, en proposant des tarifs pr\u00e9f\u00e9rentiels aux jeunes de 11 \u00e0 25 ans non \u00e9tudiant(e)s, habitant(e)s ou scolaris\u00e9(e)s dans l\u2019Eurom\u00e9tropole de Strasbourg<\/b>. Un bon plan qui se transmet de g\u00e9n\u00e9ration en g\u00e9n\u00e9ration.<\/p>\n<p>Port\u00e9 par l\u2019Eurom\u00e9tropole de Strasbourg et la DRAC Grand Est (Direction r\u00e9gionale des affaires culturelles), ce dispositif te permet de <b>profiter d\u2019activit\u00e9s culturelles \u00e0 des tarifs pr\u00e9f\u00e9rentiels<\/b> aupr\u00e8s de <b>52 structures partenaires<\/b>\u00a0! Un vrai bon plan.<\/p>\n<p>    <img width=\"452\" height=\"600\" src=\"https:\/\/www.europesays.com\/fr\/wp-content\/uploads\/2025\/09\/pxl-20250909-13423752521-452x600.jpg\" class=\"attachment-image-size-M size-image-size-M\" alt=\"atout voir\" decoding=\"async\" loading=\"lazy\"  \/>         Des reliques, avec la carte Atout Voir \u00e9ditions 2005\/06, 2006\/07 et 2013\/14. \u00a9 Fanny Soriano \/ Pokaa <\/p>\n<p>\u00ab\u00a0Y ai-je droit\u00a0?\u00a0\u00bb<\/p>\n<p>Comme on te l\u2019\u00e9crivait plus haut\u00a0: si tu as <b>entre 11 et 25 ans<\/b>, que <b>tu r\u00e9sides ou que tu es scolaris\u00e9(e) dans l\u2019Eurom\u00e9tropole de Strasbourg<\/b>, oui ! La carte Atout Voir s\u2019adresse <b>aux jeunes salari\u00e9(e)s, demandeurs\/ses d\u2019emploi, lyc\u00e9en(ne)s et coll\u00e9gien(ne)s<\/b>.<\/p>\n<p>Mais aussi\u00a0: aux <b>\u00e9tudiant(e)s <\/b><strong>d\u2019\u00e9tablissements non conventionn\u00e9s Carte Culture, \u00e2g\u00e9(e)s de moins de 26 ans<\/strong>. Pour les autres, c\u2019est la Carte Culture, elle aussi gratuite.<\/p>\n<p>                <a href=\"https:\/\/pokaa.fr\/2025\/09\/07\/bon-plan-etudiant-a-strasbourg-la-carte-culture-fait-sa-rentree-avec-3-evenements-gratuits\/\" rel=\"nofollow noopener\" target=\"_blank\"><br \/>\n                    <img width=\"405\" height=\"270\" src=\"https:\/\/www.europesays.com\/fr\/wp-content\/uploads\/2025\/08\/ok190926-guinguette_culturelle_070_web.jpg\" class=\"attachment-card-horizontal--same-subject size-card-horizontal--same-subject wp-post-image\" alt=\"\" decoding=\"async\" loading=\"lazy\"  \/>                <\/a><\/p>\n<p>    <img width=\"800\" height=\"533\" src=\"https:\/\/www.europesays.com\/fr\/wp-content\/uploads\/2025\/07\/france-strasbourg-espace-django-wr-91-sur-140-800x533.jpg\" class=\"attachment-image-size-L size-image-size-L\" alt=\"Espace Django 2025, sc\u00e8ne, concert, salle, ambiance, lumi\u00e8res, r\u00e9gis, foules, techniciens, chansigne\" decoding=\"async\" loading=\"lazy\"  \/>         L&rsquo;Espace Django (partenaire de la carte Atout Voir). \u00a9 Wilfried Rion \/ Pokaa <\/p>\n<p>\u00ab\u00a0Comment me la procurer\u00a0?\u00a0<\/p>\n<p>D\u00e9j\u00e0, bonne nouvelle\u00a0: elle est d\u00e9sormais <strong>gratuite\u00a0<\/strong>!<\/p>\n<p>Alors <strong>rendez-vous, d\u00e8s \u00e0 pr\u00e9sent<\/strong> et jusqu\u2019\u00e0 la fin de l\u2019ann\u00e9e scolaire en cours (31 ao\u00fbt 2026), <strong>dans l\u2019un des points de diffusion<\/strong> (plus d\u2019une soixantaine dans l\u2019Eurom\u00e9tropole). Y en a forc\u00e9ment un pr\u00e8s de chez toi : n\u2019attends pas.<\/p>\n<p>    <img width=\"450\" height=\"600\" src=\"https:\/\/www.europesays.com\/fr\/wp-content\/uploads\/2025\/09\/img-8853-450x600.jpeg\" class=\"attachment-image-size-M size-image-size-M\" alt=\"5e lieu mus\u00e9e cinqui\u00e8me lieu\" decoding=\"async\" loading=\"lazy\"  \/>         Le 5e Lieu, lieu de retrait de la carte Atout Voir et point d&rsquo;informations. \u00a9 Anthony Jilli \/ Pokaa  <\/p>\n<p><strong>Il te suffira d\u2019apporter\u00a0: <\/strong>une photo d\u2019identit\u00e9, une pi\u00e8ce d\u2019identit\u00e9 et tes justificatifs (un certificat de scolarit\u00e9 ou un contrat de travail et une attestation de domicile en fonction de ta situation).<\/p>\n<p>Tu pr\u00e9f\u00e8res <b>faire les d\u00e9marches en ligne\u00a0? <\/b>C\u2019est possible\u00a0! <b><a href=\"https:\/\/culture.strasbourg.eu\/bons-plans\/carte-atout-voir\/\" target=\"_blank\" rel=\"noopener nofollow\">Pr\u00e9pare ton dossier en ligne<\/a> <\/b>en amont, avant d\u2019aller retirer ta carte (sans oublier<strong> ta photo d\u2019identit\u00e9<\/strong><strong>).<\/strong><\/p>\n<p>    <img width=\"560\" height=\"560\" src=\"https:\/\/www.europesays.com\/fr\/wp-content\/uploads\/2025\/09\/carte-atout-voir.jpg\" class=\"attachment-image-size-M size-image-size-M\" alt=\"Carte Atout Voir\" decoding=\"async\" loading=\"lazy\"  \/>         \u00a9 Carte Atout Voir \/ Document remis <\/p>\n<p>\u00ab\u00a0Et apr\u00e8s\u00a0?\u00a0\u00bb<\/p>\n<p>Une fois ta carte Atout Voir en poche, ce sont 52 structures qui s\u2019ouvriront \u00e0 toi, pour profiter de :<\/p>\n<ul>\n<li><b>places de cinoche \u00e0 5\u20ac <\/b>sur tous les films (du dimanche 19h au vendredi 19h) dans les cin\u00e9mas Star et Star Saint-Exup\u00e9ry, Vox, Le Cosmos et UGC Cin\u00e9 Cit\u00e9.<\/li>\n<li><b>la gratuit\u00e9 de tes visites dans les <a href=\"https:\/\/www.musees.strasbourg.eu\/fr\/mus%C3%A9es\" target=\"_blank\" rel=\"noopener nofollow\">Mus\u00e9es de la Ville de Strasbourg<\/a><\/b> (collections permanentes et expositions temporaires) +\u00a0le <a href=\"https:\/\/www.chateau-vodou.com\/\" target=\"_blank\" rel=\"noopener nofollow\">Ch\u00e2teau Vodou<\/a> \u00e0 4\u20ac.<\/li>\n<li><b>des places de spectacles et concerts<\/b> <b>\u00e0 6\u20ac <\/b>(aupr\u00e8s de plusieurs salles, compagnies et festivals).<\/li>\n<\/ul>\n<p>                <img width=\"333\" height=\"500\" src=\"https:\/\/www.europesays.com\/fr\/wp-content\/uploads\/2025\/09\/1757903574_880_dsc06492.jpg\" class=\"attachment-gallery size-gallery\" alt=\"nuit vox cin\u00e9ma\" data-full-url=\"https:\/\/www.europesays.com\/fr\/wp-content\/uploads\/2025\/09\/1757903574_880_dsc06492.jpg\" decoding=\"async\" loading=\"lazy\"  \/>            <\/p>\n<p>                <img width=\"333\" height=\"500\" src=\"https:\/\/www.europesays.com\/fr\/wp-content\/uploads\/2025\/07\/cinema-odyssee.jpg\" class=\"attachment-gallery size-gallery\" alt=\"cin\u00e9ma odyss\u00e9e\" data-full-url=\"https:\/\/www.europesays.com\/fr\/wp-content\/uploads\/2025\/07\/cinema-odyssee.jpg\" decoding=\"async\" loading=\"lazy\"  \/>            <\/p>\n<p>                    1. Le Vox. \u00a9 Hugo Favre &#8211; Napoli \/ Pokaa ; 2. Le Cosmos. \u00a9 Mathilde Piaud \/ Pokaa<\/p>\n<p>    <img width=\"450\" height=\"600\" src=\"https:\/\/www.europesays.com\/fr\/wp-content\/uploads\/2025\/09\/img-3539-450x600.jpg\" class=\"attachment-image-size-M size-image-size-M\" alt=\"mus\u00e9e d\u2019art moderne\" decoding=\"async\" loading=\"lazy\"  \/>         MAMCS (Mus\u00e9e d&rsquo;art moderne et contemporain de Strasbourg). \u00a9 Coraline Lafon \/ Pokaa <\/p>\n<p><strong>Tu as besoin de plus de renseignements<\/strong> ou de te faire aiguiller dans ta saison culturelle ? Fais un crochet par <strong><a href=\"https:\/\/5elieu.strasbourg.eu\/\" target=\"_blank\" rel=\"noopener nofollow\">Le 5e Lieu<\/a>,<\/strong> place du Ch\u00e2teau ou directement sur le site web d\u00e9di\u00e9<strong> <a href=\"https:\/\/culture.strasbourg.eu\/bons-plans\/carte-atout-voir\/\" target=\"_blank\" rel=\"noopener nofollow\">en cliquant ici<\/a>.<\/strong><\/p>\n<p>Pour le reste, ton ann\u00e9e culturelle commence maintenant\u00a0: <strong>il te reste plus qu\u2019\u00e0 tout d\u00e9couvrir, et Atout Voir.<\/strong><\/p>\n","protected":false},"excerpt":{"rendered":"Accueil \/ GUIDE \u00c9TUDIANT 2025 \ud83d\ude0e \/ Cin\u00e9 ou concerts pour max 6\u20ac : \u00e0 Strasbourg, la carte&hellip;\n","protected":false},"author":2,"featured_media":386700,"comment_status":"","ping_status":"","sticky":false,"template":"","format":"standard","meta":{"footnotes":""},"categories":[2820],"tags":[1111,11,51928,1134,51929,251,1777,674,1011,27,775,326,12,25,640],"class_list":{"0":"post-391565","1":"post","2":"type-post","3":"status-publish","4":"format-standard","5":"has-post-thumbnail","7":"category-strasbourg","8":"tag-actu","9":"tag-actualites","10":"tag-atout-voir","11":"tag-bon-plan","12":"tag-carte-atout-voir","13":"tag-culture","14":"tag-eu","15":"tag-europe","16":"tag-fr","17":"tag-france","18":"tag-grand-est","19":"tag-gratuit","20":"tag-news","21":"tag-republique-francaise","22":"tag-strasbourg"},"share_on_mastodon":{"url":"https:\/\/pubeurope.com\/@fr\/115205978145364753","error":""},"_links":{"self":[{"href":"https:\/\/www.europesays.com\/fr\/wp-json\/wp\/v2\/posts\/391565","targetHints":{"allow":["GET"]}}],"collection":[{"href":"https:\/\/www.europesays.com\/fr\/wp-json\/wp\/v2\/posts"}],"about":[{"href":"https:\/\/www.europesays.com\/fr\/wp-json\/wp\/v2\/types\/post"}],"author":[{"embeddable":true,"href":"https:\/\/www.europesays.com\/fr\/wp-json\/wp\/v2\/users\/2"}],"replies":[{"embeddable":true,"href":"https:\/\/www.europesays.com\/fr\/wp-json\/wp\/v2\/comments?post=391565"}],"version-history":[{"count":0,"href":"https:\/\/www.europesays.com\/fr\/wp-json\/wp\/v2\/posts\/391565\/revisions"}],"wp:featuredmedia":[{"embeddable":true,"href":"https:\/\/www.europesays.com\/fr\/wp-json\/wp\/v2\/media\/386700"}],"wp:attachment":[{"href":"https:\/\/www.europesays.com\/fr\/wp-json\/wp\/v2\/media?parent=391565"}],"wp:term":[{"taxonomy":"category","embeddable":true,"href":"https:\/\/www.europesays.com\/fr\/wp-json\/wp\/v2\/categories?post=391565"},{"taxonomy":"post_tag","embeddable":true,"href":"https:\/\/www.europesays.com\/fr\/wp-json\/wp\/v2\/tags?post=391565"}],"curies":[{"name":"wp","href":"https:\/\/api.w.org\/{rel}","templated":true}]}}